{"id":324995,"date":"2023-05-28T10:00:15","date_gmt":"2023-05-28T08:00:15","guid":{"rendered":"https:\/\/www.luxor.cz\/blog\/nezarazene\/63764-zaslouzi-si-jejich-laska-druhou-sanci\/"},"modified":"2023-05-28T10:00:15","modified_gmt":"2023-05-28T08:00:15","slug":"63764-zaslouzi-si-jejich-laska-druhou-sanci","status":"publish","type":"post","link":"https:\/\/www.luxor.cz\/blog\/recenze\/63764-zaslouzi-si-jejich-laska-druhou-sanci\/","title":{"rendered":"Zaslou\u017e\u00ed si jejich l\u00e1ska druhou \u0161anci?"},"content":{"rendered":"<div>\n<p class=\"LO-normal\"><span lang=\"cs\">Je Silvestr. D\u011bti sp\u00ed, Adam odjel \u0159e\u0161it n\u011bjak\u00fd pr\u016f\u0161vih za sv\u00fdm bratrem a Iris se d\u00edv\u00e1 na odpo\u010d\u00edt\u00e1v\u00e1n\u00ed posledn\u00edch vte\u0159in tohoto roku v televizi. Nen\u00ed smutn\u00e1, \u017ee sed\u00ed doma, ne\u00fa\u010dastn\u00ed se \u017e\u00e1dn\u00e9 p\u00e1rty, ani nen\u00ed v pulzuj\u00edc\u00edm centru Lond\u00fdna. Tohle v\u0161echno m\u00e1 ji\u017e za sebou. Nyn\u00ed \u017eije rodinn\u00fdm \u017eivotem. M\u00e1 spokojen\u00e9 man\u017eelstv\u00ed a dv\u011b \u00fa\u017easn\u00e9 d\u011bti. Kdyby j\u00ed letos nezem\u0159ela maminka, byla by \u0161\u0165astn\u00e1. Maminka byla jej\u00ed prav\u00e1 ruka, v\u017edy j\u00ed naslouchala a se v\u0161\u00edm pom\u00e1hala. Byla to jej\u00ed sp\u0159\u00edzn\u011bn\u00e1 du\u0161e. Jej\u00ed ztr\u00e1ta ji hluboce zas\u00e1hla. Ale mus\u00ed fungovat d\u00e1l. Mus\u00ed tu b\u00fdt pro sv\u00e9 d\u011bti, man\u017eela i sv\u00e9ho tat\u00ednka.<\/span><\/p>\n<\/div>\n<div>\n<p class=\"LO-normal\"><span lang=\"cs\">Kdy\u017e odbije p\u016flnoc, Iris si je\u0161t\u011b lokne v\u00edna, vypne televizi a nap\u00ed\u0161e zpr\u00e1vu sv\u00e9mu man\u017eelovi. P\u0159ed n\u00ed se n\u011bco rozsv\u00edt\u00ed na podlaze. Pod z\u00e1plavou d\u011btsk\u00fdch hra\u010dek le\u017e\u00ed Adam\u016fv iPad. Iris za\u010dne ukl\u00edzet a iPad se znovu rozsv\u00edt\u00ed. Dal\u0161\u00ed zpr\u00e1va je od \u201cJ\u201d. To ji p\u0159im\u011bje se pod\u00edvat pozorn\u011bji. Kdo je sakra \u201cJ\u201d? Chce to vlastn\u011b v\u011bd\u011bt? Jej\u00ed podez\u00edravost, ale zv\u00edt\u011bz\u00ed a Iris rozklikne zpr\u00e1vu. Konverzace je dlouh\u00e1. Prvn\u00ed zpr\u00e1vu poslal Adam p\u0159ed p\u011bti m\u011bs\u00edci. Ten, kter\u00e9ho miluje, j\u00ed rozmetal nejen ve\u010der, ale zni\u010dil jej\u00ed d\u016fv\u011bru a zabil jejich vztah.<\/span><span style=\"font-size: 11pt;\">\u00a0<\/span><\/p>\n<\/div>\n<div>\n<p class=\"LO-normal\"><span lang=\"cs\">Co te\u010f? M\u00e1 ho vyhodit z domu? Co \u0159ekne d\u011btem? Zvl\u00e1dne ve\u0161kerou p\u00e9\u010di o n\u011b sama? A hlavn\u011b\u2026 nen\u00e1vid\u00ed ho, nebo p\u0159es to v\u0161echno ho st\u00e1le miluje? Dok\u00e1\u017ee se s jeho nev\u011brou vyrovnat a d\u00e1t mu je\u0161t\u011b dal\u0161\u00ed \u0161anci, anebo nadobro uzav\u0159e tuto kapitolu jejich \u017eivota?<\/span><span style=\"font-size: 11pt;\">\u00a0<\/span><\/p>\n<\/div>\n<div>\n<p class=\"LO-normal\"><span lang=\"cs\">Hlavou j\u00ed b\u011b\u017e\u00ed hodn\u011b ot\u00e1zek bez odpov\u011bd\u00ed. Jedin\u00e9, \u010d\u00edm si Iris je naprosto jist\u00e1, \u017ee p\u0159\u00ed\u0161t\u00ed rok chce b\u00fdt \u0161\u0165astn\u00e1. D\u00e1 tedy jejich vztahu rok. P\u0159esn\u011b za rok se rozhodne, zda s Adamem z\u016fstane.<\/span><span style=\"font-size: 11pt;\">\u00a0<\/span><\/p>\n<\/div>\n<div>\n<p class=\"LO-normal\"><span lang=\"cs\">Za\u010dnou nav\u0161t\u011bvovat man\u017eelskou poradnu a na sv\u00e9m vztahu cht\u011bj\u00ed pracovat. D\u00edky terapii se ov\u0161em na sv\u011btlo dost\u00e1vaj\u00ed v\u0161echna dosud nevy\u0159\u010den\u00e1 p\u0159\u00edko\u0159\u00ed, zklam\u00e1n\u00ed, pocity viny, a to jak rozd\u00edln\u011b jejich \u017eivot vn\u00edmaj\u00ed a \u0161patn\u011b spolu komunikuj\u00ed.<\/span><\/p>\n<\/div>\n<div>\n<p class=\"LO-normal\"><span lang=\"cs\">Jejich cesta k udr\u017een\u00ed vztahu je pro oba velmi n\u00e1ro\u010dn\u00e1. Nav\u00edc se mus\u00ed poprat s dal\u0161\u00edmi ranami osudu, kter\u00e9 jim \u017eivot nad\u011bl\u00ed. Dok\u00e1\u017eou sv\u016fj vztah udr\u017eet nebo se za rok rozlou\u010d\u00ed?\u00a0<\/span><\/p>\n<\/div>\n<div>\n<p class=\"LO-normal\"><span lang=\"cs\">Posledn\u00ed dobou mi do rukou p\u0159i\u0161lo hodn\u011b knih s t\u00e9matem man\u017eelsk\u00e9ho troj\u00faheln\u00edku. Tato byla z nich nejm\u00e9n\u011b n\u00e1padn\u00e1. Autorka byla pro m\u011b nezn\u00e1m\u00e1. O knize se moc nemluv\u00ed a na jej\u00edm p\u0159ebale nen\u00ed zlat\u00fd kruh pro ozna\u010den\u00ed bestselleru. Do knihy jsem tedy nevkl\u00e1dala p\u0159emr\u0161t\u011bn\u00e1 o\u010dek\u00e1v\u00e1n\u00ed. O to v\u00edc m\u011b opravdu mile p\u0159ekvapila. Je napsan\u00e1 velmi p\u0159\u00edjemn\u00fdm, svi\u017en\u00fdm tempem a jej\u00ed p\u0159\u00edb\u011bh je tak oby\u010dejn\u011b lidsk\u00fd\u2026 Tak uv\u011b\u0159iteln\u00fd, jako by v\u00e1m ho u sklenice v\u00edna vypr\u00e1v\u011bla va\u0161e kamar\u00e1dka. Je to p\u0159\u00edb\u011bh, kter\u00fd se m\u016f\u017ee t\u00fdkat kohokoliv z n\u00e1s. <\/span><\/p>\n<\/div>\n<div>\n<p class=\"LO-normal\"><span lang=\"cs\">\u00a0<\/span><\/p>\n<\/div>\n<div>\n<p class=\"LO-normal\"><span lang=\"cs\">Mark\u00e9ta Posp\u00ed\u0161ilov\u00e1<\/span><\/p>\n<\/div>\n<p>Autor:\u00a0Mark\u00e9ta Posp\u00ed\u0161ilov\u00e1<\/p>\n","protected":false},"excerpt":{"rendered":"<p>Kniha, kter\u00e1 na prvn\u00ed pohled zaujme \u00fa\u017easnou ob\u00e1lkou, skr\u00fdv\u00e1 p\u0159\u00edb\u011bh o man\u017eelstv\u00ed, nev\u011b\u0159e a ztr\u00e1t\u011b d\u016fv\u011bry. Uk\u00e1\u017ee n\u00e1m, pro\u010d je d\u016fle\u017eit\u00e9 spolu nejen mluvit, ale p\u0159edev\u0161\u00edm dok\u00e1zat si \u0159\u00edct o pomoc, kdy\u017e na\u0161ich sil ub\u00fdv\u00e1.<\/p>\n","protected":false},"author":2,"featured_media":324996,"comment_status":"open","ping_status":"open","sticky":false,"template":"","format":"standard","meta":{"_acf_changed":false,"_monsterinsights_skip_tracking":false,"_monsterinsights_sitenote_active":false,"_monsterinsights_sitenote_note":"","_monsterinsights_sitenote_category":0,"_EventAllDay":false,"_EventTimezone":"","_EventStartDate":"","_EventEndDate":"","_EventStartDateUTC":"","_EventEndDateUTC":"","_EventShowMap":false,"_EventShowMapLink":false,"_EventURL":"","_EventCost":"","_EventCostDescription":"","_EventCurrencySymbol":"","_EventCurrencyCode":"","_EventCurrencyPosition":"","_EventDateTimeSeparator":"","_EventTimeRangeSeparator":"","_EventOrganizerID":[],"_EventVenueID":[],"_OrganizerEmail":"","_OrganizerPhone":"","_OrganizerWebsite":"","_VenueAddress":"","_VenueCity":"","_VenueCountry":"","_VenueProvince":"","_VenueState":"","_VenueZip":"","_VenuePhone":"","_VenueURL":"","_VenueStateProvince":"","_VenueLat":"","_VenueLng":"","_VenueShowMap":false,"_VenueShowMapLink":false,"twitterCardType":"","cardImageID":0,"cardImage":"","cardTitle":"","cardDesc":"","cardImageAlt":"","cardPlayer":"","cardPlayerWidth":0,"cardPlayerHeight":0,"cardPlayerStream":"","cardPlayerCodec":"","footnotes":""},"categories":[7],"tags":[21832],"class_list":["post-324995","post","type-post","status-publish","format-standard","has-post-thumbnail","hentry","category-recenze","tag-literarni-kavarna"],"acf":{"related_products":null},"_links":{"self":[{"href":"https:\/\/www.luxor.cz\/blog\/wp-json\/wp\/v2\/posts\/324995","targetHints":{"allow":["GET"]}}],"collection":[{"href":"https:\/\/www.luxor.cz\/blog\/wp-json\/wp\/v2\/posts"}],"about":[{"href":"https:\/\/www.luxor.cz\/blog\/wp-json\/wp\/v2\/types\/post"}],"author":[{"embeddable":true,"href":"https:\/\/www.luxor.cz\/blog\/wp-json\/wp\/v2\/users\/2"}],"replies":[{"embeddable":true,"href":"https:\/\/www.luxor.cz\/blog\/wp-json\/wp\/v2\/comments?post=324995"}],"version-history":[{"count":0,"href":"https:\/\/www.luxor.cz\/blog\/wp-json\/wp\/v2\/posts\/324995\/revisions"}],"wp:featuredmedia":[{"embeddable":true,"href":"https:\/\/www.luxor.cz\/blog\/wp-json\/wp\/v2\/media\/324996"}],"wp:attachment":[{"href":"https:\/\/www.luxor.cz\/blog\/wp-json\/wp\/v2\/media?parent=324995"}],"wp:term":[{"taxonomy":"category","embeddable":true,"href":"https:\/\/www.luxor.cz\/blog\/wp-json\/wp\/v2\/categories?post=324995"},{"taxonomy":"post_tag","embeddable":true,"href":"https:\/\/www.luxor.cz\/blog\/wp-json\/wp\/v2\/tags?post=324995"}],"curies":[{"name":"wp","href":"https:\/\/api.w.org\/{rel}","templated":true}]}}