{"id":324837,"date":"2023-10-17T10:00:37","date_gmt":"2023-10-17T08:00:37","guid":{"rendered":"https:\/\/www.luxor.cz\/blog\/nezarazene\/63911-je-tohle-nas-skutecny-osud\/"},"modified":"2023-10-17T10:00:37","modified_gmt":"2023-10-17T08:00:37","slug":"63911-je-tohle-nas-skutecny-osud","status":"publish","type":"post","link":"https:\/\/www.luxor.cz\/blog\/recenze\/63911-je-tohle-nas-skutecny-osud\/","title":{"rendered":"Je tohle n\u00e1\u0161 skute\u010dn\u00fd osud?"},"content":{"rendered":"<p style=\"font-weight: 400;\">Rozproudit p\u00edsek, jako kdyby to byla voda. Dovednost, kterou se nem\u016f\u017ee nau\u010dit ka\u017ed\u00fd. Mnoho p\u00edse\u010dn\u00fdch pot\u00e1p\u011b\u010d\u016f svou v\u00fdpravu za pokladem nep\u0159e\u017eilo. Mnoho jich zahynulo v\u00a0touze objevit to, co jsme tu my po sob\u011b zanechali. Jen je to hluboko pod p\u00edskem, kter\u00fd se stal jejich nov\u00fdm domovem.<\/p>\n<p style=\"font-weight: 400;\">Nikdo nev\u00ed, pro\u010d se to stalo, ani odkud se p\u00edsek st\u00e1le bere. Koluj\u00ed legendy, pov\u011bry o m\u00edstech za zem\u00ed nikoho. \u00a0Jak by ale bylo mo\u017en\u00e9 p\u0159e\u017e\u00edt n\u011bkde jinde? V\u017edy\u0165 p\u00edsek je v\u0161ude kolem. P\u00edsek sk\u0159\u00edpe mezi zuby, neust\u00e1le ho m\u00e1te v\u00a0o\u010d\u00edch, u\u0161\u00edch, \u00fastech a dost\u00e1v\u00e1 se v\u00e1m do plic.<\/p>\n<p style=\"font-weight: 400;\">Rose kdysi m\u00edvala rodinu. M\u011bla man\u017eela a sv\u00e9 t\u0159i d\u011bti. Nikdy by si nepomyslela, \u017ee jejich \u010dtvrt\u00e9 spole\u010dn\u00e9 d\u00edt\u011b sv\u00e9ho t\u00e1tu nikdy nepozn\u00e1. Jednoho dne zmizel. Ode\u0161el a nikomu se nepoda\u0159ilo zjistit, co se s\u00a0n\u00edm stalo. Jedno bylo jist\u00e9, p\u0159e\u017e\u00edt putov\u00e1n\u00ed p\u0159es zemi nikoho, to nen\u00ed mo\u017en\u00e9. I kdy\u017e se vypr\u00e1v\u00ed, \u017ee by tam n\u011bkde daleko, mohla b\u00fdt snad i jin\u00e1 m\u011bsta. Ale co kdy\u017e v\u00e1s d\u0159\u00edv najdou kanibalov\u00e9 nebo nom\u00e1d\u0161t\u00ed jezdci? To by p\u0159ece nebylo rozumn\u00e9 riskovat.<\/p>\n<p style=\"font-weight: 400;\">V\u0161e se zm\u011bnilo, kdy\u017e se jednoho dne objevila mal\u00e1 hol\u010di\u010dka. Z\u00a0\u0161at\u016f j\u00ed zbylo jen p\u00e1r c\u00e1r\u016f. Byla tak zesl\u00e1bl\u00e1, \u017ee nedok\u00e1zala t\u00e9m\u011b\u0159 ani mluvit. Byla to Violet. P\u00e1t\u00e9 d\u00edt\u011b jejich otce. Alespo\u0148 tohle o sob\u011b tvrdila. Nejstar\u0161\u00ed z\u00a0bratr\u016f m\u011bl co d\u011blat, aby se na n\u00ed mohl jen pod\u00edvat. Nev\u011b\u0159il j\u00ed. Mluvila p\u0159\u00edzvukem seve\u0159an\u016f. Lid\u00ed, kte\u0159\u00ed se ho pokusili zab\u00edt a zabili jeho nejlep\u0161\u00edho kamar\u00e1da.<\/p>\n<p style=\"font-weight: 400;\">Palmer pat\u0159il spole\u010dn\u011b se svou sestrou Victori\u00ed k\u00a0nejlep\u0161\u00edm p\u00edse\u010dn\u00fdm pot\u00e1p\u011b\u010d\u016fm. To bylo je\u0161t\u011b v\u00a0t\u00e9 dob\u011b, kdy byla na\u017eivu. Ne\u017e uv\u011b\u0159ila sv\u00e9 nov\u00e9 sest\u0159e, \u017ee by jejich otec mohl st\u00e1le \u017e\u00edt. Vydala se na m\u00edsto, odkud jej\u00ed mal\u00e1 sest\u0159i\u010dka p\u0159i\u0161la a srovnala ho cel\u00e9 se zem\u00ed. Pou\u017eila k\u00a0tomu atomovou bombu, kterou ukradla t\u011bm, kte\u0159\u00ed cht\u011bli zlikvidovat jej\u00ed m\u011bsto, zab\u00edt jej\u00ed lidi, sousedy, kamar\u00e1dy, zn\u00e1m\u00e9. T\u011bm, co zabili jej\u00edho mil\u00e9ho.<\/p>\n<p style=\"font-weight: 400;\">Lid\u00e9 na okraji m\u011bsta v\u0161ak p\u0159e\u017eili. Bohu\u017eel p\u0159e\u017eil i ten, kter\u00fd tento pl\u00e1n vymyslel. Nyn\u00ed se vyd\u00e1v\u00e1 na dlouhou pou\u0165 p\u0159es p\u00edsek, aby se pomstil a dokon\u010dil to, co m\u011bl ud\u011blat n\u011bkdo jin\u00fd, samoz\u0159ejm\u011b na jeho vlastn\u00ed p\u0159\u00edkaz. \u010casto se \u010dlov\u011bk m\u016f\u017ee spolehnout jen s\u00e1m na sebe. V\u011b\u0159it jin\u00fdm, to se nevypl\u00e1c\u00ed. Skute\u010dn\u011b m\u00e1 na rukou krev v\u0161ech mrtv\u00fdch? Jeho dcera A\u0148a si to nemysl\u00ed. Vid\u00ed otce jako odhodlan\u00e9ho mu\u017ee, kter\u00fd se sna\u017e\u00ed pouze splnit sv\u016fj \u00fakol. Je to ten, kter\u00fd pomst\u00ed smrt jejich kamar\u00e1d\u016f, ale hlavn\u011b nejlep\u0161\u00ed kamar\u00e1dky Mell. Tak moc se j\u00ed po n\u00ed st\u00fdsk\u00e1.<\/p>\n<p style=\"font-weight: 400;\">Pokud se v\u0161ak domn\u00edv\u00e1te, \u017ee p\u016fjde a zmasakruje sv\u00e9 nep\u0159\u00e1tele, pak se m\u00fdl\u00edte.<\/p>\n<p style=\"font-weight: 400;\">V\u00a0cest\u011b mu v\u0161ak stoj\u00ed nep\u0159\u00edtel, o kter\u00e9m zat\u00edm nem\u00e1 ani tu\u0161en\u00ed. Nejmlad\u0161\u00ed ze sourozenc\u016f m\u00e1 nad\u00e1n\u00ed, kter\u00e9 ho posouv\u00e1 m\u00edlov\u00fdmi kroky p\u0159ed schopnosti ostatn\u00edch. Je to n\u011bco, co by si p\u0159\u00e1l um\u011bt ka\u017ed\u00fd. Kdo by ale podez\u00edral dvan\u00e1ctilet\u00e9 d\u00edt\u011b a malou hol\u010di\u010dku, \u017ee um\u00ed to, co dok\u00e1\u017e\u00ed jen ti v\u00fdjime\u010dn\u00ed? Ti, o nich\u017e vznikaj\u00ed legendy.<\/p>\n<p style=\"font-weight: 400;\">Hugh Howey, autor knihy P\u0159es p\u00edsek, je zn\u00e1m\u00fd sv\u00fdm talentem pro psan\u00ed postapo rom\u00e1n\u016f. Jeho trilogie Silo, Turnus, Prach zaznamenala tak obrovsk\u00fd \u00fasp\u011bch, \u017ee byla p\u0159elo\u017eena do t\u00e9m\u011b\u0159 \u010dty\u0159iceti jazyk\u016f. Nen\u00ed se tak \u010demu divit, kdy\u017e po vyd\u00e1n\u00ed dystopie P\u00edsek, p\u0159i\u0161lo nakladatelstv\u00ed s\u00a0prosbou na pokra\u010dov\u00e1n\u00ed. Nejedn\u00e1 se jen o p\u0159\u00edb\u011bhy z\u00a0na\u0161\u00ed mo\u017en\u00e9 budoucnosti. Autor ve sv\u00fdch knih\u00e1ch v\u017edy dokonale pop\u00ed\u0161e fungov\u00e1n\u00ed nov\u00e9 spole\u010dnosti po na\u0161em \u00fapadku. Od chv\u00edle, kdy jsme se my sami stali str\u016fjci vlastn\u00edho konce. P\u0159es jiskru nad\u011bje u t\u011bch, kte\u0159\u00ed p\u0159e\u017eili a sna\u017e\u00ed se budovat nov\u00fd sv\u011bt a\u017e\u017e po nad\u011bjn\u00e9 vyhl\u00eddky, kter\u00e9 by se i v\u00a0takov\u00e9m sv\u011bt\u011b mohly snad uskute\u010dnit.<\/p>\n<p style=\"font-weight: 400;\">Stejn\u011b jako knihy p\u0159ede\u0161l\u00e9, je kniha P\u0159es p\u00edsek velmi \u010dtiv\u00e1 a pln\u00e1 ne\u010dekan\u00fdch zvrat\u016f, ale zejm\u00e9na d\u016fmysln\u011b promy\u0161len\u00fdch charakter\u016f jednotliv\u00fdch osob. Co se stane, kdy\u017e se vyd\u00e1te p\u0159es p\u00edsek? \u010cek\u00e1 v\u00e1s nov\u00e1 nad\u011bje nebo si v\u00e1s d\u0159\u00edv najde smrt?<\/p>\n<p style=\"font-weight: 400;\">\u00a0<\/p>\n<p style=\"font-weight: 400;\">\u00a0<\/p>\n<p style=\"font-weight: 400;\">Eva Mare\u0161ov\u00e1<\/p>\n<p>Autor:\u00a0Eva Mare\u0161ov\u00e1<\/p>\n","protected":false},"excerpt":{"rendered":"<p>V\u00a0budoucnosti, kter\u00e1 nemus\u00ed b\u00fdt nutn\u011b zase a\u017e tak vzd\u00e1len\u00e1, \u017eij\u00ed lid\u00e9 v\u00a0p\u00edsku. Um\u00ed se v\u00a0n\u011bm pot\u00e1p\u011bt. Um\u00ed p\u0159e\u010d\u00edst a vn\u00edmat prost\u0159ed\u00ed kolem sebe, p\u0159esto\u017ee jsou pono\u0159en\u00ed hluboko, kde je pouze tma a poz\u016fstatky star\u00e9ho sv\u011bta.\u00a0<\/p>\n","protected":false},"author":2,"featured_media":324838,"comment_status":"open","ping_status":"open","sticky":false,"template":"","format":"standard","meta":{"_acf_changed":false,"_monsterinsights_skip_tracking":false,"_monsterinsights_sitenote_active":false,"_monsterinsights_sitenote_note":"","_monsterinsights_sitenote_category":0,"_EventAllDay":false,"_EventTimezone":"","_EventStartDate":"","_EventEndDate":"","_EventStartDateUTC":"","_EventEndDateUTC":"","_EventShowMap":false,"_EventShowMapLink":false,"_EventURL":"","_EventCost":"","_EventCostDescription":"","_EventCurrencySymbol":"","_EventCurrencyCode":"","_EventCurrencyPosition":"","_EventDateTimeSeparator":"","_EventTimeRangeSeparator":"","_EventOrganizerID":[],"_EventVenueID":[],"_OrganizerEmail":"","_OrganizerPhone":"","_OrganizerWebsite":"","_VenueAddress":"","_VenueCity":"","_VenueCountry":"","_VenueProvince":"","_VenueState":"","_VenueZip":"","_VenuePhone":"","_VenueURL":"","_VenueStateProvince":"","_VenueLat":"","_VenueLng":"","_VenueShowMap":false,"_VenueShowMapLink":false,"twitterCardType":"","cardImageID":0,"cardImage":"","cardTitle":"","cardDesc":"","cardImageAlt":"","cardPlayer":"","cardPlayerWidth":0,"cardPlayerHeight":0,"cardPlayerStream":"","cardPlayerCodec":"","footnotes":""},"categories":[7],"tags":[21832],"class_list":["post-324837","post","type-post","status-publish","format-standard","has-post-thumbnail","hentry","category-recenze","tag-literarni-kavarna"],"acf":{"related_products":null},"_links":{"self":[{"href":"https:\/\/www.luxor.cz\/blog\/wp-json\/wp\/v2\/posts\/324837","targetHints":{"allow":["GET"]}}],"collection":[{"href":"https:\/\/www.luxor.cz\/blog\/wp-json\/wp\/v2\/posts"}],"about":[{"href":"https:\/\/www.luxor.cz\/blog\/wp-json\/wp\/v2\/types\/post"}],"author":[{"embeddable":true,"href":"https:\/\/www.luxor.cz\/blog\/wp-json\/wp\/v2\/users\/2"}],"replies":[{"embeddable":true,"href":"https:\/\/www.luxor.cz\/blog\/wp-json\/wp\/v2\/comments?post=324837"}],"version-history":[{"count":0,"href":"https:\/\/www.luxor.cz\/blog\/wp-json\/wp\/v2\/posts\/324837\/revisions"}],"wp:featuredmedia":[{"embeddable":true,"href":"https:\/\/www.luxor.cz\/blog\/wp-json\/wp\/v2\/media\/324838"}],"wp:attachment":[{"href":"https:\/\/www.luxor.cz\/blog\/wp-json\/wp\/v2\/media?parent=324837"}],"wp:term":[{"taxonomy":"category","embeddable":true,"href":"https:\/\/www.luxor.cz\/blog\/wp-json\/wp\/v2\/categories?post=324837"},{"taxonomy":"post_tag","embeddable":true,"href":"https:\/\/www.luxor.cz\/blog\/wp-json\/wp\/v2\/tags?post=324837"}],"curies":[{"name":"wp","href":"https:\/\/api.w.org\/{rel}","templated":true}]}}