{"id":324745,"date":"2023-12-30T10:00:03","date_gmt":"2023-12-30T09:00:03","guid":{"rendered":"https:\/\/www.luxor.cz\/blog\/nezarazene\/63991-ocekavany-zaver-rodinne-sagy-je-tady\/"},"modified":"2023-12-30T10:00:03","modified_gmt":"2023-12-30T09:00:03","slug":"63991-ocekavany-zaver-rodinne-sagy-je-tady","status":"publish","type":"post","link":"https:\/\/www.luxor.cz\/blog\/recenze\/63991-ocekavany-zaver-rodinne-sagy-je-tady\/","title":{"rendered":"O\u010dek\u00e1van\u00fd z\u00e1v\u011br rodinn\u00e9 s\u00e1gy je tady!"},"content":{"rendered":"<div>\n<p class=\"Textbody\">\u017dofie zd\u011bdila po sv\u00e9m zesnul\u00e9m str\u00fdci Stefanovi Danzerovi jeho podnik, kde pracuje i vedouc\u00ed Toni, kter\u00e9ho str\u00fdc v z\u00e1v\u011bti pov\u011b\u0159il veden\u00edm spole\u010dn\u011b s \u017dofi\u00ed, po dobu prvn\u00edch p\u011bti let \u0159\u00eddit provoz kav\u00e1rny i <em>Caf\u00e9 Prinzess<\/em>. Toni byl dlouholet\u00fdm v\u011brn\u00fdm zam\u011bstnancem a v posledn\u00ed dob\u011b Stefanov\u011b nemoci jeho z\u00e1stupcem ve veden\u00ed kav\u00e1rny. \u017dofie a Toni se mus\u00ed nau\u010dit spolupracovat, i kdy\u017e maj\u00ed zpo\u010d\u00e1tku rozd\u00edln\u00e9 n\u00e1zory na veden\u00ed kav\u00e1rny. Toni se br\u00e1n\u00ed sebemen\u0161\u00edmu zlep\u0161en\u00ed v\u00a0podniku a nel\u00edb\u00ed se mu \u017e\u00e1dn\u00fd \u017dofiin n\u00e1vrh na vylep\u0161en\u00ed. Kdy\u017e to jednoho dne \u017dofie nevydr\u017e\u00ed, promluv\u00ed si v\u00e1\u017en\u011b s Tonim a nakonec spolu najdou spole\u010dnou \u0159e\u010d. <em>Caf\u00e9 Prinzess<\/em> i p\u016fvodn\u00ed kav\u00e1rna jsou velmi obl\u00edben\u00e1 m\u00edsta setk\u00e1n\u00ed v\u00edde\u0148sk\u00e9 kulturn\u00ed boh\u00e9my. Podnik jen rozkv\u00e9t\u00e1, kdy\u017e najednou se mus\u00ed br\u00e1nit proti sabot\u00e1\u017ei od nezn\u00e1m\u00e9ho nep\u0159\u00edtele. Poda\u0159\u00ed se jim odhalit pachatele a zachr\u00e1nit tak sv\u016fj podnik p\u0159ed bankrotem?<\/p>\n<\/div>\n<div>\n<p class=\"Textbody\">\u017dofie a Richard jsou milenci, kte\u0159\u00ed se tajn\u011b sch\u00e1zej\u00ed v soukrom\u00ed. Richard by se r\u00e1d o\u017eenil s \u017dofi\u00ed, ale mus\u00ed se nejprve zbavit sv\u00e9 man\u017eelky Am\u00e1lie z Thurnu. To je ale velmi obt\u00ed\u017en\u00e9, proto\u017ee rozvod v t\u00e9 dob\u011b je velk\u00fd skand\u00e1l. Ob\u011btav\u00e1 \u017dofie se sna\u017e\u00ed pomoci sv\u00e9 rodin\u011b, kter\u00e1 trp\u011bla pod vlivem n\u00e1siln\u00e9ho nevlastn\u00edho otce. Jej\u00ed matka Henrietta a sestra Millie utekly bydlet k \u017dofii, kdy\u017e se Millie dostala do psychick\u00e9 krize a pokusila se o sebevra\u017edu. \u017dofie ji p\u0159esv\u011bd\u010d\u00ed, aby za\u010dala chodit k doktoru Sigmundu Freudovi, kter\u00fd je zn\u00e1m\u00fd svou novou metodou psychoanal\u00fdzy.<\/p>\n<\/div>\n<div>\n<p class=\"Textbody\">\u017dofie se mus\u00ed vypo\u0159\u00e1dat s mnoha v\u00fdzvami, jak v podnik\u00e1n\u00ed, tak v l\u00e1sce. Krom\u011b toho se zapl\u00e9t\u00e1 do \u017eivot\u016f sv\u00fdch p\u0159\u00e1tel a rodiny, kte\u0159\u00ed tak\u00e9 \u010del\u00ed r\u016fzn\u00fdm probl\u00e9m\u016fm a tajemstv\u00edm.<\/p>\n<\/div>\n<div>\n<p class=\"Textbody\">Rom\u00e1n je poutav\u011b napsan\u00fd a nab\u00edz\u00ed \u010dten\u00e1\u0159i zaj\u00edmav\u00fd pohled na tehdej\u0161\u00ed spole\u010dnost, kulturu a historii. Autorka dok\u00e1\u017ee vytvo\u0159it atmosf\u00e9ru doby a popsat \u017eivotn\u00ed styl a zvyky lid\u00ed z r\u016fzn\u00fdch vrstev. Postavy jsou sympatick\u00e9 a uv\u011b\u0159iteln\u00e9, ka\u017ed\u00e1 s vlastn\u00edm charakterem a motivac\u00ed. D\u011bj je pln\u00fd nap\u011bt\u00ed, intrik a romantiky. \u010cten\u00e1\u0159 se snadno vc\u00edt\u00ed do p\u0159\u00edb\u011bhu a bude cht\u00edt zjistit, jak dopadnou osudy hlavn\u00edch i vedlej\u0161\u00edch hrdin\u016f. Kav\u00e1rna ve V\u00eddni je kniha pro v\u0161echny milovn\u00edky historick\u00fdch rom\u00e1n\u016f s romantickou z\u00e1pletkou.<\/p>\n<\/div>\n<div>\n<p class=\"Textbody\">Marie Lacrosse se p\u0159i psan\u00ed inspirovala skute\u010dn\u00fdmi ud\u00e1lostmi a historick\u00fdmi postavami, aby vytvo\u0159ila sv\u016fj p\u0159\u00edb\u011bh. Mezi postavami, kter\u00e9 se objevuj\u00ed v knize, jsou nap\u0159\u00edklad c\u00edsa\u0159ovna Sisi a jej\u00ed man\u017eel c\u00edsa\u0159 Franti\u0161ek Josef I., mal\u00ed\u0159 Gustav Klimt, herec a zp\u011bv\u00e1k Alexander Girardi a psycholog Sigmund Freud.<\/p>\n<\/div>\n<div>\n<p class=\"Textbody\">\u00a0<\/p>\n<p class=\"Textbody\">\u00a0<\/p>\n<\/div>\n<div>\n<p class=\"Textbody\">Simona Krchov\u00e1<\/p>\n<\/div>\n<p>Autor:\u00a0Simona Krchov\u00e1<\/p>\n","protected":false},"excerpt":{"rendered":"<p>Kav\u00e1rna ve V\u00eddni: Tajn\u00e1 p\u0159\u00e1n\u00ed je t\u0159et\u00ed a z\u00e1v\u011bre\u010dn\u00fd d\u00edl historick\u00e9 rom\u00e1nov\u00e9 s\u00e9rie od Marie Lacrosse. Kniha n\u00e1s zavede do V\u00eddn\u011b na konci 19. stolet\u00ed, kde sledujeme osudy mlad\u00e9 \u017dofie z Werdenfelsu, d\u011bdi\u010dky kav\u00e1rny Caf\u00e9 Prinzess.<\/p>\n","protected":false},"author":2,"featured_media":324746,"comment_status":"open","ping_status":"open","sticky":false,"template":"","format":"standard","meta":{"_acf_changed":false,"_monsterinsights_skip_tracking":false,"_monsterinsights_sitenote_active":false,"_monsterinsights_sitenote_note":"","_monsterinsights_sitenote_category":0,"_EventAllDay":false,"_EventTimezone":"","_EventStartDate":"","_EventEndDate":"","_EventStartDateUTC":"","_EventEndDateUTC":"","_EventShowMap":false,"_EventShowMapLink":false,"_EventURL":"","_EventCost":"","_EventCostDescription":"","_EventCurrencySymbol":"","_EventCurrencyCode":"","_EventCurrencyPosition":"","_EventDateTimeSeparator":"","_EventTimeRangeSeparator":"","_EventOrganizerID":[],"_EventVenueID":[],"_OrganizerEmail":"","_OrganizerPhone":"","_OrganizerWebsite":"","_VenueAddress":"","_VenueCity":"","_VenueCountry":"","_VenueProvince":"","_VenueState":"","_VenueZip":"","_VenuePhone":"","_VenueURL":"","_VenueStateProvince":"","_VenueLat":"","_VenueLng":"","_VenueShowMap":false,"_VenueShowMapLink":false,"twitterCardType":"","cardImageID":0,"cardImage":"","cardTitle":"","cardDesc":"","cardImageAlt":"","cardPlayer":"","cardPlayerWidth":0,"cardPlayerHeight":0,"cardPlayerStream":"","cardPlayerCodec":"","footnotes":""},"categories":[7],"tags":[21832],"class_list":["post-324745","post","type-post","status-publish","format-standard","has-post-thumbnail","hentry","category-recenze","tag-literarni-kavarna"],"acf":{"related_products":null},"_links":{"self":[{"href":"https:\/\/www.luxor.cz\/blog\/wp-json\/wp\/v2\/posts\/324745","targetHints":{"allow":["GET"]}}],"collection":[{"href":"https:\/\/www.luxor.cz\/blog\/wp-json\/wp\/v2\/posts"}],"about":[{"href":"https:\/\/www.luxor.cz\/blog\/wp-json\/wp\/v2\/types\/post"}],"author":[{"embeddable":true,"href":"https:\/\/www.luxor.cz\/blog\/wp-json\/wp\/v2\/users\/2"}],"replies":[{"embeddable":true,"href":"https:\/\/www.luxor.cz\/blog\/wp-json\/wp\/v2\/comments?post=324745"}],"version-history":[{"count":0,"href":"https:\/\/www.luxor.cz\/blog\/wp-json\/wp\/v2\/posts\/324745\/revisions"}],"wp:featuredmedia":[{"embeddable":true,"href":"https:\/\/www.luxor.cz\/blog\/wp-json\/wp\/v2\/media\/324746"}],"wp:attachment":[{"href":"https:\/\/www.luxor.cz\/blog\/wp-json\/wp\/v2\/media?parent=324745"}],"wp:term":[{"taxonomy":"category","embeddable":true,"href":"https:\/\/www.luxor.cz\/blog\/wp-json\/wp\/v2\/categories?post=324745"},{"taxonomy":"post_tag","embeddable":true,"href":"https:\/\/www.luxor.cz\/blog\/wp-json\/wp\/v2\/tags?post=324745"}],"curies":[{"name":"wp","href":"https:\/\/api.w.org\/{rel}","templated":true}]}}