{"id":324741,"date":"2024-01-03T10:00:19","date_gmt":"2024-01-03T09:00:19","guid":{"rendered":"https:\/\/www.luxor.cz\/blog\/nezarazene\/63993-svetakrasy\/"},"modified":"2024-01-03T10:00:19","modified_gmt":"2024-01-03T09:00:19","slug":"63993-svetakrasy","status":"publish","type":"post","link":"https:\/\/www.luxor.cz\/blog\/recenze\/63993-svetakrasy\/","title":{"rendered":"Sv\u011btakr\u00e1sy"},"content":{"rendered":"<p style=\"font-weight: 400;\">Hodn\u011b jsem se p\u0159i \u010dten\u00ed t\u00e9to knihy zasm\u00e1la, skute\u010dn\u011b od srdce. Jindy mi bylo t\u011b\u017eko na du\u0161i, nechyb\u00ed zde nic, a to jak se pov\u00eddky prol\u00ednaj\u00ed s\u00a0realitou a snov\u00fdm sv\u011btem je dechberouc\u00ed a\u017e neskute\u010dn\u00e9.<\/p>\n<p style=\"font-weight: 400;\">Kdy\u017e jsem p\u0159ed lety shl\u00e9dla film Po strni\u0161ti bos, ihned jsem v\u011bd\u011bla, \u017ee Jan Sv\u011br\u00e1k je, a v\u017edy bude pat\u0159it, mezi m\u00e9 obl\u00edben\u00e9 autory a re\u017eis\u00e9ry \u010desk\u00e9 filmografie. Moc se t\u011b\u0161\u00edm, a\u017e uvid\u00edm film Sv\u011btakr\u00e1sy, proto\u017ee m\u011b kniha neskute\u010dn\u011b nadchla a v\u011b\u0159\u00edm, \u017ee si z\u00edsk\u00e1 obdiv plno \u010dten\u00e1\u0159\u016f. Jedn\u00e1 se o jednu z\u00a0nejkr\u00e1sn\u011bj\u0161\u00edch pov\u00eddkov\u00fdch knih, kter\u00e9 jsem kdy \u010detla.<\/p>\n<p style=\"font-weight: 400;\">N\u00e1dhern\u00e9 kr\u00e1tk\u00e9 texty a \u00favahy \u010dlov\u011bka, p\u0159i nich\u017e se zamysl\u00edme nad \u017eivotem, nad v\u0161\u00edm co je i nen\u00ed kolem n\u00e1s i nad sebou sam\u00fdm. Mus\u00edm uznat, \u017ee Jan Sv\u011br\u00e1k je velmi kreativn\u00ed, a hlavn\u011b talentovan\u00fd \u010dlov\u011bk s\u00a0velk\u00fdm \u010c.<\/p>\n<p style=\"font-weight: 400;\">Velmi se mi l\u00edbil rozhovor s\u00a0autorem, pr\u00e1v\u011b o t\u00e9to knize, kde pan Sv\u011br\u00e1k popisuje, jak v\u0161e, co vid\u011bl okolo sebe pot\u0159eboval p\u0159edat sv\u011btu, aby to, co vid\u00ed, nebylo zapomenuto. V\u0161e, co jej zaujalo, zaznamenal na sv\u016fj mobiln\u00ed telefon, sest\u0159\u00edhal tyto z\u00e1b\u011bry a d\u00edky tomu vznikl jak film, tak i stejnojmenn\u00e1 kniha Sv\u011btakr\u00e1sy. Souhlas\u00edm, \u017ee n\u00e1\u0161 sv\u011bt je kr\u00e1sn\u00fd a v\u0161ichni bychom m\u011bli sd\u00edlet s\u00a0ostatn\u00edmi jeho kr\u00e1su. Tyto poskl\u00e1dan\u00e9 obr\u00e1zky, kter\u00e9 si autor za\u010dal nat\u00e1\u010det a zapisovat jsou skute\u010dn\u011b snov\u00e9 a lituji, \u017ee v\u00a0tu chv\u00edli jsem nemohla st\u00e1t na stejn\u00e9m m\u00edst\u011b jako on a koukat na sv\u011bt jeho o\u010dima.<\/p>\n<p style=\"font-weight: 400;\">Jan Sv\u011br\u00e1k je velik\u00fd dobrodruh, r\u00e1d cestuje po sv\u011bt\u011b a ob\u010das je t\u011b\u017ek\u00e9 poznat, co je realita a co jsou pouh\u00e9 p\u0159edstavy a sny. Pov\u00eddku o lido\u017eroutech \u00fapln\u011b mezi ty re\u00e1ln\u00e9 pova\u017eovat nem\u016f\u017eeme, ale zaujala m\u011b nejv\u00edce z\u00a0cel\u00e9 knihy. Ka\u017ed\u00e1 mi vyrazila dech a je poznat, \u017ee je naps\u00e1na od srdce a pr\u00e1v\u011b s\u00a0du\u0161\u00ed velik\u00e9ho dobrodruha.<\/p>\n<p style=\"font-weight: 400;\">Tato kniha je perfektn\u011b naps\u00e1na a zaslou\u017e\u00ed si jen to nejlep\u0161\u00ed hodnocen\u00ed.<\/p>\n<p style=\"font-weight: 400;\">\u00a0<\/p>\n<p style=\"font-weight: 400;\">\u00a0<\/p>\n<p style=\"font-weight: 400;\">Andrea \u0160m\u00eddov\u00e1<\/p>\n<p>Autor:\u00a0Andrea \u0160m\u00eddov\u00e1<\/p>\n","protected":false},"excerpt":{"rendered":"<p>Kdo by neznal Jana Sv\u011br\u00e1ka? Zn\u00e1m\u00fd, slavn\u00fd filmov\u00fd re\u017eis\u00e9r nyn\u00ed vyd\u00e1v\u00e1 laskavou, kr\u00e1snou a trouf\u00e1m si \u0159\u00edci \u00fasp\u011b\u0161nou knihu Sv\u011btakr\u00e1sy.<\/p>\n","protected":false},"author":2,"featured_media":324742,"comment_status":"open","ping_status":"open","sticky":false,"template":"","format":"standard","meta":{"_acf_changed":false,"_monsterinsights_skip_tracking":false,"_monsterinsights_sitenote_active":false,"_monsterinsights_sitenote_note":"","_monsterinsights_sitenote_category":0,"_EventAllDay":false,"_EventTimezone":"","_EventStartDate":"","_EventEndDate":"","_EventStartDateUTC":"","_EventEndDateUTC":"","_EventShowMap":false,"_EventShowMapLink":false,"_EventURL":"","_EventCost":"","_EventCostDescription":"","_EventCurrencySymbol":"","_EventCurrencyCode":"","_EventCurrencyPosition":"","_EventDateTimeSeparator":"","_EventTimeRangeSeparator":"","_EventOrganizerID":[],"_EventVenueID":[],"_OrganizerEmail":"","_OrganizerPhone":"","_OrganizerWebsite":"","_VenueAddress":"","_VenueCity":"","_VenueCountry":"","_VenueProvince":"","_VenueState":"","_VenueZip":"","_VenuePhone":"","_VenueURL":"","_VenueStateProvince":"","_VenueLat":"","_VenueLng":"","_VenueShowMap":false,"_VenueShowMapLink":false,"twitterCardType":"","cardImageID":0,"cardImage":"","cardTitle":"","cardDesc":"","cardImageAlt":"","cardPlayer":"","cardPlayerWidth":0,"cardPlayerHeight":0,"cardPlayerStream":"","cardPlayerCodec":"","footnotes":""},"categories":[7],"tags":[21832],"class_list":["post-324741","post","type-post","status-publish","format-standard","has-post-thumbnail","hentry","category-recenze","tag-literarni-kavarna"],"acf":{"related_products":null},"_links":{"self":[{"href":"https:\/\/www.luxor.cz\/blog\/wp-json\/wp\/v2\/posts\/324741","targetHints":{"allow":["GET"]}}],"collection":[{"href":"https:\/\/www.luxor.cz\/blog\/wp-json\/wp\/v2\/posts"}],"about":[{"href":"https:\/\/www.luxor.cz\/blog\/wp-json\/wp\/v2\/types\/post"}],"author":[{"embeddable":true,"href":"https:\/\/www.luxor.cz\/blog\/wp-json\/wp\/v2\/users\/2"}],"replies":[{"embeddable":true,"href":"https:\/\/www.luxor.cz\/blog\/wp-json\/wp\/v2\/comments?post=324741"}],"version-history":[{"count":0,"href":"https:\/\/www.luxor.cz\/blog\/wp-json\/wp\/v2\/posts\/324741\/revisions"}],"wp:featuredmedia":[{"embeddable":true,"href":"https:\/\/www.luxor.cz\/blog\/wp-json\/wp\/v2\/media\/324742"}],"wp:attachment":[{"href":"https:\/\/www.luxor.cz\/blog\/wp-json\/wp\/v2\/media?parent=324741"}],"wp:term":[{"taxonomy":"category","embeddable":true,"href":"https:\/\/www.luxor.cz\/blog\/wp-json\/wp\/v2\/categories?post=324741"},{"taxonomy":"post_tag","embeddable":true,"href":"https:\/\/www.luxor.cz\/blog\/wp-json\/wp\/v2\/tags?post=324741"}],"curies":[{"name":"wp","href":"https:\/\/api.w.org\/{rel}","templated":true}]}}