{"id":324733,"date":"2024-01-11T10:00:55","date_gmt":"2024-01-11T09:00:55","guid":{"rendered":"https:\/\/www.luxor.cz\/blog\/nezarazene\/63997-po-stezce-mezi-cechami-a-moravou\/"},"modified":"2024-01-11T10:00:55","modified_gmt":"2024-01-11T09:00:55","slug":"63997-po-stezce-mezi-cechami-a-moravou","status":"publish","type":"post","link":"https:\/\/www.luxor.cz\/blog\/recenze\/63997-po-stezce-mezi-cechami-a-moravou\/","title":{"rendered":"Po stezce mezi \u010cechami a Moravou"},"content":{"rendered":"<p style=\"font-weight: 400;\">\u00a0<\/p>\n<p style=\"font-weight: 400;\">Dal\u0161\u00ed kni\u017en\u00ed d\u00edl Via Czechia n\u00e1s tentokr\u00e1t provede po historick\u00e9 hranici \u010cech a Moravy, <strong>od Kr\u00e1lick\u00e9ho Sn\u011b\u017en\u00edku a\u017e po Slavonice. <\/strong>\u00dazem\u00ed, je\u017e poj\u00ed spole\u010dn\u00e1 historie star\u00e1 v\u00edc jak tis\u00edc let, maj\u00ed p\u0159esto ve sv\u00fdch ur\u010dit\u00fdch \u010d\u00e1stech odli\u0161n\u00fd charakter: p\u0159\u00edrodu, n\u00e1\u0159e\u010d\u00ed, tradice\u2026 B\u011b\u017en\u00e1 turistika se v\u00e1m doslova p\u0159ed o\u010dima prom\u011bn\u00ed na paletu kulturn\u00edch i p\u0159\u00edrodn\u00edch st\u0159\u00edpk\u016f dvou odli\u0161n\u00fdch sv\u011bt\u016f. K jejich prozkoum\u00e1v\u00e1n\u00ed v\u00e1s snad nic neinspiruje v\u00edc ne\u017e kniha Jana Hocka.<\/p>\n<p style=\"font-weight: 400;\"><strong>O stezk\u00e1ch Via Czechia<\/strong><\/p>\n<p style=\"font-weight: 400;\">Stezky Via Czechia jsou d\u016fkladn\u011b zmapovan\u00e9 a podrobn\u011b popsan\u00e9, p\u0159i\u010dem\u017e tvo\u0159\u00ed ucelen\u00fd syst\u00e9m turistick\u00fdch d\u00e1lkov\u00fdch tras v \u010cesk\u00e9 republice. Samostatn\u00fdch tras je celkem \u0161est, jsou vyzna\u010deny jak pro p\u011b\u0161\u00ed turistiku, tak i pro cyklistiku, vod\u00e1ctv\u00ed nebo ly\u017ee. S\u00ed\u0165 v\u0161ech stezek je dlouh\u00e1 v\u00edc jak 10 000 kilometr\u016f, co\u017e n\u00e1m poskytuje opravdu nesm\u00edrn\u00e9 mno\u017estv\u00ed mo\u017enost\u00ed, jak pozn\u00e1vat na\u0161i republiku.<\/p>\n<p style=\"font-weight: 400;\"><strong>Ji\u017en\u00ed<\/strong> a <strong>Severn\u00ed stezka<\/strong> kop\u00edruje severn\u00ed a ji\u017en\u00ed hranici \u010cesk\u00e9 republiky. Nejsevern\u011bj\u0161\u00ed a nejji\u017en\u011bj\u0161\u00ed bod republiky propojuje <strong>Stezka st\u0159edozem\u00edm<\/strong>. <strong>Centr\u00e1ln\u00ed stezka<\/strong> pak proch\u00e1z\u00ed od z\u00e1padu na v\u00fdchod p\u0159es st\u0159ed \u010cesk\u00e9 republiky. <strong>\u010ceskomoravsk\u00e1 stezka<\/strong> n\u00e1s provede historickou hranic\u00ed \u010cech a Moravy a <strong>Stezka Slezskem<\/strong>dopl\u0148uje trasu kolem tohoto historick\u00e9ho \u00fazem\u00ed.<\/p>\n<p style=\"font-weight: 400;\">\u00da\u017easn\u00e9 je, \u017ee je jen na v\u00e1s, kam vyraz\u00edte, odkud a kudy se vyd\u00e1te, kdy to \u201ezap\u00edchnete\u201c a cestu ukon\u010d\u00edte, anebo jak dlouh\u00fd si vymez\u00edte \u010das, ne\u017e trasu projdete celou. Knihy Jana Hocka v\u00e1s povedou, re\u017eie je ale na v\u00e1s.<\/p>\n<p style=\"font-weight: 400;\"><strong>Po historick\u00e9 hranici \u010cech a Moravy<\/strong><\/p>\n<p style=\"font-weight: 400;\">Stejn\u011b jako p\u0159edchoz\u00ed d\u00edly, je i \u010ceskomoravsk\u00e1 stezka systematicky rozd\u011blen\u00e1 do n\u011bkolika \u010d\u00e1st\u00ed. Tvo\u0159\u00ed je:<\/p>\n<ul style=\"font-weight: 400;\">\n<li>Kr\u00e1lick\u00fd Sn\u011b\u017en\u00edk a Hanu\u0161ovick\u00e1 vrchovina<\/li>\n<li>Orlick\u00e9 hory a Podorlicko<\/li>\n<li>Hornosvrateck\u00e1 vrchovina<\/li>\n<li>K\u0159i\u017eanovsk\u00e1 vrchovina<\/li>\n<li>Javo\u0159ick\u00e1 vrchovina<\/li>\n<\/ul>\n<p style=\"font-weight: 400;\">Ka\u017ed\u00e1 z kapitol m\u00e1 je\u0161t\u011b dal\u0161\u00edch n\u011bkolik etap, kter\u00e9 del\u0161\u00ed trasu rozd\u011bluj\u00ed na krat\u0161\u00ed \u00faseky. Bylo mi obrovsk\u00fdm pot\u011b\u0161en\u00edm pozn\u00e1vat \u010ceskou republiku prost\u0159ednictv\u00edm t\u00e9hle knihy a opravdu t\u011b\u017eko \u0159\u00edct, jak\u00e1 \u010d\u00e1st stezky po historick\u00e9 hranici \u010cech a Moravy m\u011b zaujala nejv\u00edc. T\u00e9m\u011b\u0159 <strong>skandin\u00e1vsk\u00e1 krajina na h\u0159ebeni Vyso\u010diny<\/strong> m\u011b nal\u00e1kala k tomu, \u017ee projdu alespo\u0148 \u010d\u00e1st trasy kolem Jihlavy. <strong>Cesta k jednomu z na\u0161ich nejstar\u0161\u00edch hrad\u016f <\/strong>mn\u011b dovolila zavzpom\u00ednat na dobu, kdy jsme jeli na hrad Svojanov kdysi se \u0161kolou, a pomohla mi rozhoupat se k tomu, \u017ee se na n\u011bj po v\u00edc jak t\u0159iceti letech znovu vyprav\u00edm.<strong> Jedno z na\u0161ich nejkr\u00e1sn\u011bj\u0161\u00edch n\u00e1m\u011bst\u00ed, to ve Svitav\u00e1ch<\/strong>, sice dob\u0159e zn\u00e1m, ale tahle kniha mi na n\u011bj dovolila nahl\u00e9dnout zase z jin\u00e9ho \u00fahlu a nav\u00edc v kontextu stezky.<\/p>\n<p style=\"font-weight: 400;\">Celou <strong>knihou v\u00e1s prov\u00e1z\u00ed n\u00e1dhern\u00e9 fotky<\/strong>. Nesm\u00edrn\u011b inspiruj\u00edc\u00ed fotky p\u0159edev\u0161\u00edm p\u0159\u00edrodn\u00edch, ale i kulturn\u00edch kr\u00e1s na\u0161\u00ed zem\u011b.<\/p>\n<p style=\"font-weight: 400;\"><strong>Odkud a kam?<\/strong><\/p>\n<p style=\"font-weight: 400;\">Jak u\u017e bylo zm\u00edn\u011bno, odkud a kam se vyd\u00e1te, z\u00e1le\u017e\u00ed jen a jen na v\u00e1s. Pro v\u011bt\u0161inu z n\u00e1s asi nebude jednoduch\u00e9 stezku proj\u00edt celou, a\u0165 u\u017e z \u010dasov\u00fdch, finan\u010dn\u00edch \u010di kondi\u010dn\u00edch nebo jin\u00fdch d\u016fvod\u016f. T\u00edm sp\u00ed\u0161 je skv\u011bl\u00e9, \u017ee za\u010d\u00edt m\u016f\u017eete na jak\u00e9mkoli m\u00edst\u011b, a skon\u010dit samoz\u0159ejm\u011b taky.<\/p>\n<p style=\"font-weight: 400;\">Jan Hocek v\u00e1m krom\u011b popisu trasy d\u00e1v\u00e1 tak\u00e9 <strong>nesm\u00edrn\u00e9 mno\u017estv\u00ed tip\u016f na ubytov\u00e1n\u00ed nebo zaj\u00edmavosti po cest\u011b<\/strong>. Ne\u010dekejte osobn\u00ed den\u00edkov\u00e9 z\u00e1znamy. Kniha naopak <strong>skv\u011blou formou popisuje trasu a nezapom\u00edn\u00e1 snad v\u016fbec na nic<\/strong>. Poskytne v\u00e1m mapy, pl\u00e1n p\u0159ev\u00fd\u0161en\u00ed, variantu trasy pro cyklisty, ly\u017ea\u0159e i vod\u00e1ky. Fotky, rady a tipy. Pr\u00e1v\u011b ona ucelenost a kompaktnost je obrovskou p\u0159ednost\u00ed t\u00e9hle knihy. A nav\u00edc to, \u017ee ji\u017e existuj\u00ed dal\u0161\u00ed knihy popisuj\u00edc\u00ed dal\u0161\u00ed stezky Via Czechia, p\u0159in\u00e1\u0161\u00ed jedine\u010dn\u00fd rozm\u011br \u00fa\u017easn\u00e9ho z\u00e1m\u011bru a neskute\u010dn\u00fdch mo\u017enost\u00ed pro n\u00e1s v\u0161echny, kte\u0159\u00ed je chceme pozn\u00e1vat. A\u0165 u\u017e na\u017eivo, \u010di ze str\u00e1nek knih Jana Hocka.<\/p>\n<p style=\"font-weight: 400;\">\u00a0<\/p>\n<p style=\"font-weight: 400;\">\u00a0<\/p>\n<p style=\"font-weight: 400;\">Andrea Simoglu<\/p>\n<p>Autor:\u00a0Andrea Simoglu<\/p>\n","protected":false},"excerpt":{"rendered":"<p>Poj\u010fte prozkoumat historickou hranici \u010cech a Moravy, projd\u011bte ji od za\u010d\u00e1tku a\u017e do konce, anebo aspo\u0148 jej\u00ed \u010d\u00e1st. Rozhodn\u011b nezabloud\u00edte. Tahle kniha v\u00e1s skv\u011ble povede<em>.<\/em><\/p>\n","protected":false},"author":2,"featured_media":324734,"comment_status":"open","ping_status":"open","sticky":false,"template":"","format":"standard","meta":{"_acf_changed":false,"_monsterinsights_skip_tracking":false,"_monsterinsights_sitenote_active":false,"_monsterinsights_sitenote_note":"","_monsterinsights_sitenote_category":0,"_EventAllDay":false,"_EventTimezone":"","_EventStartDate":"","_EventEndDate":"","_EventStartDateUTC":"","_EventEndDateUTC":"","_EventShowMap":false,"_EventShowMapLink":false,"_EventURL":"","_EventCost":"","_EventCostDescription":"","_EventCurrencySymbol":"","_EventCurrencyCode":"","_EventCurrencyPosition":"","_EventDateTimeSeparator":"","_EventTimeRangeSeparator":"","_EventOrganizerID":[],"_EventVenueID":[],"_OrganizerEmail":"","_OrganizerPhone":"","_OrganizerWebsite":"","_VenueAddress":"","_VenueCity":"","_VenueCountry":"","_VenueProvince":"","_VenueState":"","_VenueZip":"","_VenuePhone":"","_VenueURL":"","_VenueStateProvince":"","_VenueLat":"","_VenueLng":"","_VenueShowMap":false,"_VenueShowMapLink":false,"twitterCardType":"","cardImageID":0,"cardImage":"","cardTitle":"","cardDesc":"","cardImageAlt":"","cardPlayer":"","cardPlayerWidth":0,"cardPlayerHeight":0,"cardPlayerStream":"","cardPlayerCodec":"","footnotes":""},"categories":[7],"tags":[21832],"class_list":["post-324733","post","type-post","status-publish","format-standard","has-post-thumbnail","hentry","category-recenze","tag-literarni-kavarna"],"acf":{"related_products":null},"_links":{"self":[{"href":"https:\/\/www.luxor.cz\/blog\/wp-json\/wp\/v2\/posts\/324733","targetHints":{"allow":["GET"]}}],"collection":[{"href":"https:\/\/www.luxor.cz\/blog\/wp-json\/wp\/v2\/posts"}],"about":[{"href":"https:\/\/www.luxor.cz\/blog\/wp-json\/wp\/v2\/types\/post"}],"author":[{"embeddable":true,"href":"https:\/\/www.luxor.cz\/blog\/wp-json\/wp\/v2\/users\/2"}],"replies":[{"embeddable":true,"href":"https:\/\/www.luxor.cz\/blog\/wp-json\/wp\/v2\/comments?post=324733"}],"version-history":[{"count":0,"href":"https:\/\/www.luxor.cz\/blog\/wp-json\/wp\/v2\/posts\/324733\/revisions"}],"wp:featuredmedia":[{"embeddable":true,"href":"https:\/\/www.luxor.cz\/blog\/wp-json\/wp\/v2\/media\/324734"}],"wp:attachment":[{"href":"https:\/\/www.luxor.cz\/blog\/wp-json\/wp\/v2\/media?parent=324733"}],"wp:term":[{"taxonomy":"category","embeddable":true,"href":"https:\/\/www.luxor.cz\/blog\/wp-json\/wp\/v2\/categories?post=324733"},{"taxonomy":"post_tag","embeddable":true,"href":"https:\/\/www.luxor.cz\/blog\/wp-json\/wp\/v2\/tags?post=324733"}],"curies":[{"name":"wp","href":"https:\/\/api.w.org\/{rel}","templated":true}]}}