{"id":324731,"date":"2024-01-13T10:00:44","date_gmt":"2024-01-13T09:00:44","guid":{"rendered":"https:\/\/www.luxor.cz\/blog\/nezarazene\/63998-recenze-knizni-sbirky-povidek-s-nazvem-po-stopach-zlocinu\/"},"modified":"2024-01-13T10:00:44","modified_gmt":"2024-01-13T09:00:44","slug":"63998-recenze-knizni-sbirky-povidek-s-nazvem-po-stopach-zlocinu","status":"publish","type":"post","link":"https:\/\/www.luxor.cz\/blog\/recenze\/63998-recenze-knizni-sbirky-povidek-s-nazvem-po-stopach-zlocinu\/","title":{"rendered":"Recenze kni\u017en\u00ed sb\u00edrky pov\u00eddek s n\u00e1zvem Po stop\u00e1ch zlo\u010din\u016f"},"content":{"rendered":"<h2><strong><em>Anotace<\/em><\/strong><\/h2>\n<p style=\"font-weight: 400;\"><em>Sborn\u00edk detektivn\u00edch pov\u00eddek z pera hv\u011bzd sou\u010dasn\u00e9 \u010desk\u00e9 liter\u00e1rn\u00ed sc\u00e9ny. Kam a\u017e mohou zaj\u00edt sousedsk\u00e9 \u010di rodinn\u00e9 rozep\u0159e? \u010ceho je \u010dlov\u011bk schopen kv\u016fli ne\u0161\u0165astn\u00e9 nebo zhrzen\u00e9 l\u00e1sce? Pro\u010d m\u016f\u017ee b\u00fdt osudn\u00e9 synchronizovat si mobil s po\u010d\u00edta\u010dem? Jakou s\u00edlu m\u00e1 nev\u0161edn\u00ed portr\u00e9t? Vyp\u00e1tr\u00e1 policie poka\u017ed\u00e9 prav\u00e9ho pachatele? A pokud ano, po\u0161le ho v\u017edy p\u0159ed soud? Stoj\u00ed litera z\u00e1kona nad mor\u00e1lkou?<\/em><\/p>\n<h2><strong><em>M\u016fj n\u00e1zor<\/em><\/strong><\/h2>\n<p style=\"font-weight: 400;\">A\u010dkoli pov\u00eddky m\u00e1m jako liter\u00e1rn\u00ed \u017e\u00e1nr moc r\u00e1da, k detektivk\u00e1m m\u00e1lokdy sed\u00ed. U detektivek mus\u00ed b\u00fdt velmi n\u00e1ro\u010dn\u00e9 v\u0161e d\u016fle\u017eit\u00e9 obs\u00e1hnout do tak mal\u00e9ho mno\u017estv\u00ed str\u00e1nek, nem\u00e1te pak jako autor \u010das budovat nap\u011bt\u00ed ani nijak zvl\u00e1\u0161\u0165 nav\u00e1d\u011bt \u010dten\u00e1\u0159e nebo je sv\u00e1d\u011bt z cesty. Tak\u017ee kdy\u017e za\u010dne pov\u00eddka p\u0159edstaven\u00edm \u0159eznice, pom\u011brn\u011b rychle se dovt\u00edp\u00edte, jak bude vra\u017eda vypadat.<\/p>\n<p style=\"font-weight: 400;\">M\u011b osobn\u011b z t\u011bchto pov\u00eddek celkem zaujala pov\u00eddka Nev\u0161edn\u00ed portr\u00e9t indi\u00e1nsk\u00e9ho mlad\u00edka od Biancy Bellov\u00e9, Zr\u00e1dn\u00fd po\u010d\u00edta\u010d od Davida Urbana, D\u017een\u00e1ro od Martina Goffa a \u0161patn\u00e1 nebyla ani Krev od Marka Epsteina. Nejv\u00edc m\u011b ale zaujal Ctitel od Kate\u0159iny Surmanov\u00e9, kter\u00fd m\u011b na konci p\u0159ekvapil.<\/p>\n<p style=\"font-weight: 400;\">U za\u010d\u00e1tku ka\u017ed\u00e9 pov\u00eddky m\u00e1te na jedn\u00e9 stran\u011b za\u010d\u00e1tek a na stran\u011b druh\u00e9 pov\u00edd\u00e1n\u00ed o jej\u00edm autorovi (\u010di autorce). Tato sb\u00edrka je ide\u00e1ln\u00ed pro \u010dten\u00e1\u0159e, kte\u0159\u00ed nemaj\u00ed moc \u010dasu na \u010dten\u00ed a nehledaj\u00ed nic moc n\u00e1ro\u010dn\u00e9ho. Je to dobr\u00e9 \u010dten\u00ed do \u010dek\u00e1rny k doktorovi, nebo t\u0159eba p\u0159i \u010dek\u00e1n\u00ed na autobus.<\/p>\n<p style=\"font-weight: 400;\">\u00a0<\/p>\n<p style=\"font-weight: 400;\">\u00a0<\/p>\n<p style=\"font-weight: 400;\">Barbora Cirklov\u00e1<\/p>\n<p>Autor:\u00a0Barbora Cirklov\u00e1<\/p>\n","protected":false},"excerpt":{"rendered":"<p>V dne\u0161n\u00ed recenzi si p\u0159edstav\u00edme s\u00e9rii pov\u00eddek, to\u010d\u00edc\u00edch se okolo vra\u017ed z per r\u016fzn\u00fdch \u010desk\u00fdch spisovatel\u016f. S\u00e9rie pov\u00eddek v tomto kni\u017en\u00edm vyd\u00e1n\u00ed nese n\u00e1zev\u00a0Po stop\u00e1ch zlo\u010din\u016f.<\/p>\n","protected":false},"author":2,"featured_media":324732,"comment_status":"open","ping_status":"open","sticky":false,"template":"","format":"standard","meta":{"_acf_changed":false,"_monsterinsights_skip_tracking":false,"_monsterinsights_sitenote_active":false,"_monsterinsights_sitenote_note":"","_monsterinsights_sitenote_category":0,"_EventAllDay":false,"_EventTimezone":"","_EventStartDate":"","_EventEndDate":"","_EventStartDateUTC":"","_EventEndDateUTC":"","_EventShowMap":false,"_EventShowMapLink":false,"_EventURL":"","_EventCost":"","_EventCostDescription":"","_EventCurrencySymbol":"","_EventCurrencyCode":"","_EventCurrencyPosition":"","_EventDateTimeSeparator":"","_EventTimeRangeSeparator":"","_EventOrganizerID":[],"_EventVenueID":[],"_OrganizerEmail":"","_OrganizerPhone":"","_OrganizerWebsite":"","_VenueAddress":"","_VenueCity":"","_VenueCountry":"","_VenueProvince":"","_VenueState":"","_VenueZip":"","_VenuePhone":"","_VenueURL":"","_VenueStateProvince":"","_VenueLat":"","_VenueLng":"","_VenueShowMap":false,"_VenueShowMapLink":false,"twitterCardType":"","cardImageID":0,"cardImage":"","cardTitle":"","cardDesc":"","cardImageAlt":"","cardPlayer":"","cardPlayerWidth":0,"cardPlayerHeight":0,"cardPlayerStream":"","cardPlayerCodec":"","footnotes":""},"categories":[7],"tags":[21832],"class_list":["post-324731","post","type-post","status-publish","format-standard","has-post-thumbnail","hentry","category-recenze","tag-literarni-kavarna"],"acf":{"related_products":null},"_links":{"self":[{"href":"https:\/\/www.luxor.cz\/blog\/wp-json\/wp\/v2\/posts\/324731","targetHints":{"allow":["GET"]}}],"collection":[{"href":"https:\/\/www.luxor.cz\/blog\/wp-json\/wp\/v2\/posts"}],"about":[{"href":"https:\/\/www.luxor.cz\/blog\/wp-json\/wp\/v2\/types\/post"}],"author":[{"embeddable":true,"href":"https:\/\/www.luxor.cz\/blog\/wp-json\/wp\/v2\/users\/2"}],"replies":[{"embeddable":true,"href":"https:\/\/www.luxor.cz\/blog\/wp-json\/wp\/v2\/comments?post=324731"}],"version-history":[{"count":0,"href":"https:\/\/www.luxor.cz\/blog\/wp-json\/wp\/v2\/posts\/324731\/revisions"}],"wp:featuredmedia":[{"embeddable":true,"href":"https:\/\/www.luxor.cz\/blog\/wp-json\/wp\/v2\/media\/324732"}],"wp:attachment":[{"href":"https:\/\/www.luxor.cz\/blog\/wp-json\/wp\/v2\/media?parent=324731"}],"wp:term":[{"taxonomy":"category","embeddable":true,"href":"https:\/\/www.luxor.cz\/blog\/wp-json\/wp\/v2\/categories?post=324731"},{"taxonomy":"post_tag","embeddable":true,"href":"https:\/\/www.luxor.cz\/blog\/wp-json\/wp\/v2\/tags?post=324731"}],"curies":[{"name":"wp","href":"https:\/\/api.w.org\/{rel}","templated":true}]}}