{"id":324729,"date":"2024-01-15T10:00:30","date_gmt":"2024-01-15T09:00:30","guid":{"rendered":"https:\/\/www.luxor.cz\/blog\/nezarazene\/64001-cas-zazraku\/"},"modified":"2024-01-15T10:00:30","modified_gmt":"2024-01-15T09:00:30","slug":"64001-cas-zazraku","status":"publish","type":"post","link":"https:\/\/www.luxor.cz\/blog\/recenze\/64001-cas-zazraku\/","title":{"rendered":"\u010cas z\u00e1zrak\u016f"},"content":{"rendered":"<p style=\"font-weight: 400;\">\u010cesk\u00e1 pov\u00eddka je kni\u017en\u00ed edice vyd\u00e1vaj\u00edc\u00ed maloform\u00e1tov\u00fd v\u00fdb\u011br pov\u00eddek od \u010desk\u00fdch autor\u016f. Pov\u00eddky jsou v\u017edy na zadan\u00e9 t\u00e9ma a p\u00ed\u0161\u00ed je pro sv\u00e9 \u010dten\u00e1\u0159e jak zn\u00e1m\u011bj\u0161\u00ed spisovatel\u00e9, tak teprve za\u010d\u00ednaj\u00edc\u00ed. M\u00e1te tak jedine\u010dnou mo\u017enost posoudit sami, \u010d\u00ed styl psan\u00ed v\u00e1m vyhovuje v\u00edc. Mo\u017en\u00e1 se to tak st\u00e1v\u00e1 t\u00edm nejlep\u0161\u00edm zp\u016fsobem, jak naj\u00edt pro sebe nov\u00e9ho autora, kter\u00fd se stane va\u0161\u00edm obl\u00edben\u00fdm. V\u00a0kni\u017en\u00ed edici \u010cesk\u00e1 pov\u00eddka vy\u0161lo ji\u017e p\u0159es \u0161edes\u00e1t zaj\u00edmav\u00fdch titul\u016f.<\/p>\n<p style=\"font-weight: 400;\">V\u00a0t\u00e9to edi\u010dn\u00ed sb\u00edrce, tentokr\u00e1t na t\u00e9ma V\u00e1noce, se se\u0161lo hned n\u011bkolik zn\u00e1m\u00fdch autor\u016f. Jist\u011b nen\u00ed nikomu pot\u0159eba p\u0159edstavovat zn\u00e1m\u00e1 jm\u00e9na jako nap\u0159. Alena Morn\u0161tajnov\u00e1, Petra Dvo\u0159\u00e1kov\u00e1, Marek Epstein nebo Petra Soukupov\u00e1. P\u0159\u00edb\u011bhy protknut\u00e9 v\u00e1no\u010dn\u00ed atmosf\u00e9rou a n\u00e1ladou, kter\u00e9 n\u00e1m dovol\u00ed se zasn\u00edt a zavzpom\u00ednat si na sv\u00e9 vlastn\u00ed d\u011btstv\u00ed.<\/p>\n<p style=\"font-weight: 400;\">Hned prvn\u00ed p\u0159\u00edb\u011bh v\u00e1s pobav\u00ed a donut\u00ed se zamyslet nad t\u00edm, jak velkou zm\u011bnou by pro n\u00e1s v\u0161echny bylo, kdybychom byli chv\u00edli nuceni p\u0159estat fungovat pouze na v\u0161udyp\u0159\u00edtomnou elekt\u0159inu. N\u011bco, co mlad\u0161\u00ed generace u\u017e snad ani nepamatuj\u00ed. P\u0159itom je v\u00a0tom tolik soun\u00e1le\u017eitosti, z\u00e1bavy, ale i pot\u0159ebn\u00e9 p\u0159edstavivosti a vynal\u00e9zavosti. Jak za\u0159\u00eddit pro v\u0161echny znovu b\u00edl\u00e9 V\u00e1noce?<\/p>\n<p style=\"font-weight: 400;\">A i kdy\u017e v\u0161ichni douf\u00e1me v\u00a0klidn\u00e9 a vesel\u00e9 sv\u00e1tky, nelze n\u011bkdy p\u0159edv\u00eddat, co v\u0161echno by se o nich mohlo st\u00e1t a jak\u00e9 z\u00e1\u017eitky si z\u00a0t\u011bch leto\u0161n\u00edch tentokr\u00e1t odneseme.<\/p>\n<p style=\"font-weight: 400;\">Sp\u011bch, shon a utr\u00e1cen\u00ed, kter\u00e9 byli posledn\u00ed roky sou\u010d\u00e1st\u00ed sv\u00e1tk\u016f, jako kdyby se na \u010das zastavili a dali n\u00e1m prostor pro zm\u011bnu. Sv\u00e1tky mohou b\u00fdt znovu takov\u00fdmi, jak\u00e9 jsme si je jako d\u011bti vysnily. Obdob\u00edm pln\u00fdm z\u00e1zrak\u016f, nad\u011bj\u00ed a dobr\u00fdch skutk\u016f.<\/p>\n<p style=\"font-weight: 400;\">I kdy\u017e v\u00e1m nemus\u00ed ka\u017ed\u00fd z\u00a0autor\u016f padnout sv\u00fdm stylem psan\u00ed do noty, neubere z\u00e1rove\u0148 nic z\u00a0v\u00e1no\u010dn\u00edch my\u0161lenek a t\u011b\u0161en\u00ed se na setk\u00e1n\u00ed s\u00a0rodinou a t\u011bmi, je\u017e tak moc milujeme. Na setk\u00e1n\u00ed, kter\u00e1 pro n\u00e1s mohou b\u00fdt n\u00e1hodn\u011b nov\u00e1 nebo nov\u011b pl\u00e1novan\u00e1.<\/p>\n<p style=\"font-weight: 400;\">Mo\u017en\u00e1 u\u017e i v\u00e1s n\u011bkdo zvl\u00e1dl vyto\u010dit do b\u011bla. Napadali v\u00e1s pak tak\u00e9 tak pestr\u00e9 my\u0161lenky ve stylu, kdy u\u017e kone\u010dn\u011b EU zru\u0161\u00ed V\u00e1noce? Pak v\u00e1m opravdu doporu\u010duji si p\u0159e\u010d\u00edst pov\u00eddku od Marka Epsteina.<\/p>\n<p style=\"font-weight: 400;\">Pokud budete m\u00edt \u0161t\u011bst\u00ed, mo\u017en\u00e1 se v\u00e1m poda\u0159\u00ed v\u00fdlet do vzd\u00e1len\u00e9 minulosti, kter\u00fd d\u00e1 va\u0161emu \u017eivotu n\u00e1dech n\u011b\u010deho nezvykle zn\u00e1m\u00e9ho a pokojn\u011b d\u016fv\u011brn\u00e9ho.<\/p>\n<p style=\"font-weight: 400;\">Nechte se i vy inspirovat a naladit na novou v\u00e1no\u010dn\u00ed vlnu.<\/p>\n<p style=\"font-weight: 400;\">\u00a0<\/p>\n<p style=\"font-weight: 400;\">\u00a0<\/p>\n<p style=\"font-weight: 400;\">Eva Mare\u0161ov\u00e1<\/p>\n<p>Autor:\u00a0Eva Mare\u0161ov\u00e1<\/p>\n","protected":false},"excerpt":{"rendered":"<p>Tak\u00e9 pat\u0159\u00edte k\u00a0t\u011bm, kte\u0159\u00ed se t\u011b\u0161\u00ed na V\u00e1noce celoro\u010dn\u011b? Maj\u00ed sv\u00e9 kouzlo, vi\u010fte? Poj\u010fme si zp\u0159\u00edjemnit \u010dek\u00e1n\u00ed na dal\u0161\u00ed V\u00e1noce dvan\u00e1cti v\u00e1no\u010dn\u00edmi pov\u00eddkami. Jejich \u010dten\u00edm si m\u016f\u017eete udr\u017eet v\u00e1no\u010dn\u00ed n\u00e1ladu je\u0161t\u011b hodn\u011b dlouho.<\/p>\n","protected":false},"author":2,"featured_media":324730,"comment_status":"open","ping_status":"open","sticky":false,"template":"","format":"standard","meta":{"_acf_changed":false,"_monsterinsights_skip_tracking":false,"_monsterinsights_sitenote_active":false,"_monsterinsights_sitenote_note":"","_monsterinsights_sitenote_category":0,"_EventAllDay":false,"_EventTimezone":"","_EventStartDate":"","_EventEndDate":"","_EventStartDateUTC":"","_EventEndDateUTC":"","_EventShowMap":false,"_EventShowMapLink":false,"_EventURL":"","_EventCost":"","_EventCostDescription":"","_EventCurrencySymbol":"","_EventCurrencyCode":"","_EventCurrencyPosition":"","_EventDateTimeSeparator":"","_EventTimeRangeSeparator":"","_EventOrganizerID":[],"_EventVenueID":[],"_OrganizerEmail":"","_OrganizerPhone":"","_OrganizerWebsite":"","_VenueAddress":"","_VenueCity":"","_VenueCountry":"","_VenueProvince":"","_VenueState":"","_VenueZip":"","_VenuePhone":"","_VenueURL":"","_VenueStateProvince":"","_VenueLat":"","_VenueLng":"","_VenueShowMap":false,"_VenueShowMapLink":false,"twitterCardType":"","cardImageID":0,"cardImage":"","cardTitle":"","cardDesc":"","cardImageAlt":"","cardPlayer":"","cardPlayerWidth":0,"cardPlayerHeight":0,"cardPlayerStream":"","cardPlayerCodec":"","footnotes":""},"categories":[7],"tags":[21832],"class_list":["post-324729","post","type-post","status-publish","format-standard","has-post-thumbnail","hentry","category-recenze","tag-literarni-kavarna"],"acf":{"related_products":null},"_links":{"self":[{"href":"https:\/\/www.luxor.cz\/blog\/wp-json\/wp\/v2\/posts\/324729","targetHints":{"allow":["GET"]}}],"collection":[{"href":"https:\/\/www.luxor.cz\/blog\/wp-json\/wp\/v2\/posts"}],"about":[{"href":"https:\/\/www.luxor.cz\/blog\/wp-json\/wp\/v2\/types\/post"}],"author":[{"embeddable":true,"href":"https:\/\/www.luxor.cz\/blog\/wp-json\/wp\/v2\/users\/2"}],"replies":[{"embeddable":true,"href":"https:\/\/www.luxor.cz\/blog\/wp-json\/wp\/v2\/comments?post=324729"}],"version-history":[{"count":0,"href":"https:\/\/www.luxor.cz\/blog\/wp-json\/wp\/v2\/posts\/324729\/revisions"}],"wp:featuredmedia":[{"embeddable":true,"href":"https:\/\/www.luxor.cz\/blog\/wp-json\/wp\/v2\/media\/324730"}],"wp:attachment":[{"href":"https:\/\/www.luxor.cz\/blog\/wp-json\/wp\/v2\/media?parent=324729"}],"wp:term":[{"taxonomy":"category","embeddable":true,"href":"https:\/\/www.luxor.cz\/blog\/wp-json\/wp\/v2\/categories?post=324729"},{"taxonomy":"post_tag","embeddable":true,"href":"https:\/\/www.luxor.cz\/blog\/wp-json\/wp\/v2\/tags?post=324729"}],"curies":[{"name":"wp","href":"https:\/\/api.w.org\/{rel}","templated":true}]}}