{"id":324715,"date":"2024-01-29T10:00:48","date_gmt":"2024-01-29T09:00:48","guid":{"rendered":"https:\/\/www.luxor.cz\/blog\/nezarazene\/64009-jak-krute-menil-zivoty-nacisticky-program-lebensborn\/"},"modified":"2024-01-29T10:00:48","modified_gmt":"2024-01-29T09:00:48","slug":"64009-jak-krute-menil-zivoty-nacisticky-program-lebensborn","status":"publish","type":"post","link":"https:\/\/www.luxor.cz\/blog\/recenze\/64009-jak-krute-menil-zivoty-nacisticky-program-lebensborn\/","title":{"rendered":"Jak krut\u011b m\u011bnil \u017eivoty nacistick\u00fd program Lebensborn\u2026"},"content":{"rendered":"<p style=\"font-weight: 400;\">V knize sledujeme osudy t\u0159\u00ed \u017een. Gundi, Hilde a Irmy. Gundi je kr\u00e1sn\u00e1 studentka berl\u00ednsk\u00e9 univerzity, kter\u00e1 se zamiluje do \u017eidovsk\u00e9ho chlapce, jen\u017e je \u010dlenem odbojov\u00e9 skupiny. I ona by r\u00e1da pomohla, a tak ostatn\u00edm \u010dlen\u016fm dok\u00e1\u017ee svou odvahu i d\u016fv\u011bryhodnost a p\u0159id\u00e1 se na jejich stranu. Sv\u016fj \u017eivot by r\u00e1da vid\u011bla po boku Lea a jeho \u017eidovsk\u00e9 rodiny. Ov\u0161em kdy\u017e Gundi ne\u010dekan\u011b ot\u011bhotn\u00ed, rodinn\u00fd l\u00e9ka\u0159 kontaktuje vysoce postaven\u00e9ho doktora Ebnera, hrd\u00e9ho \u010dlena N\u00e1rodn\u00ed socialistick\u00e9 strany. A proto\u017ee Gundi je mimo\u0159\u00e1dn\u011b kr\u00e1sn\u00e1 blond\u00fdna s modr\u00fdma o\u010dima, velmi sv\u011btlou plet\u00ed a jej\u00ed lebka, nos i \u010delo maj\u00ed ide\u00e1ln\u00ed rozm\u011bry, doktor Ebner s n\u00ed m\u00e1 jist\u00e9 pl\u00e1ny. U\u017e sta\u010d\u00ed dolo\u017eit jen \u010distotu rasy otce d\u00edt\u011bte\u2026.<\/p>\n<p style=\"font-weight: 400;\">Irma je \u010dty\u0159ia\u010dty\u0159icetilet\u00e1 zdravotn\u00ed sestra, kter\u00e1 b\u011bhem velk\u00e9 v\u00e1lky o\u0161et\u0159ovala t\u011b\u017ece ran\u011bn\u00e9 ve vojensk\u00e9 nemocnici. Starala se o n\u011b ze v\u0161ech sil i ve vysok\u00e9m stupni t\u011bhotenstv\u00ed, a i to mo\u017en\u00e1 zap\u0159\u00ed\u010dinilo, \u017ee o sv\u00e9 d\u00edt\u011b p\u0159i\u0161la. Nyn\u00ed po dvaceti letech se sna\u017e\u00ed vybudovat si nov\u00fd \u017eivot. Je zasnouben\u00e1 a \u010dek\u00e1 a\u017e jej\u00ed drah\u00fd stanov\u00fd p\u0159esn\u00fd term\u00edn svatby. Kdy\u017e ho v\u0161ak ne\u010dekan\u011b nav\u0161t\u00edv\u00ed u n\u011bj doma, v\u0161e se zm\u011bn\u00ed. Irma u\u017e nem\u00e1 jedin\u00fd d\u016fvod pro\u010d ve Frankfurtu z\u016fst\u00e1vat. Kone\u010dn\u011b p\u0159ijme nab\u00eddku sv\u00e9 p\u0159\u00edtelkyn\u011b pracovat pro \u0158\u00ed\u0161i v dom\u011b matek nedaleko od Mnichova.<\/p>\n<p style=\"font-weight: 400;\">T\u0159et\u00ed \u017eenou, jej\u00ed\u017e p\u0159\u00edb\u011bh n\u00e1m autorka odvypr\u00e1v\u00ed, je Hilde. A to je teda \u00fapln\u011b jin\u00e9 kafe ne\u017e p\u0159edchoz\u00ed dv\u011b. Studuje gymn\u00e1zium a za p\u00e1r m\u011bs\u00edc\u016f m\u00e1 maturovat. Zat\u00edmco jej\u00ed matka si neust\u00e1le d\u011bl\u00e1 t\u011b\u017ekou hlavu, co s d\u00e1l s Hildin\u00fdm \u017eivotem, pro jej\u00edho otce, d\u016fstojn\u00edka SS, je po v\u011bt\u0161inu \u010dasu Hilde zcela neviditeln\u00e1. Kdy\u017e v\u0161ak na ve\u010de\u0159i p\u0159ijde d\u016fle\u017eit\u00fd host, Obergruppenf\u00fchrer Werner Ziegler, prav\u00e1 ruka Heinricha Himmlera, Hilde c\u00edt\u00ed \u0161anci zast\u00ednit sv\u00e9ho otce a strhnout ve\u0161kerou pozornost na sebe. Jako ka\u017edou mladou d\u00edvku by ji sp\u00ed\u0161 zaj\u00edmaly pikantn\u00ed drby z ve\u010d\u00edrk\u016f, \u010di co m\u011bla Eva Braunov\u00e1 na sob\u011b, ale je odhodlan\u00e1 p\u0159edv\u00e9st se v nejlep\u0161\u00edm sv\u011btle. Ud\u011blat ze sebe vzornou d\u00edvku, kter\u00e1 vyzn\u00e1v\u00e1 v\u0161echny hodnoty \u0158\u00ed\u0161e, nad\u0161en\u011b se zaj\u00edm\u00e1 o \u010distotu rasy a pln\u011b souzn\u00ed s K\u0159i\u0161\u0165\u00e1lovou noc\u00ed. Herr Ziegler nebyl zrovna hezk\u00fd mu\u017e, ale jeho moc ji p\u0159itahovala tak siln\u011b, a\u017e jej\u00ed pl\u00e1ny zahrnovaly i odnosit jeho d\u00edt\u011b.<\/p>\n<p style=\"font-weight: 400;\">V\u0161echny \u017eeny se setkaj\u00ed v dom\u011b matek a jejich \u017eivot nab\u00edr\u00e1 jin\u00fd sp\u00e1d. Zat\u00edmco Gundi prov\u00e1z\u00ed ka\u017edodenn\u00ed strach nejen o Lea a jeho rodinu, ale tak\u00e9 o to, jakou barvu vlas\u016f a poko\u017eky bude m\u00edt jejich d\u00edt\u011b. Bude sv\u011btl\u00e9 po n\u00ed? Co by se s d\u00edt\u011btem stalo, kdyby v\u0161ak jeho poko\u017eka m\u011bla stejn\u011b tmav\u00fd odst\u00edn jako Leova? Mohly by sestry i p\u0159esto uv\u011b\u0159it, \u017ee je d\u00edt\u011b \u010distokrevn\u00fd N\u011bmec?<\/p>\n<p style=\"font-weight: 400;\">Dok\u00e1\u017ee Gundi sv\u016fj \u0161\u00edlen\u00fd pl\u00e1n dot\u00e1hnout a\u017e do konce? V dom\u011b matek se chov\u00e1 pov\u00fd\u0161en\u011b a nezapom\u00edn\u00e1 se ani zde zm\u00ednit, kdo je jej\u00edm milencem. Je opravdu tak sebejist\u00e1 a prohnan\u00e1 \u010di snad hloup\u011b zfanatizovan\u00e1? Nebo jen zoufale ztracen\u00e1 d\u00edvka?<\/p>\n<p style=\"font-weight: 400;\">A jak se zachov\u00e1 Irma, kdy\u017e pochop\u00ed, jak p\u0159esn\u011b funguje d\u016fm matek a adopce d\u011bt\u00ed? Dok\u00e1\u017ee p\u0159ihl\u00ed\u017eet v\u0161em skute\u010dnostem s ledov\u00fdm klidem?<\/p>\n<p style=\"font-weight: 400;\">I kdybyste m\u011bli p\u0159e\u010dteny des\u00edtky historick\u00fdch knih z 2. sv. v\u00e1lky, nic v\u00e1s nep\u0159iprav\u00ed na dal\u0161\u00ed \u0161okuj\u00edc\u00ed podrobnosti, je\u017e se zdaj\u00ed zcela neuv\u011b\u0159iteln\u00e9, a p\u0159esto byly v t\u00e9 dob\u011b krutou realitou.<\/p>\n<p style=\"font-weight: 400;\">Brut\u00e1ln\u00ed odeb\u00edr\u00e1n\u00ed rasov\u011b vhodn\u00fdch d\u011bt\u00ed, adopce podobaj\u00edc\u00ed se v\u00fdb\u011bru zbo\u017e\u00ed na jarmarku \u010di smrt\u00edc\u00ed injekce nemocn\u00fdm a nevhodn\u00fdm\u2026. Autorka p\u00ed\u0161e velmi poutav\u011b, hlavn\u00ed hrdinky knihy jsou charakterem velmi rozmanit\u00e9 a jejich psychologie je dota\u017eena do nejmen\u0161\u00edch detail\u016f. Rom\u00e1n m\u011b zcela pohltil a nezaslou\u017e\u00ed si m\u00e9n\u011b ne\u017e pln\u00fd po\u010det hv\u011bzd. Pokud m\u00e1te siln\u00fd \u017ealudek a jste odhodlan\u00ed dozv\u011bd\u011bt se je\u0161t\u011b v\u00edc o nelidsk\u00fdch \u010dinech nacist\u016f, rozhodn\u011b nesm\u00edte tuto knihu minout.<\/p>\n<p style=\"font-weight: 400;\">\u00a0<\/p>\n<p style=\"font-weight: 400;\">\u00a0<\/p>\n<p style=\"font-weight: 400;\">Mark\u00e9ta Posp\u00ed\u0161ilov\u00e1<\/p>\n<p>Autor:\u00a0Mark\u00e9ta Posp\u00ed\u0161ilov\u00e1<\/p>\n","protected":false},"excerpt":{"rendered":"<p>Rom\u00e1n, zalo\u017een\u00fd na skute\u010dn\u00fdch historick\u00fdch ud\u00e1lostech, n\u00e1m velmi \u010dtivou formou odhaluje podrobn\u00e9 informace o \u0161okuj\u00edc\u00edm nacistick\u00e9m programu na vytvo\u0159en\u00ed \u010dist\u00e9 rasy.<\/p>\n","protected":false},"author":2,"featured_media":324716,"comment_status":"open","ping_status":"open","sticky":false,"template":"","format":"standard","meta":{"_acf_changed":false,"_monsterinsights_skip_tracking":false,"_monsterinsights_sitenote_active":false,"_monsterinsights_sitenote_note":"","_monsterinsights_sitenote_category":0,"_EventAllDay":false,"_EventTimezone":"","_EventStartDate":"","_EventEndDate":"","_EventStartDateUTC":"","_EventEndDateUTC":"","_EventShowMap":false,"_EventShowMapLink":false,"_EventURL":"","_EventCost":"","_EventCostDescription":"","_EventCurrencySymbol":"","_EventCurrencyCode":"","_EventCurrencyPosition":"","_EventDateTimeSeparator":"","_EventTimeRangeSeparator":"","_EventOrganizerID":[],"_EventVenueID":[],"_OrganizerEmail":"","_OrganizerPhone":"","_OrganizerWebsite":"","_VenueAddress":"","_VenueCity":"","_VenueCountry":"","_VenueProvince":"","_VenueState":"","_VenueZip":"","_VenuePhone":"","_VenueURL":"","_VenueStateProvince":"","_VenueLat":"","_VenueLng":"","_VenueShowMap":false,"_VenueShowMapLink":false,"twitterCardType":"","cardImageID":0,"cardImage":"","cardTitle":"","cardDesc":"","cardImageAlt":"","cardPlayer":"","cardPlayerWidth":0,"cardPlayerHeight":0,"cardPlayerStream":"","cardPlayerCodec":"","footnotes":""},"categories":[7],"tags":[21832],"class_list":["post-324715","post","type-post","status-publish","format-standard","has-post-thumbnail","hentry","category-recenze","tag-literarni-kavarna"],"acf":{"related_products":null},"_links":{"self":[{"href":"https:\/\/www.luxor.cz\/blog\/wp-json\/wp\/v2\/posts\/324715","targetHints":{"allow":["GET"]}}],"collection":[{"href":"https:\/\/www.luxor.cz\/blog\/wp-json\/wp\/v2\/posts"}],"about":[{"href":"https:\/\/www.luxor.cz\/blog\/wp-json\/wp\/v2\/types\/post"}],"author":[{"embeddable":true,"href":"https:\/\/www.luxor.cz\/blog\/wp-json\/wp\/v2\/users\/2"}],"replies":[{"embeddable":true,"href":"https:\/\/www.luxor.cz\/blog\/wp-json\/wp\/v2\/comments?post=324715"}],"version-history":[{"count":0,"href":"https:\/\/www.luxor.cz\/blog\/wp-json\/wp\/v2\/posts\/324715\/revisions"}],"wp:featuredmedia":[{"embeddable":true,"href":"https:\/\/www.luxor.cz\/blog\/wp-json\/wp\/v2\/media\/324716"}],"wp:attachment":[{"href":"https:\/\/www.luxor.cz\/blog\/wp-json\/wp\/v2\/media?parent=324715"}],"wp:term":[{"taxonomy":"category","embeddable":true,"href":"https:\/\/www.luxor.cz\/blog\/wp-json\/wp\/v2\/categories?post=324715"},{"taxonomy":"post_tag","embeddable":true,"href":"https:\/\/www.luxor.cz\/blog\/wp-json\/wp\/v2\/tags?post=324715"}],"curies":[{"name":"wp","href":"https:\/\/api.w.org\/{rel}","templated":true}]}}