{"id":324713,"date":"2024-01-29T10:03:27","date_gmt":"2024-01-29T09:03:27","guid":{"rendered":"https:\/\/www.luxor.cz\/blog\/nezarazene\/64015-sepoty-ashley-audrain\/"},"modified":"2024-01-29T10:03:27","modified_gmt":"2024-01-29T09:03:27","slug":"64015-sepoty-ashley-audrain","status":"publish","type":"post","link":"https:\/\/www.luxor.cz\/blog\/recenze\/64015-sepoty-ashley-audrain\/","title":{"rendered":"\u0160epoty Ashley Audrain"},"content":{"rendered":"<p><span style=\"vertical-align: inherit;\"><span style=\"vertical-align: inherit;\"><span style=\"vertical-align: inherit;\"><span style=\"vertical-align: inherit;\">\u00dast\u0159edn\u00edmi hrdinkami, kolem kter\u00fdch se d\u011bj to\u010d\u00ed, jsou Whitney, Blaire, Rebecca a Mara. <\/span><\/span><\/span><span style=\"vertical-align: inherit;\"><span style=\"vertical-align: inherit;\"><span style=\"vertical-align: inherit;\">T\u0159i mlad\u00e9 \u017eeny a postar\u0161\u00ed sousedka, kter\u00e9 \u017eij\u00ed spole\u010dn\u011b v jedn\u00e9 ulici, pro\u017e\u00edvaj\u00ed obdobn\u00e9 \u017eivoty, a p\u0159ece \u017eij\u00ed velice odli\u0161n\u011b. <\/span><\/span><\/span><span style=\"vertical-align: inherit;\"><span style=\"vertical-align: inherit;\"><span style=\"vertical-align: inherit;\">Mnohdy si kv\u016fli jinakosti ani nemaj\u00ed co \u0159\u00edct, ale v\u0161echny sv\u00edraj\u00ed t\u011b\u017ekosti skute\u010dnosti. <\/span><\/span><\/span><\/span><\/p>\n<p><span style=\"vertical-align: inherit;\"><span style=\"vertical-align: inherit;\"><span style=\"vertical-align: inherit;\"><span style=\"vertical-align: inherit;\">Blaire se kdysi v\u011bnovala marketingu a byla opravdu dobr\u00e1, jen\u017ee s mate\u0159stv\u00edm p\u0159i\u0161la zm\u011bna. <\/span><\/span><\/span><span style=\"vertical-align: inherit;\"><span style=\"vertical-align: inherit;\"><span style=\"vertical-align: inherit;\">Po narozen\u00ed dcery Chloe se rozhodla v\u011bnovat j\u00ed sv\u016fj \u017eivot. <\/span><\/span><\/span><span style=\"vertical-align: inherit;\"><span style=\"vertical-align: inherit;\"><span style=\"vertical-align: inherit;\">Blaire m\u00e1 pocit, \u017ee stagnuje a v\u0161echno se rozpad\u00e1 p\u0159ed o\u010dima. <\/span><\/span><\/span><span style=\"vertical-align: inherit;\"><span style=\"vertical-align: inherit;\"><span style=\"vertical-align: inherit;\">Je p\u0159esv\u011bd\u010den\u00e1, \u017ee ji man\u017eel podv\u00e1d\u00ed, c\u00edt\u00ed se neschopn\u00e1 a ut\u00e1p\u00ed se ve sv\u00fdch obav\u00e1ch v\u00edc a v\u00edc. <\/span><\/span><\/span><span style=\"vertical-align: inherit;\"><span style=\"vertical-align: inherit;\"><span style=\"vertical-align: inherit;\">M\u00e1 pocit, \u017ee rodinn\u00fd \u017eivot se j\u00ed drol\u00ed pod rukama a ona se jen \u0159\u00edt\u00ed a nev\u00ed, jak ho zachr\u00e1nit. <\/span><\/span><\/span><span style=\"vertical-align: inherit;\"><span style=\"vertical-align: inherit;\"><span style=\"vertical-align: inherit;\">Whitney m\u00e1 t\u0159i d\u011bti. <\/span><\/span><\/span><span style=\"vertical-align: inherit;\"><span style=\"vertical-align: inherit;\"><span style=\"vertical-align: inherit;\">Dvoj\u010data, o kter\u00e9 se v p\u0159\u00edpad\u011b pot\u0159eby star\u00e1 ch\u016fva, a desetilet\u00e9ho syna Xaviera. <\/span><\/span><\/span><span style=\"vertical-align: inherit;\"><span style=\"vertical-align: inherit;\"><span style=\"vertical-align: inherit;\">Ten ji ob\u010das vyt\u00e1\u010d\u00ed, a to natolik, a\u017e soused\u00e9 sly\u0161\u00ed jej\u00ed k\u0159ik i p\u0159es zdi jejich domu. <\/span><\/span><\/span><span style=\"vertical-align: inherit;\"><span style=\"vertical-align: inherit;\"><span style=\"vertical-align: inherit;\">Kdy\u017e se Xavier zran\u00ed a mus\u00ed b\u00fdt uveden\u00fd do um\u011bl\u00e9ho sp\u00e1nku, v\u0161echno teprve za\u010d\u00edn\u00e1&#8230; Co se tu osudnou noc stalo? <\/span><\/span><\/span><span style=\"vertical-align: inherit;\"><span style=\"vertical-align: inherit;\"><span style=\"vertical-align: inherit;\">Jakou matkou ve skute\u010dnosti Whitney je, a hlavn\u011b jak\u00e1 opravdu je? <\/span><\/span><\/span><\/span><\/p>\n<p><span style=\"vertical-align: inherit;\"><span style=\"vertical-align: inherit;\"><span style=\"vertical-align: inherit;\"><span style=\"vertical-align: inherit;\">Zku\u0161en\u00e1, ob\u011btav\u00e1 a citliv\u00e1 l\u00e9ka\u0159ka Rebecca je \u017eenou na sv\u00e9m m\u00edst\u011b. <\/span><\/span><\/span><span style=\"vertical-align: inherit;\"><span style=\"vertical-align: inherit;\"><span style=\"vertical-align: inherit;\">A\u010dkoliv se usm\u00edv\u00e1, i ona m\u00e1 sv\u00e9 tr\u00e1pen\u00ed, kter\u00e9 ji sr\u00e1\u017e\u00ed. <\/span><\/span><\/span><span style=\"vertical-align: inherit;\"><span style=\"vertical-align: inherit;\"><span style=\"vertical-align: inherit;\">Poka\u017ed\u00e9, kdy\u017e se sna\u017e\u00ed, aby byla \u0161\u0165astn\u00e1 a poda\u0159ilo se jim s man\u017eelem naplnit man\u017eelstv\u00ed, selh\u00e1v\u00e1. <\/span><\/span><\/span><span style=\"vertical-align: inherit;\"><span style=\"vertical-align: inherit;\"><span style=\"vertical-align: inherit;\">Pro n\u011bkter\u00e9 \u010dten\u00e1\u0159ky, kter\u00e9 pro\u017eily jej\u00ed situaci, m\u016f\u017ee b\u00fdt \u010dten\u00ed velice t\u011b\u017ek\u00e9. <\/span><\/span><\/span><\/span><\/p>\n<p><span style=\"vertical-align: inherit;\"><span style=\"vertical-align: inherit;\"><span style=\"vertical-align: inherit;\"><span style=\"vertical-align: inherit;\">Mara je dvaaosmdes\u00e1tilet\u00e1 \u017eena ze sousedstv\u00ed, modern\u00ed \u017eeny jsou pro ni sp\u00ed\u0161e z\u00e1hadou. <\/span><\/span><\/span><span style=\"vertical-align: inherit;\"><span style=\"vertical-align: inherit;\"><span style=\"vertical-align: inherit;\">\u017dije s man\u017eelem, ale sama si nese sv\u016fj t\u011b\u017ek\u00fd osud. <\/span><\/span><\/span><span style=\"vertical-align: inherit;\"><span style=\"vertical-align: inherit;\"><span style=\"vertical-align: inherit;\">Byla miluj\u00edc\u00ed matkou, za\u017eila strasti a sna\u017eila se sv\u00e9ho syna ochr\u00e1nit, ale nav\u017edy u\u017e bude muset \u017e\u00edt se sv\u00fdm vlastn\u00edm proh\u0159e\u0161kem, a\u010dkoliv cht\u011bla jen to nejlep\u0161\u00ed&#8230; Zd\u00e1nliv\u011b emotivn\u00ed p\u0159\u00edb\u011bh tak\u00e9 nese svou emotivn\u00ed str\u00e1nku. <\/span><\/span><\/span><\/span><\/p>\n<p><span style=\"vertical-align: inherit;\"><span style=\"vertical-align: inherit;\"><span style=\"vertical-align: inherit;\"><span style=\"vertical-align: inherit;\">Spisovatelka se rozhodla o ztv\u00e1rn\u011bn\u00ed mate\u0159stv\u00ed z n\u011bkolika r\u016fzn\u00fdch \u00fahl\u016f, p\u0159i\u010dem\u017e v\u017edy dok\u00e1zala \u0161ikovn\u011b zobrazit klady i z\u00e1pory dan\u00e9 situace. <\/span><\/span><\/span><span style=\"vertical-align: inherit;\"><span style=\"vertical-align: inherit;\"><span style=\"vertical-align: inherit;\">Pravdou je, \u017ee se hodn\u011b zam\u011b\u0159uje na trag\u00e9die, a \u010d\u00edm v\u00edce \u010dtete, t\u00edm pochmurn\u011bj\u0161\u00ed a beznad\u011bjn\u00e9 se \u010dten\u00ed zd\u00e1 b\u00fdt. <\/span><\/span><\/span><span style=\"vertical-align: inherit;\"><span style=\"vertical-align: inherit;\"><span style=\"vertical-align: inherit;\">Na citliv\u011bj\u0161\u00ed \u010dten\u00e1\u0159e by t\u011bch negativ bez svitu nad\u011bje mohlo b\u00fdt a\u017e p\u0159\u00edli\u0161. <\/span><\/span><\/span><span style=\"vertical-align: inherit;\"><span style=\"vertical-align: inherit;\"><span style=\"vertical-align: inherit;\">L\u00edbiv\u00e9 je, \u017ee se autorka neb\u00e1la s\u00e1hnout po kontroverzi, n\u011bkdy a\u017e surov\u00e9 zvr\u00e1cenosti, kter\u00e1 dod\u00e1v\u00e1 publikaci p\u0159\u00edzra\u010dnou atmosf\u00e9ru knih Iana McEwana, co\u017e pot\u011b\u0161\u00ed n\u00e1ro\u010dn\u011bj\u0161\u00edho \u010dten\u00e1\u0159e. <\/span><\/span><\/span><span style=\"vertical-align: inherit;\"><span style=\"vertical-align: inherit;\"><span style=\"vertical-align: inherit;\">Z\u00e1v\u011bru se nedo\u010dkaj\u00ed v\u0161echny p\u0159\u00edb\u011bhy. <\/span><\/span><\/span><span style=\"vertical-align: inherit;\"><span style=\"vertical-align: inherit;\"><span style=\"vertical-align: inherit;\">Jako by si Audrain nech\u00e1vala zadn\u00ed vr\u00e1tka a pl\u00e1novala pokra\u010dov\u00e1n\u00ed nebo cht\u011bla, aby si \u010dten\u00e1\u0159 n\u011bkter\u00e9 situace domyslel s\u00e1m. <\/span><\/span><\/span><span style=\"vertical-align: inherit;\"><span style=\"vertical-align: inherit;\"><span style=\"vertical-align: inherit;\">V p\u0159\u00edpad\u011b, \u017ee takov\u00fd prostor m\u00e1te v oblib\u011b a r\u00e1di si dom\u00fd\u0161l\u00edte mo\u017en\u00e9 konce, budete nad\u0161en\u00ed. <\/span><\/span><\/span><\/span><\/p>\n<p><span style=\"vertical-align: inherit;\"><span style=\"vertical-align: inherit;\"><span style=\"vertical-align: inherit;\"><span style=\"vertical-align: inherit;\">\u0160epoty jsou zaj\u00edmav\u00fdm thrillerem ve spole\u010densk\u00e9m duchu s prvky psychothrilleru. <\/span><\/span><\/span><span style=\"vertical-align: inherit;\"><span style=\"vertical-align: inherit;\"><span style=\"vertical-align: inherit;\">Chcete-li \u010dten\u00ed o bolestivosti \u017eivota, pak m\u00e1te p\u0159ed sebou spr\u00e1vn\u00fd thriller.<\/span><\/span><\/span><\/span><\/p>\n<p>\u00a0<\/p>\n<p>\u00a0<\/p>\n<p>\u00a0<\/p>\n<p>Autor:\u00a0Vyb\u00edr\u00e1me z m\u00e9di\u00ed: Magaz\u00edn Luxor<\/p>\n","protected":false},"excerpt":{"rendered":"<p>Kanadsk\u00e1 spisovatelka Ashley Audrain je v \u010cesk\u00e9 republice zn\u00e1m\u00e1 d\u00edky sv\u00e9mu psychothrilleru Druh\u00e1 tv\u00e1\u0159, kter\u00e1 se t\u00fdk\u00e1 rodinn\u00fdch vztah\u016f, vra\u017edy, mate\u0159stv\u00ed a partnerstv\u00ed.<\/p>\n","protected":false},"author":2,"featured_media":324714,"comment_status":"open","ping_status":"open","sticky":false,"template":"","format":"standard","meta":{"_acf_changed":false,"_monsterinsights_skip_tracking":false,"_monsterinsights_sitenote_active":false,"_monsterinsights_sitenote_note":"","_monsterinsights_sitenote_category":0,"_EventAllDay":false,"_EventTimezone":"","_EventStartDate":"","_EventEndDate":"","_EventStartDateUTC":"","_EventEndDateUTC":"","_EventShowMap":false,"_EventShowMapLink":false,"_EventURL":"","_EventCost":"","_EventCostDescription":"","_EventCurrencySymbol":"","_EventCurrencyCode":"","_EventCurrencyPosition":"","_EventDateTimeSeparator":"","_EventTimeRangeSeparator":"","_EventOrganizerID":[],"_EventVenueID":[],"_OrganizerEmail":"","_OrganizerPhone":"","_OrganizerWebsite":"","_VenueAddress":"","_VenueCity":"","_VenueCountry":"","_VenueProvince":"","_VenueState":"","_VenueZip":"","_VenuePhone":"","_VenueURL":"","_VenueStateProvince":"","_VenueLat":"","_VenueLng":"","_VenueShowMap":false,"_VenueShowMapLink":false,"twitterCardType":"","cardImageID":0,"cardImage":"","cardTitle":"","cardDesc":"","cardImageAlt":"","cardPlayer":"","cardPlayerWidth":0,"cardPlayerHeight":0,"cardPlayerStream":"","cardPlayerCodec":"","footnotes":""},"categories":[7],"tags":[21832],"class_list":["post-324713","post","type-post","status-publish","format-standard","has-post-thumbnail","hentry","category-recenze","tag-literarni-kavarna"],"acf":{"related_products":null},"_links":{"self":[{"href":"https:\/\/www.luxor.cz\/blog\/wp-json\/wp\/v2\/posts\/324713","targetHints":{"allow":["GET"]}}],"collection":[{"href":"https:\/\/www.luxor.cz\/blog\/wp-json\/wp\/v2\/posts"}],"about":[{"href":"https:\/\/www.luxor.cz\/blog\/wp-json\/wp\/v2\/types\/post"}],"author":[{"embeddable":true,"href":"https:\/\/www.luxor.cz\/blog\/wp-json\/wp\/v2\/users\/2"}],"replies":[{"embeddable":true,"href":"https:\/\/www.luxor.cz\/blog\/wp-json\/wp\/v2\/comments?post=324713"}],"version-history":[{"count":0,"href":"https:\/\/www.luxor.cz\/blog\/wp-json\/wp\/v2\/posts\/324713\/revisions"}],"wp:featuredmedia":[{"embeddable":true,"href":"https:\/\/www.luxor.cz\/blog\/wp-json\/wp\/v2\/media\/324714"}],"wp:attachment":[{"href":"https:\/\/www.luxor.cz\/blog\/wp-json\/wp\/v2\/media?parent=324713"}],"wp:term":[{"taxonomy":"category","embeddable":true,"href":"https:\/\/www.luxor.cz\/blog\/wp-json\/wp\/v2\/categories?post=324713"},{"taxonomy":"post_tag","embeddable":true,"href":"https:\/\/www.luxor.cz\/blog\/wp-json\/wp\/v2\/tags?post=324713"}],"curies":[{"name":"wp","href":"https:\/\/api.w.org\/{rel}","templated":true}]}}