{"id":324711,"date":"2024-01-30T10:19:44","date_gmt":"2024-01-30T09:19:44","guid":{"rendered":"https:\/\/www.luxor.cz\/blog\/nezarazene\/64019-lady-karneval-vcelka-maja-i-drakula\/"},"modified":"2024-01-30T10:19:44","modified_gmt":"2024-01-30T09:19:44","slug":"64019-lady-karneval-vcelka-maja-i-drakula","status":"publish","type":"post","link":"https:\/\/www.luxor.cz\/blog\/recenze\/64019-lady-karneval-vcelka-maja-i-drakula\/","title":{"rendered":"Lady Karneval, v\u010delka M\u00e1ja i Dr\u00e1kula"},"content":{"rendered":"<p><span style=\"vertical-align: inherit;\"><span style=\"vertical-align: inherit;\">\u010cau, l\u00e1sko, Lady Karneval nebo melodie z Dr\u00e1kuly si dodnes mnoho fanou\u0161k\u016f neu\u017e\u00edv\u00e1. Jeho syn Petr napsal osobn\u00ed knihu o \u017eivot\u011b sv\u00e9ho slavn\u00e9ho otce. Zakomponoval do n\u00ed mnoho unik\u00e1tn\u00edch z\u00e1pisk\u016f, vzpom\u00ednek z ka\u017edodenn\u00edho \u017eivota, ale i spoustu nepublikovan\u00fdch fotografi\u00ed. O \u010dem se v knize m\u016f\u017eete do\u010d\u00edst?<\/span><\/span><\/p>\n<p>\u00a0<\/p>\n<p><span style=\"vertical-align: inherit;\"><span style=\"vertical-align: inherit;\">O VE\u010cERU S D\u011aTMI<\/span><\/span><\/p>\n<p><span style=\"vertical-align: inherit;\"><span style=\"vertical-align: inherit;\">Karel je ve sv\u00e9m byt\u011b a sleduje blikaj\u00edc\u00ed no\u010dn\u00ed m\u011bsto. N\u00e1hle si vzpomene na The Beatles a nasko\u010d\u00ed mu rytmus. Vezme skleni\u010dku a za\u010dne vy\u0165uk\u00e1vat. Dob\u0159e, je\u0161t\u011b hrnec, trochu opr\u00fdskan\u00fd, ale na tohle je p\u0159esn\u00fd. Te\u010f p\u00e1nvi\u010dka a zapnout magnetofon\u2026 dev\u00edtilet\u00e1 Jana se vzbudila v posteli. Co to ten t\u00e1ta zase vyv\u00e1d\u00ed? Jsou dv\u011b r\u00e1no, Jana sch\u00e1z\u00ed dol\u016f ze schod\u016f, t\u00e1ta s vervou hraje v kuchyni na bubny, mydl\u00ed rytmus do skleni\u010dek a hrnc\u016f, a to v\u0161e nahr\u00e1v\u00e1. \u0160i\u0161ka je pry\u010d a on m\u011bl hl\u00eddat, a tak\u00e9 \u017ee hl\u00edd\u00e1, Jana se p\u0159id\u00e1v\u00e1 a spole\u010dn\u011b s touto nat\u00e1\u010d\u00ed demosn\u00edmek p\u00edsni\u010dky Beatles\u2026 snad ani nen\u00ed t\u0159eba dod\u00e1vat, \u017ee ji nazp\u00edval Karel Gott.<\/span><\/span><\/p>\n<p>\u00a0<\/p>\n<p><span style=\"vertical-align: inherit;\"><span style=\"vertical-align: inherit;\">O DEVADES\u00c1TK\u00c1CH<\/span><\/span><\/p>\n<p><span style=\"vertical-align: inherit;\"><span style=\"vertical-align: inherit;\">Karel se za\u010dne politicky anga\u017eovat s up\u0159\u00edmn\u00fdm c\u00edlem p\u0159esunout v\u011bci k lep\u0161\u00edmu a bude spoluzakl\u00e1dat stranu podnikatel\u016f. Forma je pro Karla a\u017e na prvn\u00edm m\u00edst\u011b, a tak ho nyn\u00ed p\u0159\u00e1tel\u00e9 budou vid\u011bt zejm\u00e9na v saku s aktovkou. Uvnit\u0159 n\u00ed nalezneme hotovost, pe\u010dliv\u011b natisknut\u00e9 vizitky a revolver Smith &#038; Wesson. Ano, nov\u00fd z\u00e1kon o zbran\u00edch umo\u017e\u0148uje ka\u017ed\u00e9mu opat\u0159it si zbrojn\u00ed pas, a to Karel v\u00edt\u00e1 s otev\u0159enou n\u00e1ru\u010d\u00ed. Ve zbran\u00edch se vyzn\u00e1 ji\u017e od vojny av jeho trezoru zah\u00e1l\u00ed i jedna neleg\u00e1ln\u011b dr\u017een\u00e1. Posledn\u00ed \u010d\u00e1sti v\u00fdbavy Karla-podnikatele je pak samoz\u0159ejm\u011b mobiln\u00ed telefon. Jakkoli v Jevanech, kde nen\u00ed po\u0159\u00e1dn\u00fd sign\u00e1l, mu kuf\u0159\u00edkov\u00fd mobil moc nepom\u016f\u017ee.<\/span><\/span><\/p>\n<p>\u00a0<\/p>\n<p><span style=\"vertical-align: inherit;\"><span style=\"vertical-align: inherit;\">O HUDEBN\u00cdCH ARAN\u017d\u00cdCH<\/span><\/span><\/p>\n<p><span style=\"vertical-align: inherit;\"><span style=\"vertical-align: inherit;\">Je zde i film Jind\u0159icha Pol\u00e1ka Z\u00edtra vstanu a opa\u0159\u00edm se \u010dajem, proslul\u00e1 sci-fi komedie o cestov\u00e1n\u00ed \u010dasem. Karel se do filmu u\u017e\u00edv\u00e1 a slo\u017e\u00ed pro n\u011bj kr\u00e1snou hudbu, kter\u00e1 sice nese jeho jasn\u00fd rukopis, ale od \u0160pen\u00e1tu se zcela li\u0161\u00ed. I to je Karlova dom\u00e9na, schopnost naladit se na tv\u016frce a jej\u00ed d\u00edlo p\u0159esunout na dal\u0161\u00ed \u00farove\u0148. S hudebn\u00edmi aran\u017eemi Karlovi pom\u00e1haj\u00ed br\u00e1cha Ji\u0159\u00ed, a Karel pomoc bude pot\u0159ebovat, proto\u017ee nov\u00fdch projekt\u016f je vrchovat\u011b. Pokra\u010duj\u00ed toti\u017e i pr\u00e1ce na Pinocchiovi. Karel skl\u00e1d\u00e1 hudbu a tituln\u00ed melodii k dal\u0161\u00edm Vorl\u00ed\u010dkov\u011b poh\u00e1dce Jak se bud\u00ed princezny. P\u00edse\u0148 Jdi za \u0161t\u011bst\u00edm p\u0159inese Karlovi \u00fasp\u011bch i za hranicemi, proto\u017ee se s Karlem Gottem vrac\u00ed na festival Yamaha v japonsk\u00e9m Tokiu.<\/span><\/span><\/p>\n<p>\u00a0<\/p>\n<p><span style=\"vertical-align: inherit;\"><span style=\"vertical-align: inherit;\">O VILE V JEVANECH<\/span><\/span><\/p>\n<p><span style=\"vertical-align: inherit;\"><span style=\"vertical-align: inherit;\">Est\u00e9t Karel nech\u00e1v\u00e1 kamar\u00e1da Pepu Vyle\u0165ala namalovat kr\u00e1sn\u00fd portr\u00e9t \u0160i\u0161ky v \u017eivotn\u00ed velikosti, ten bude dominovat ob\u00fdvac\u00edmu pokoji v Jevanech. Ov\u0161em srdcem domu se stejn\u011b stane kuchy\u0148, v n\u00ed\u017e panuje \u0160i\u0161ka z masa a kost\u00ed. Kuchy\u0148 je vzhledem k velikosti vily mali\u010dk\u00e1, ale stejn\u011b zde za\u010dne a skon\u010d\u00ed ka\u017ed\u00fd ve\u010der. Karel voz\u00ed ze sv\u00fdch cest do N\u011bmecka mnoho interi\u00e9rov\u00fdch prvk\u016f, v jeho kufru celn\u00edci v\u00eddaj\u00ed r\u016fzn\u00e9 lampy, tapety, vyp\u00edna\u010de a barvy\u2026 a mezi nimi samoz\u0159ejm\u011b i syntez\u00e1tory, reproduktory a mikrofony.<\/span><\/span><\/p>\n<p>\u00a0<\/p>\n<p><span style=\"vertical-align: inherit;\"><span style=\"vertical-align: inherit;\">Obs\u00e1hl\u00e1 obrazov\u00e1 monografie p\u0159edstavuje Karla Svobodu jako \u010dlov\u011bka zcela oddan\u00e9 sv\u00e9 pr\u00e1ci, kter\u00fd si v\u0161ak z\u00e1rove\u0148 dok\u00e1zal vychutn\u00e1vat \u017eivot pln\u00fdmi dou\u0161ky a nezkazil \u017e\u00e1dnou z\u00e1bavu. Poodhaluje mnoho zaj\u00edmavost\u00ed o jeho \u017eivot\u011b, d\u011btstv\u00ed, cest\u011b na vrchol, o \u0161\u0165astn\u00e9m rodinn\u00e9m z\u00e1zem\u00ed i jeho nesm\u00edrn\u011b smutn\u00e9m konci. Vypr\u00e1v\u00ed o slo\u017eit\u00e9m vzniku Karlova nahr\u00e1vac\u00edho studia i rekonstrukci vily v Jevanech, kde si vybudoval sv\u016fj soukrom\u00fd r\u00e1j a tv\u016fr\u010d\u00ed prostor, o ve\u010d\u00edrc\u00edch, kter\u00e9 skon\u010dily a\u017e nad r\u00e1nem, o probl\u00e9mech tvorby na dvou stran\u00e1ch \u017eelezn\u00e9 opony. A tak\u00e9 o posl\u00e1n\u00ed skl\u00e1d\u00e1n\u00edm hudby, kter\u00e9 bylo neoddiskutovateln\u00fdm smyslem jeho \u017eivota. Osobnost Karla Svobody p\u0159ibli\u017euje iv exkluzivn\u00edch vzpom\u00ednk\u00e1ch jeho bl\u00edzk\u00fdch spolupracovn\u00edk\u016f a p\u0159\u00e1tel, z nich\u017e mnoz\u00ed se tak\u00e9 nesmazateln\u011b zapsali do d\u011bjin \u010desk\u00e9 i sv\u011btov\u00e9 kultury.<\/span><\/span><\/p>\n<p>\u00a0<\/p>\n<p>\u00a0<\/p>\n<p>Autor:\u00a0Vyb\u00edr\u00e1me z m\u00e9di\u00ed: Magaz\u00edn Luxor<\/p>\n","protected":false},"excerpt":{"rendered":"<p><span style=\"vertical-align: inherit;\"><span style=\"vertical-align: inherit;\">Ne\u00fanavn\u00fd hitmaker Karel Svoboda slo\u017eil stovky p\u00edsn\u00ed a hudbu k des\u00edtk\u00e1m film\u016f a seri\u00e1l\u016f. Ur\u010dit\u011b si vybav\u00edte jeho melodie pro legend\u00e1rn\u00ed poh\u00e1dku T\u0159i o\u0159\u00ed\u0161ky pro Popelku nebo seri\u00e1ly N\u00e1v\u0161t\u011bvn\u00edci \u010di Cirkus Humberto.\u00a0<\/span><\/span><\/p>\n","protected":false},"author":2,"featured_media":324712,"comment_status":"open","ping_status":"open","sticky":false,"template":"","format":"standard","meta":{"_acf_changed":false,"_monsterinsights_skip_tracking":false,"_monsterinsights_sitenote_active":false,"_monsterinsights_sitenote_note":"","_monsterinsights_sitenote_category":0,"_EventAllDay":false,"_EventTimezone":"","_EventStartDate":"","_EventEndDate":"","_EventStartDateUTC":"","_EventEndDateUTC":"","_EventShowMap":false,"_EventShowMapLink":false,"_EventURL":"","_EventCost":"","_EventCostDescription":"","_EventCurrencySymbol":"","_EventCurrencyCode":"","_EventCurrencyPosition":"","_EventDateTimeSeparator":"","_EventTimeRangeSeparator":"","_EventOrganizerID":[],"_EventVenueID":[],"_OrganizerEmail":"","_OrganizerPhone":"","_OrganizerWebsite":"","_VenueAddress":"","_VenueCity":"","_VenueCountry":"","_VenueProvince":"","_VenueState":"","_VenueZip":"","_VenuePhone":"","_VenueURL":"","_VenueStateProvince":"","_VenueLat":"","_VenueLng":"","_VenueShowMap":false,"_VenueShowMapLink":false,"twitterCardType":"","cardImageID":0,"cardImage":"","cardTitle":"","cardDesc":"","cardImageAlt":"","cardPlayer":"","cardPlayerWidth":0,"cardPlayerHeight":0,"cardPlayerStream":"","cardPlayerCodec":"","footnotes":""},"categories":[7],"tags":[21832],"class_list":["post-324711","post","type-post","status-publish","format-standard","has-post-thumbnail","hentry","category-recenze","tag-literarni-kavarna"],"acf":{"related_products":null},"_links":{"self":[{"href":"https:\/\/www.luxor.cz\/blog\/wp-json\/wp\/v2\/posts\/324711","targetHints":{"allow":["GET"]}}],"collection":[{"href":"https:\/\/www.luxor.cz\/blog\/wp-json\/wp\/v2\/posts"}],"about":[{"href":"https:\/\/www.luxor.cz\/blog\/wp-json\/wp\/v2\/types\/post"}],"author":[{"embeddable":true,"href":"https:\/\/www.luxor.cz\/blog\/wp-json\/wp\/v2\/users\/2"}],"replies":[{"embeddable":true,"href":"https:\/\/www.luxor.cz\/blog\/wp-json\/wp\/v2\/comments?post=324711"}],"version-history":[{"count":0,"href":"https:\/\/www.luxor.cz\/blog\/wp-json\/wp\/v2\/posts\/324711\/revisions"}],"wp:featuredmedia":[{"embeddable":true,"href":"https:\/\/www.luxor.cz\/blog\/wp-json\/wp\/v2\/media\/324712"}],"wp:attachment":[{"href":"https:\/\/www.luxor.cz\/blog\/wp-json\/wp\/v2\/media?parent=324711"}],"wp:term":[{"taxonomy":"category","embeddable":true,"href":"https:\/\/www.luxor.cz\/blog\/wp-json\/wp\/v2\/categories?post=324711"},{"taxonomy":"post_tag","embeddable":true,"href":"https:\/\/www.luxor.cz\/blog\/wp-json\/wp\/v2\/tags?post=324711"}],"curies":[{"name":"wp","href":"https:\/\/api.w.org\/{rel}","templated":true}]}}