{"id":324692,"date":"2024-02-12T10:00:16","date_gmt":"2024-02-12T09:00:16","guid":{"rendered":"https:\/\/www.luxor.cz\/blog\/nezarazene\/64024-slova-ktera-nelze-uchopit-abstraktni-svet-pro-male-ctenare\/"},"modified":"2024-02-12T10:00:16","modified_gmt":"2024-02-12T09:00:16","slug":"64024-slova-ktera-nelze-uchopit-abstraktni-svet-pro-male-ctenare","status":"publish","type":"post","link":"https:\/\/www.luxor.cz\/blog\/recenze\/64024-slova-ktera-nelze-uchopit-abstraktni-svet-pro-male-ctenare\/","title":{"rendered":"Slova, kter\u00e1 nelze uchopit:Abstraktn\u00ed sv\u011bt pro mal\u00e9 \u010dten\u00e1\u0159e"},"content":{"rendered":"<div>\n<p class=\"Standard\">N\u011bkdy se n\u00e1m m\u016f\u017ee zd\u00e1t, \u017ee na\u0161e d\u011bti n\u00e1s napodobuj\u00ed, ani\u017e by rozum\u011bly tomu, co \u0159\u00edkaj\u00ed. Kdy\u017e ke mn\u011b p\u0159ijde dcera, obj\u00edm\u00e1 m\u011b a \u0159\u00edk\u00e1: \u201eMami, j\u00e1 t\u011b tak miluji.\u201c V\u00edm, \u017ee opakuje slova, kter\u00e1 sly\u0161\u00ed ode m\u011b, ale nev\u00edm, jestli jim opravdu rozum\u00ed. C\u00edt\u00ed projev l\u00e1sky a n\u00e1klonnosti, proto\u017ee ji maminka pohlad\u00ed, pol\u00edb\u00ed a \u0159ekne miluji t\u011b. Ale pak se zept\u00e1: &#8222;Mami, co to vlastn\u011b znamen\u00e1?\u201c Jak j\u00ed m\u00e1m vysv\u011btlit, co je to l\u00e1ska? Jak j\u00ed m\u00e1m \u0159\u00edct, \u017ee je to nejsiln\u011bj\u0161\u00ed cit, kter\u00fd m\u016f\u017eeme m\u00edt k n\u011bkomu? Jak j\u00ed m\u00e1m uk\u00e1zat, \u017ee je to n\u011bco, co n\u00e1s spojuje a chr\u00e1n\u00ed? To v\u0161e se dozv\u00edme v t\u00e9to knize.<\/p>\n<\/div>\n<div>\n<p class=\"Standard\">D\u011btsk\u00e1 encyklopedie o abstraktn\u00edch pojmech je origin\u00e1ln\u00ed a zaj\u00edmav\u00e1 kniha, kter\u00e1 se sna\u017e\u00ed vysv\u011btlit d\u011btem slova, kter\u00e1 nemaj\u00ed konkr\u00e9tn\u00ed podobu ani v\u00fdznam, ale ovliv\u0148uj\u00ed n\u00e1\u0161 \u017eivot. Autor Martin Vop\u011bnka si dal za c\u00edl p\u0159ibl\u00ed\u017eit d\u011btem takov\u00e9 pojmy jako l\u00e1ska, zrada, svoboda, \u010das, inteligence nebo v\u011bdom\u00ed. Kniha obsahuje v\u00edce ne\u017e 500 hesel a je rozd\u011blena do t\u0159\u00ed \u00farovn\u00ed podle obt\u00ed\u017enosti a v\u011bku \u010dten\u00e1\u0159\u016f.<\/p>\n<\/div>\n<div>\n<p class=\"Standard\">Tyto \u00farovn\u011b jsou n\u00e1sleduj\u00edc\u00ed:<\/p>\n<\/div>\n<div>\n<p class=\"Standard\">\u00a0\u00a0\u00a0 1. Hesla v t\u00e9to \u00farovni jsou jednoduch\u00e1 a vhodn\u00e1 pro d\u011bti od 6 let. Jsou ozna\u010den\u00e1 jedn\u00edm \u010derven\u00fdm +.<\/p>\n<\/div>\n<div>\n<p class=\"Standard\">\u00a0\u00a0\u00a0 2. Hesla v t\u00e9to \u00farovni jsou slo\u017eit\u011bj\u0161\u00ed a ur\u010den\u00e1 pro pokro\u010dilej\u0161\u00ed d\u011bti. Jsou ozna\u010den\u00e1 dv\u011bma \u010derven\u00fdmi +.<\/p>\n<\/div>\n<div>\n<p class=\"Standard\">\u00a0\u00a0\u00a0 3. Hesla v t\u00e9to \u00farovni jsou nejt\u011b\u017e\u0161\u00ed a doporu\u010den\u00e1 pro star\u0161\u00ed d\u011bti. Jsou ozna\u010den\u00e1 t\u0159emi \u010derven\u00fdmi +.<\/p>\n<\/div>\n<div>\n<p class=\"Standard\">Ka\u017ed\u00e9 slovo je vysv\u011btleno jednoduch\u00fdm a srozumiteln\u00fdm jazykem, dopln\u011bn\u00fdm o p\u0159\u00edklady z ka\u017edodenn\u00edho \u017eivota. Kniha je tak\u00e9 pln\u00e1 barevn\u00fdch ilustrac\u00ed od Jakuba Cenkla. Tyto barevn\u00e9 obr\u00e1zky pom\u00e1haj\u00ed d\u011btem l\u00e9pe si p\u0159edstavit abstraktn\u00ed pojmy a usnad\u0148uj\u00ed jejich pochopen\u00ed. Slova jsou p\u0159ehledn\u011b se\u0159azena podle abecedy, tak\u017ee je snadn\u00e9 je naj\u00edt.<\/p>\n<\/div>\n<div>\n<p class=\"Standard\">Tato kniha je skv\u011bl\u00fdm zdrojem informac\u00ed a inspirac\u00ed pro zv\u00eddav\u00e9 d\u011bti, kter\u00e9 se r\u00e1dy ptaj\u00ed na smysl a podstatu v\u011bc\u00ed. Nab\u00edz\u00ed jim odpov\u011bdi na mnoh\u00e9 ot\u00e1zky, kter\u00e9 by jinak z\u016fstaly nezodpov\u011bzen\u00e9. Podporuje kritick\u00e9 my\u0161len\u00ed a rozv\u00edj\u00ed slovn\u00ed z\u00e1sobu d\u011bt\u00ed. Je to kniha, kterou si m\u016f\u017ee p\u0159e\u010d\u00edst cel\u00e1 rodina a spole\u010dn\u011b diskutovat o r\u016fzn\u00fdch t\u00e9matech. D\u011btsk\u00e1 encyklopedie o abstraktn\u00edch pojmech obohat\u00ed a roz\u0161\u00ed\u0159\u00ed obzory nejen mal\u00fdch, ale i velk\u00fdch \u010dten\u00e1\u0159\u016f.<\/p>\n<\/div>\n<div>\n<p class=\"Standard\">\u00a0<\/p>\n<p class=\"Standard\">\u00a0<\/p>\n<\/div>\n<div>\n<p class=\"Standard\">Simona Krchov\u00e1<\/p>\n<\/div>\n<p>Autor:\u00a0Simona Krchov\u00e1<\/p>\n","protected":false},"excerpt":{"rendered":"<p>Pokud m\u00e1te d\u00edt\u011b, kter\u00e9 se zaj\u00edm\u00e1 o sv\u011bt kolem sebe a chce v\u011bd\u011bt, pro\u010d se v\u011bci d\u011bj\u00ed tak, jak se d\u011bj\u00ed, pak je kniha Na co nem\u016f\u017ee\u0161 s\u00e1hnout<strong> <\/strong>v\u00fdbornou volbou<strong>.<\/strong><\/p>\n","protected":false},"author":2,"featured_media":324693,"comment_status":"open","ping_status":"open","sticky":false,"template":"","format":"standard","meta":{"_acf_changed":false,"_monsterinsights_skip_tracking":false,"_monsterinsights_sitenote_active":false,"_monsterinsights_sitenote_note":"","_monsterinsights_sitenote_category":0,"_EventAllDay":false,"_EventTimezone":"","_EventStartDate":"","_EventEndDate":"","_EventStartDateUTC":"","_EventEndDateUTC":"","_EventShowMap":false,"_EventShowMapLink":false,"_EventURL":"","_EventCost":"","_EventCostDescription":"","_EventCurrencySymbol":"","_EventCurrencyCode":"","_EventCurrencyPosition":"","_EventDateTimeSeparator":"","_EventTimeRangeSeparator":"","_EventOrganizerID":[],"_EventVenueID":[],"_OrganizerEmail":"","_OrganizerPhone":"","_OrganizerWebsite":"","_VenueAddress":"","_VenueCity":"","_VenueCountry":"","_VenueProvince":"","_VenueState":"","_VenueZip":"","_VenuePhone":"","_VenueURL":"","_VenueStateProvince":"","_VenueLat":"","_VenueLng":"","_VenueShowMap":false,"_VenueShowMapLink":false,"twitterCardType":"","cardImageID":0,"cardImage":"","cardTitle":"","cardDesc":"","cardImageAlt":"","cardPlayer":"","cardPlayerWidth":0,"cardPlayerHeight":0,"cardPlayerStream":"","cardPlayerCodec":"","footnotes":""},"categories":[7],"tags":[21832],"class_list":["post-324692","post","type-post","status-publish","format-standard","has-post-thumbnail","hentry","category-recenze","tag-literarni-kavarna"],"acf":{"related_products":null},"_links":{"self":[{"href":"https:\/\/www.luxor.cz\/blog\/wp-json\/wp\/v2\/posts\/324692","targetHints":{"allow":["GET"]}}],"collection":[{"href":"https:\/\/www.luxor.cz\/blog\/wp-json\/wp\/v2\/posts"}],"about":[{"href":"https:\/\/www.luxor.cz\/blog\/wp-json\/wp\/v2\/types\/post"}],"author":[{"embeddable":true,"href":"https:\/\/www.luxor.cz\/blog\/wp-json\/wp\/v2\/users\/2"}],"replies":[{"embeddable":true,"href":"https:\/\/www.luxor.cz\/blog\/wp-json\/wp\/v2\/comments?post=324692"}],"version-history":[{"count":0,"href":"https:\/\/www.luxor.cz\/blog\/wp-json\/wp\/v2\/posts\/324692\/revisions"}],"wp:featuredmedia":[{"embeddable":true,"href":"https:\/\/www.luxor.cz\/blog\/wp-json\/wp\/v2\/media\/324693"}],"wp:attachment":[{"href":"https:\/\/www.luxor.cz\/blog\/wp-json\/wp\/v2\/media?parent=324692"}],"wp:term":[{"taxonomy":"category","embeddable":true,"href":"https:\/\/www.luxor.cz\/blog\/wp-json\/wp\/v2\/categories?post=324692"},{"taxonomy":"post_tag","embeddable":true,"href":"https:\/\/www.luxor.cz\/blog\/wp-json\/wp\/v2\/tags?post=324692"}],"curies":[{"name":"wp","href":"https:\/\/api.w.org\/{rel}","templated":true}]}}