{"id":324688,"date":"2024-02-16T10:00:20","date_gmt":"2024-02-16T09:00:20","guid":{"rendered":"https:\/\/www.luxor.cz\/blog\/nezarazene\/64026-machuv-maj-v-novem-kabatku\/"},"modified":"2024-02-16T10:00:20","modified_gmt":"2024-02-16T09:00:20","slug":"64026-machuv-maj-v-novem-kabatku","status":"publish","type":"post","link":"https:\/\/www.luxor.cz\/blog\/recenze\/64026-machuv-maj-v-novem-kabatku\/","title":{"rendered":"M\u00e1ch\u016fv M\u00e1j v nov\u00e9m kab\u00e1tku"},"content":{"rendered":"<p style=\"font-weight: 400;\">Kdo by neznal M\u00e1ch\u016fv M\u00e1j. D\u00edlo, kter\u00e9 n\u00e1s doprov\u00e1z\u00ed v\u00edce jak 150 let. P\u0159\u00edb\u011bh, kter\u00fd byl inspirov\u00e1n skute\u010dnost\u00ed, p\u0159evedl autor do podoby, jen\u017e je nad\u010dasov\u00e1 a m\u016f\u017eeme ho tak obdivovat i v\u00a0dne\u0161n\u00ed dob\u011b. Nyn\u00ed nav\u00edc vych\u00e1z\u00ed v\u00a0t\u00e9to n\u00e1dhern\u00e9 podob\u011b.<\/p>\n<p style=\"font-weight: 400;\">Mezin\u00e1rodn\u011b uzn\u00e1van\u00e1 um\u011blkyn\u011b M\u00edla F\u00fcrstov\u00e1, kter\u00e1 ji\u017e ilustrovala takov\u00e1 d\u00edla jako Kytice a Babi\u010dka, na sebe vzala nelehk\u00fd \u00fakol. A\u010d j\u00ed M\u00e1j ze za\u010d\u00e1tku p\u0159ipadal jen temn\u00fd a depresivn\u00ed, pomalu v\u00a0n\u011bm za\u010dala nach\u00e1zet sv\u011btlo a s\u00edlu a d\u00edky sv\u00fdm ilustrac\u00edm na n\u00e1s p\u0159en\u00e1\u0161\u00ed kr\u00e1su p\u0159\u00edrody i lidskosti.<\/p>\n<p style=\"font-weight: 400;\">V\u00a0p\u0159edmluv\u011b Mgr. Ivy Krej\u010dov\u00e9 se sezn\u00e1m\u00edte s\u00a0d\u00edlem a \u017eivotem Karla Hynka M\u00e1chy, dozv\u00edte se to, co jste u\u017e od \u0161koly zapomn\u011bli, ale i mnohem v\u00edc. A hlavn\u011b se tu do\u010dtete i o tom, jak vznikl tento \u00fa\u017easn\u00fd projekt.<\/p>\n<p style=\"font-weight: 400;\">Kniha v\u00e1s rozhodn\u011b zaujme na prvn\u00ed pohled. N\u00e1dhern\u00e9 ilustrace, a i celkov\u00e9 grafick\u00e9 zpracov\u00e1n\u00ed. Neobvykl\u00fd \u010dern\u00fd podklad a b\u00edl\u00fd text v\u00e1s vt\u00e1hne do p\u0159\u00edb\u011bhu, u kter\u00e9ho nejedna romantick\u00e1 du\u0161e zaples\u00e1.<\/p>\n<p style=\"font-weight: 400;\">Toto d\u00edlo bude ur\u010dit\u011b ozdobou m\u00e9 knihovni\u010dky a j\u00e1 k\u00a0n\u00ed do budoucna p\u0159id\u00e1m i ilustrovanou Kytici a Babi\u010dku, aby se nec\u00edtila osamocena. Kniha je n\u00e1dhern\u00fdm d\u00e1rkem pro v\u0161echny knihomoly a pro ty, kte\u0159\u00ed ocen\u00ed kr\u00e1su.<\/p>\n<p style=\"font-weight: 400;\">Hynku, Vil\u00e9me, Jarmilo! P\u0159edve\u010fte se v\u00a0nov\u00fdch, kr\u00e1sn\u00fdch ilustrac\u00edch.<\/p>\n<p style=\"font-weight: 400;\">\u00a0<\/p>\n<p style=\"font-weight: 400;\">\u00a0<\/p>\n<p style=\"font-weight: 400;\">Eva Francov\u00e1<\/p>\n<p>Autor:\u00a0Eva Francov\u00e1<\/p>\n","protected":false},"excerpt":{"rendered":"<p>Kdy\u017e se spoj\u00ed dva velc\u00ed um\u011blci \u2013 Karel Hynek M\u00e1cha a M\u00edla F\u00fcrstov\u00e1 \u2013 nem\u016f\u017ee vzniknout nic jin\u00e9ho ne\u017e velkolep\u00e9 d\u00edlo.<\/p>\n","protected":false},"author":2,"featured_media":324689,"comment_status":"open","ping_status":"open","sticky":false,"template":"","format":"standard","meta":{"_acf_changed":false,"_monsterinsights_skip_tracking":false,"_monsterinsights_sitenote_active":false,"_monsterinsights_sitenote_note":"","_monsterinsights_sitenote_category":0,"_EventAllDay":false,"_EventTimezone":"","_EventStartDate":"","_EventEndDate":"","_EventStartDateUTC":"","_EventEndDateUTC":"","_EventShowMap":false,"_EventShowMapLink":false,"_EventURL":"","_EventCost":"","_EventCostDescription":"","_EventCurrencySymbol":"","_EventCurrencyCode":"","_EventCurrencyPosition":"","_EventDateTimeSeparator":"","_EventTimeRangeSeparator":"","_EventOrganizerID":[],"_EventVenueID":[],"_OrganizerEmail":"","_OrganizerPhone":"","_OrganizerWebsite":"","_VenueAddress":"","_VenueCity":"","_VenueCountry":"","_VenueProvince":"","_VenueState":"","_VenueZip":"","_VenuePhone":"","_VenueURL":"","_VenueStateProvince":"","_VenueLat":"","_VenueLng":"","_VenueShowMap":false,"_VenueShowMapLink":false,"twitterCardType":"","cardImageID":0,"cardImage":"","cardTitle":"","cardDesc":"","cardImageAlt":"","cardPlayer":"","cardPlayerWidth":0,"cardPlayerHeight":0,"cardPlayerStream":"","cardPlayerCodec":"","footnotes":""},"categories":[7],"tags":[21832],"class_list":["post-324688","post","type-post","status-publish","format-standard","has-post-thumbnail","hentry","category-recenze","tag-literarni-kavarna"],"acf":{"related_products":null},"_links":{"self":[{"href":"https:\/\/www.luxor.cz\/blog\/wp-json\/wp\/v2\/posts\/324688","targetHints":{"allow":["GET"]}}],"collection":[{"href":"https:\/\/www.luxor.cz\/blog\/wp-json\/wp\/v2\/posts"}],"about":[{"href":"https:\/\/www.luxor.cz\/blog\/wp-json\/wp\/v2\/types\/post"}],"author":[{"embeddable":true,"href":"https:\/\/www.luxor.cz\/blog\/wp-json\/wp\/v2\/users\/2"}],"replies":[{"embeddable":true,"href":"https:\/\/www.luxor.cz\/blog\/wp-json\/wp\/v2\/comments?post=324688"}],"version-history":[{"count":0,"href":"https:\/\/www.luxor.cz\/blog\/wp-json\/wp\/v2\/posts\/324688\/revisions"}],"wp:featuredmedia":[{"embeddable":true,"href":"https:\/\/www.luxor.cz\/blog\/wp-json\/wp\/v2\/media\/324689"}],"wp:attachment":[{"href":"https:\/\/www.luxor.cz\/blog\/wp-json\/wp\/v2\/media?parent=324688"}],"wp:term":[{"taxonomy":"category","embeddable":true,"href":"https:\/\/www.luxor.cz\/blog\/wp-json\/wp\/v2\/categories?post=324688"},{"taxonomy":"post_tag","embeddable":true,"href":"https:\/\/www.luxor.cz\/blog\/wp-json\/wp\/v2\/tags?post=324688"}],"curies":[{"name":"wp","href":"https:\/\/api.w.org\/{rel}","templated":true}]}}