{"id":324682,"date":"2024-02-22T10:00:25","date_gmt":"2024-02-22T09:00:25","guid":{"rendered":"https:\/\/www.luxor.cz\/blog\/nezarazene\/64029-zivot-trilete-holcicky-je-v-rukou-jejich-nejblizsich-a-kazdy-neco-skryva\/"},"modified":"2024-02-22T10:00:25","modified_gmt":"2024-02-22T09:00:25","slug":"64029-zivot-trilete-holcicky-je-v-rukou-jejich-nejblizsich-a-kazdy-neco-skryva","status":"publish","type":"post","link":"https:\/\/www.luxor.cz\/blog\/recenze\/64029-zivot-trilete-holcicky-je-v-rukou-jejich-nejblizsich-a-kazdy-neco-skryva\/","title":{"rendered":"\u017divot t\u0159\u00edlet\u00e9 hol\u010di\u010dky je v rukou jej\u00edch nejbli\u017e\u0161\u00edch. A ka\u017ed\u00fd n\u011bco skr\u00fdv\u00e1."},"content":{"rendered":"<p>Australsk\u00e1 spisovatelka ze Sydney ohrom\u00ed \u010desk\u00fd trh se svou prvn\u00ed vydanou knihou v\u00a0\u010cR a vy m\u00e1te tu mo\u017enost poznat tuto skv\u011blou autorku krimi thriller\u016f.<\/p>\n<p>Prolog V\u00e1s vt\u00e1hne do d\u011bje a ka\u017ed\u00e1 kapitola V\u00e1s nut\u00ed \u010d\u00edst d\u00e1l a d\u00e1l. Kapitoly jsou kr\u00e1tk\u00e9 a cel\u00fd p\u0159\u00edb\u011bh kr\u00e1sn\u011b ods\u00fdp\u00e1. V\u00a0ka\u017ed\u00e9 z nich nahl\u00e9dneme do nitra v\u0161ech postav, kter\u00e9 postupn\u011b pozn\u00e1v\u00e1me. V\u017edy n\u00e1s v nich \u010dek\u00e1 v\u00edce domn\u011bnek, obvin\u011bn\u00ed a spousta zvrat\u016f. P\u0159esn\u011b tak m\u00e1 po\u0159\u00e1dn\u00fd thriller vypadat!<\/p>\n<p>Kdo je tedy vinen? Co provedla provinil\u00e1 Shelby? Pro\u010d se Leslie zpozdila? Taj\u00ed n\u011bco Randall?<\/p>\n<p>A kdo je Ruth? Tyto ot\u00e1zky V\u00e1s b\u011bhem \u010dten\u00ed budou poh\u00e1n\u011bt st\u00e1le d\u00e1l.<\/p>\n<p>Autorka skv\u011ble propracovala v\u0161echny postavy. Ke v\u0161em si m\u016f\u017eete vybudovat vztah, m\u016f\u017eete se zlobit a sou\u010dasn\u011b ch\u00e1pat i situaci Shelby. M\u016f\u017eete se udivovat nad \u0161ikovnost\u00ed Millie. Odkryjete podiv\u00ednsk\u00fd \u017eivot Ruth a odhal\u00edte p\u0159\u00ed\u010dinu jej\u00edho zvl\u00e1\u0161tn\u00edho chov\u00e1n\u00ed. M\u016f\u017ee V\u00e1s zar\u00e1\u017eet vztah Leslie a Randalla i chov\u00e1n\u00ed jeho p\u0159edchoz\u00ed \u017eeny. A co v\u00edc, m\u016f\u017eete odkr\u00fdt, co se skute\u010dn\u011b stalo a zda za to Millie zaplat\u00ed sv\u00fdm kr\u00e1tk\u00fdm \u017eivotem.<\/p>\n<p>Kniha by se dala nazvat no\u010dn\u00ed m\u016frou v\u0161ech rodi\u010d\u016f. Ty prvn\u00ed okam\u017eiky beznad\u011bje, ne\u0161t\u011bst\u00ed, pochybnost\u00ed a nejistoty. Figuruje v\u00a0t\u00e9to knize pomsta? M\u00e1 Randall o\u010dek\u00e1vat \u017e\u00e1dost o v\u00fdkupn\u00e9? Je n\u011bco, co mohou ud\u011blat pro z\u00e1chranu sv\u00e9 dcery Millie?<\/p>\n<p>Nebudu V\u00e1m odkr\u00fdvat pokra\u010dov\u00e1n\u00ed p\u00e1tr\u00e1n\u00ed, a nech\u00e1m V\u00e1s si u\u017e\u00edt tuto knihu se v\u0161\u00edm v\u0161udy. Tak s\u00a0chut\u00ed do toho! Styl psan\u00ed je jednoduch\u00fd, a proto tak \u010dtiv\u00fd. A jestli jsem si knihu u\u017eila? Ano! A rozhodn\u011b ji doporu\u010duji i V\u00e1m v\u0161em, kte\u0159\u00ed m\u00e1te r\u00e1di nap\u00ednav\u00e9 \u010dten\u00ed.<\/p>\n<p>\u00a0<\/p>\n<p>\u00a0<\/p>\n<p>Alexandra Sn\u00edtil\u00e1<\/p>\n<p>Autor:\u00a0Alexandra Sn\u00edtil\u00e1<\/p>\n","protected":false},"excerpt":{"rendered":"<p>J\u00e1 Leslie, nevlastn\u00ed dcera Shelby, na\u0161e hol\u010di\u010dka Millie a m\u016fj mu\u017e Randall jako \u0161\u0165astn\u00e1 rodina. Nov\u011b za\u0159\u00edzen\u00fd domov. Nov\u00e1 etapa m\u00e9ho \u017eivota. Kari\u00e9ru vyst\u0159\u00edd\u00e1 p\u00e9\u010de o dceru Millie a budov\u00e1n\u00ed vztahu s nevlastn\u00ed dcerou Shelby.\u00a0<\/p>\n","protected":false},"author":2,"featured_media":324683,"comment_status":"open","ping_status":"open","sticky":false,"template":"","format":"standard","meta":{"_acf_changed":false,"_monsterinsights_skip_tracking":false,"_monsterinsights_sitenote_active":false,"_monsterinsights_sitenote_note":"","_monsterinsights_sitenote_category":0,"_EventAllDay":false,"_EventTimezone":"","_EventStartDate":"","_EventEndDate":"","_EventStartDateUTC":"","_EventEndDateUTC":"","_EventShowMap":false,"_EventShowMapLink":false,"_EventURL":"","_EventCost":"","_EventCostDescription":"","_EventCurrencySymbol":"","_EventCurrencyCode":"","_EventCurrencyPosition":"","_EventDateTimeSeparator":"","_EventTimeRangeSeparator":"","_EventOrganizerID":[],"_EventVenueID":[],"_OrganizerEmail":"","_OrganizerPhone":"","_OrganizerWebsite":"","_VenueAddress":"","_VenueCity":"","_VenueCountry":"","_VenueProvince":"","_VenueState":"","_VenueZip":"","_VenuePhone":"","_VenueURL":"","_VenueStateProvince":"","_VenueLat":"","_VenueLng":"","_VenueShowMap":false,"_VenueShowMapLink":false,"twitterCardType":"","cardImageID":0,"cardImage":"","cardTitle":"","cardDesc":"","cardImageAlt":"","cardPlayer":"","cardPlayerWidth":0,"cardPlayerHeight":0,"cardPlayerStream":"","cardPlayerCodec":"","footnotes":""},"categories":[7],"tags":[21832],"class_list":["post-324682","post","type-post","status-publish","format-standard","has-post-thumbnail","hentry","category-recenze","tag-literarni-kavarna"],"acf":{"related_products":null},"_links":{"self":[{"href":"https:\/\/www.luxor.cz\/blog\/wp-json\/wp\/v2\/posts\/324682","targetHints":{"allow":["GET"]}}],"collection":[{"href":"https:\/\/www.luxor.cz\/blog\/wp-json\/wp\/v2\/posts"}],"about":[{"href":"https:\/\/www.luxor.cz\/blog\/wp-json\/wp\/v2\/types\/post"}],"author":[{"embeddable":true,"href":"https:\/\/www.luxor.cz\/blog\/wp-json\/wp\/v2\/users\/2"}],"replies":[{"embeddable":true,"href":"https:\/\/www.luxor.cz\/blog\/wp-json\/wp\/v2\/comments?post=324682"}],"version-history":[{"count":0,"href":"https:\/\/www.luxor.cz\/blog\/wp-json\/wp\/v2\/posts\/324682\/revisions"}],"wp:featuredmedia":[{"embeddable":true,"href":"https:\/\/www.luxor.cz\/blog\/wp-json\/wp\/v2\/media\/324683"}],"wp:attachment":[{"href":"https:\/\/www.luxor.cz\/blog\/wp-json\/wp\/v2\/media?parent=324682"}],"wp:term":[{"taxonomy":"category","embeddable":true,"href":"https:\/\/www.luxor.cz\/blog\/wp-json\/wp\/v2\/categories?post=324682"},{"taxonomy":"post_tag","embeddable":true,"href":"https:\/\/www.luxor.cz\/blog\/wp-json\/wp\/v2\/tags?post=324682"}],"curies":[{"name":"wp","href":"https:\/\/api.w.org\/{rel}","templated":true}]}}