{"id":324676,"date":"2024-02-28T10:00:08","date_gmt":"2024-02-28T09:00:08","guid":{"rendered":"https:\/\/www.luxor.cz\/blog\/nezarazene\/64032-dulezita-a-prevratna-cast-nasi-historie\/"},"modified":"2024-02-28T10:00:08","modified_gmt":"2024-02-28T09:00:08","slug":"64032-dulezita-a-prevratna-cast-nasi-historie","status":"publish","type":"post","link":"https:\/\/www.luxor.cz\/blog\/recenze\/64032-dulezita-a-prevratna-cast-nasi-historie\/","title":{"rendered":"D\u016fle\u017eit\u00e1 a p\u0159evratn\u00e1 \u010d\u00e1st na\u0161\u00ed historie"},"content":{"rendered":"<p style=\"font-weight: 400;\">Nikdy nen\u00ed na \u0161kodu se dozv\u011bd\u011bt n\u011bco o historii sv\u00e9 zem\u011b a p\u0159\u00edb\u011bz\u00edch z\u00a0dob, kdy \u017eili na\u0161i p\u0159edci, ale tak\u00e9 o ostatn\u00edch \u010d\u00e1stech sv\u011bta. Kniha je pln\u00e1 zaj\u00edmav\u00fdch, ale zejm\u00e9na origin\u00e1ln\u00edch ilustrac\u00ed a text\u016f od zn\u00e1m\u00e9 autorky Ren\u00e1ty Fu\u010d\u00edkov\u00e9 a student\u016f Fakulty designu a um\u011bn\u00ed Ladislava Sutnara, v\u00e1m d\u00e1 nahl\u00e9dnout do t\u00e9to doby.<\/p>\n<p style=\"font-weight: 400;\">Touha po svobod\u011b a nez\u00e1vislosti p\u0159inesla rozkv\u011bt v\u00a0mnoha odv\u011btv\u00edch. \u010ceskoslovensk\u00e1 republika se vzpamatov\u00e1vala z\u00a0prvn\u00ed sv\u011btov\u00e9 v\u00e1lky a za\u010d\u00ednala vzkv\u00e9tat. To v\u0161e jen d\u00edky pracovitosti a odhodl\u00e1n\u00ed na\u0161eho lidu. Poj\u010fte se pod\u00edvat do doby, kdy se na\u0161e republika stala zhmotn\u011bn\u00edm stolet\u00e9ho snu o nez\u00e1vislosti na velk\u00e9 \u0159\u00ed\u0161i ovl\u00e1dan\u00e9 rodem Habsburk\u016f.<\/p>\n<p style=\"font-weight: 400;\">\u00a0Na pozad\u00ed \u0161pan\u011blsk\u00e9 ch\u0159ipky, kter\u00e1 nejsp\u00ed\u0161 poch\u00e1zela z\u00a0\u010d\u00ednsk\u00e9 provincie \u0160an-si, se lid\u00e9 sna\u017eili \u010delit nov\u00fdm hrozb\u00e1m, ale p\u0159edev\u0161\u00edm nov\u00fdm v\u00fdzv\u00e1m. Ruskem ji\u017e \u010dty\u0159i roky cloumala ob\u010dansk\u00e1 v\u00e1lka. Pora\u017een\u00e9 N\u011bmecko se po v\u00e1lce topilo v\u00a0b\u00edd\u011b, mezit\u00edm co americk\u00e9 hospod\u00e1\u0159stv\u00ed za\u017e\u00edvalo neb\u00fdvalou prosperitu. V\u00a0\u010c\u00edn\u011b nebylo jist\u00e9, kdo z\u016fstane u moci.<\/p>\n<p style=\"font-weight: 400;\">V\u00edte, ve kter\u00e9 zemi vznikl p\u0159edch\u016fdce dne\u0161n\u00edch po\u010d\u00edta\u010d\u016f, a \u017ee nohejbal (p\u016fvodn\u00ed \u010desk\u00fd sport) vznikl v\u00a0jedn\u00e9 st\u0159edo\u010desk\u00e9 obci? \u017de se v\u00a0t\u00e9 dob\u011b za\u010dal k\u00a0moci dost\u00e1vat Adolf Hitler, to dnes v\u00ed pravd\u011bpodobn\u011b ka\u017ed\u00fd, p\u0159esto\u017ee se dnes najdou lid\u00e9, kte\u0159\u00ed nev\u00e1haj\u00ed zpochyb\u0148ovat historick\u00e1 fakta. Ov\u0161em zaj\u00edmavost\u00ed ur\u010dit\u011b pro mnoh\u00e9 bude, kdo vedl stotis\u00edcov\u00fd pr\u016fvod odp\u016frc\u016f drah\u00e9 britsk\u00e9 soli.<\/p>\n<p style=\"font-weight: 400;\">Za\u010dala vznikat spojenectv\u00ed, kter\u00e1 n\u00e1m v\u00a0budoucnosti m\u011bla p\u0159in\u00e9st zk\u00e1zu, zmar, b\u00eddu a mnoh\u00fdm smrt. Mnoho spojenectv\u00ed v\u0161ak vedlo k\u00a0neb\u00fdval\u00e9mu u\u017eitku a prosp\u011bchu dan\u00e9 zem\u011b \u010di spole\u010dnosti.\u00a0 Zrodily se \u010ceskoslovensk\u00e9 aerolinie, za\u010daly vznikat i soukrom\u00e9 leteck\u00e9 spole\u010dnosti i na\u0161e proslul\u00e9 automobily a motocykly.<\/p>\n<p style=\"font-weight: 400;\">P\u0159ipome\u0148me si celosv\u011btov\u011b proslul\u00e9ho Tom\u00e1\u0161e Ba\u0165u, kter\u00fd byl v\u00a0t\u00e9 dob\u011b pouh\u00fdm \u0161evcem. Za\u010dala vznikat prvn\u00ed kryt\u00e1 tr\u017ei\u0161t\u011b, aby se lidem pohodln\u011b nakupovalo za jak\u00e9hokoliv po\u010das\u00ed. V\u00a0t\u00e9 dob\u011b nejv\u011bt\u0161\u00ed komer\u010dn\u00ed stavba na sv\u011bt\u011b vznikla u n\u00e1s v\u00a0Praze. Investovali jsme do na\u0161\u00ed budoucnosti a dali vzniknout nov\u00fdm \u0161kol\u00e1m, ale i nap\u0159\u00edklad Masarykov\u011b univerzit\u011b v\u00a0Brn\u011b. Rodily se nov\u00e9 fotbalov\u00e9 kluby, Svaz jun\u00e1k\u016f sjednotil kluby skaut\u016f a skautek a \u010dlenstv\u00ed v\u00a0Sokolu bylo pova\u017eov\u00e1no za projev vlastenectv\u00ed.<\/p>\n<p style=\"font-weight: 400;\">Byla to doba, kter\u00e1 n\u00e1m p\u0159inesla nejen rozhlas, \u017een\u00e1m \u010dasopisy, kr\u00e1tk\u00e9 sukn\u011b a kr\u00e1tk\u00fd st\u0159ih vlas\u016f, ale p\u0159edev\u0161\u00edm doba vynikaj\u00edc\u00ed vznikem nov\u00fdch mo\u017enost\u00ed. Ostatn\u011b v\u00a0t\u00e9 dob\u011b jsme slavili prvn\u00ed velk\u00fd \u00fasp\u011bch na olympijsk\u00fdch hr\u00e1ch.<\/p>\n<p style=\"font-weight: 400;\">Kniha je p\u0159ekvapiv\u011b velmi obs\u00e1hl\u00e1 a napln\u011bn\u00e1 skute\u010dn\u011b zaj\u00edmav\u00fdmi fakty z\u00a0minulosti. Jist\u011b pot\u011b\u0161\u00ed ka\u017ed\u00e9ho, by\u0165 jen minim\u00e1ln\u011b zv\u00eddav\u00e9ho \u010dlov\u011bka. Mo\u017en\u00e1 mnoha lidem otev\u0159e o\u010di a upozorn\u00ed je, \u017ee jako \u010ce\u0161i m\u00e1me b\u00fdt na co hrd\u00ed. V\u017edy\u0165 jsme tu hlavn\u011b d\u00edky tomu, \u017ee na\u0161e p\u0159edky jen tak n\u011bco nevyd\u011bsilo a nezlomilo. M\u011bli dostatek s\u00edly, kur\u00e1\u017ee, c\u00edlev\u011bdomosti, odhodl\u00e1n\u00ed, ale zejm\u00e9na d\u016fvtipu a nezapome\u0148me na na\u0161e \u201ezlat\u00e9 \u010desk\u00e9 ru\u010di\u010dky\u201c.<\/p>\n<p style=\"font-weight: 400;\">\u00a0<\/p>\n<p style=\"font-weight: 400;\">\u00a0<\/p>\n<p style=\"font-weight: 400;\">Eva Mare\u0161ov\u00e1<\/p>\n<p>Autor:\u00a0Eva Mare\u0161ov\u00e1<\/p>\n","protected":false},"excerpt":{"rendered":"<p>Pr\u016fvodce z\u00e1sadn\u00edm desetilet\u00edm na\u0161ich novodob\u00fdch d\u011bjin. Doba, kdy se n\u00e1rod semkl a pustil se s\u00a0neuv\u011b\u0159itelnou v\u00edrou a odhodl\u00e1n\u00edm do rozv\u00edjen\u00ed a budov\u00e1n\u00ed na\u0161\u00ed milovan\u00e9 vlasti. V\u00edte, za co vd\u011b\u010d\u00edme pr\u00e1v\u011b t\u00e9to dob\u011b?<\/p>\n","protected":false},"author":2,"featured_media":324677,"comment_status":"open","ping_status":"open","sticky":false,"template":"","format":"standard","meta":{"_acf_changed":false,"_monsterinsights_skip_tracking":false,"_monsterinsights_sitenote_active":false,"_monsterinsights_sitenote_note":"","_monsterinsights_sitenote_category":0,"_EventAllDay":false,"_EventTimezone":"","_EventStartDate":"","_EventEndDate":"","_EventStartDateUTC":"","_EventEndDateUTC":"","_EventShowMap":false,"_EventShowMapLink":false,"_EventURL":"","_EventCost":"","_EventCostDescription":"","_EventCurrencySymbol":"","_EventCurrencyCode":"","_EventCurrencyPosition":"","_EventDateTimeSeparator":"","_EventTimeRangeSeparator":"","_EventOrganizerID":[],"_EventVenueID":[],"_OrganizerEmail":"","_OrganizerPhone":"","_OrganizerWebsite":"","_VenueAddress":"","_VenueCity":"","_VenueCountry":"","_VenueProvince":"","_VenueState":"","_VenueZip":"","_VenuePhone":"","_VenueURL":"","_VenueStateProvince":"","_VenueLat":"","_VenueLng":"","_VenueShowMap":false,"_VenueShowMapLink":false,"twitterCardType":"","cardImageID":0,"cardImage":"","cardTitle":"","cardDesc":"","cardImageAlt":"","cardPlayer":"","cardPlayerWidth":0,"cardPlayerHeight":0,"cardPlayerStream":"","cardPlayerCodec":"","footnotes":""},"categories":[7],"tags":[21832],"class_list":["post-324676","post","type-post","status-publish","format-standard","has-post-thumbnail","hentry","category-recenze","tag-literarni-kavarna"],"acf":{"related_products":null},"_links":{"self":[{"href":"https:\/\/www.luxor.cz\/blog\/wp-json\/wp\/v2\/posts\/324676","targetHints":{"allow":["GET"]}}],"collection":[{"href":"https:\/\/www.luxor.cz\/blog\/wp-json\/wp\/v2\/posts"}],"about":[{"href":"https:\/\/www.luxor.cz\/blog\/wp-json\/wp\/v2\/types\/post"}],"author":[{"embeddable":true,"href":"https:\/\/www.luxor.cz\/blog\/wp-json\/wp\/v2\/users\/2"}],"replies":[{"embeddable":true,"href":"https:\/\/www.luxor.cz\/blog\/wp-json\/wp\/v2\/comments?post=324676"}],"version-history":[{"count":0,"href":"https:\/\/www.luxor.cz\/blog\/wp-json\/wp\/v2\/posts\/324676\/revisions"}],"wp:featuredmedia":[{"embeddable":true,"href":"https:\/\/www.luxor.cz\/blog\/wp-json\/wp\/v2\/media\/324677"}],"wp:attachment":[{"href":"https:\/\/www.luxor.cz\/blog\/wp-json\/wp\/v2\/media?parent=324676"}],"wp:term":[{"taxonomy":"category","embeddable":true,"href":"https:\/\/www.luxor.cz\/blog\/wp-json\/wp\/v2\/categories?post=324676"},{"taxonomy":"post_tag","embeddable":true,"href":"https:\/\/www.luxor.cz\/blog\/wp-json\/wp\/v2\/tags?post=324676"}],"curies":[{"name":"wp","href":"https:\/\/api.w.org\/{rel}","templated":true}]}}