{"id":324646,"date":"2024-03-21T10:00:03","date_gmt":"2024-03-21T09:00:03","guid":{"rendered":"https:\/\/www.luxor.cz\/blog\/nezarazene\/64044-byl-perseus-opravdu-hrdina-nebo-v-bajich-na-neco-zapomneli\/"},"modified":"2024-03-21T10:00:03","modified_gmt":"2024-03-21T09:00:03","slug":"64044-byl-perseus-opravdu-hrdina-nebo-v-bajich-na-neco-zapomneli","status":"publish","type":"post","link":"https:\/\/www.luxor.cz\/blog\/recenze\/64044-byl-perseus-opravdu-hrdina-nebo-v-bajich-na-neco-zapomneli\/","title":{"rendered":"Byl Perseus opravdu hrdina, nebo v b\u00e1j\u00edch na n\u011bco zapomn\u011bli?"},"content":{"rendered":"<p style=\"font-weight: 400;\">Tato novinka v\u00e1s p\u0159esv\u011bd\u010d\u00ed o tom, \u017ee klasick\u00e9 m\u00fdty maj\u00ed re\u00e1ln\u00fd z\u00e1klad a \u017ee lid\u00e9 byli a jsou st\u00e1le jen lid\u00e9 se v\u0161emi dobr\u00fdmi a \u0161patn\u00fdmi vlastnostmi. Claire Heywood tentokr\u00e1t vypr\u00e1v\u00ed p\u0159\u00edb\u011bh b\u00e1jn\u00e9ho hrdiny Persea, ov\u0161em sna\u017e\u00ed se oprostit od b\u00e1j\u00ed a vysv\u011btluje p\u0159\u00edb\u011bh realisticky a n\u011bkdy a\u017e drsn\u011b p\u0159\u00edmo\u010da\u0159e. Skoro by se a\u017e dalo \u0159\u00edci, \u017ee ho p\u0159ibli\u017euje dne\u0161n\u00edmu sv\u011btu a sna\u017e\u00ed se uk\u00e1zat, jak siln\u00e9 mus\u00ed \u017eeny b\u00fdt, aby mohly \u017e\u00edt vedle n\u011bkter\u00fdch mu\u017e\u016f.<\/p>\n<p style=\"font-weight: 400;\">Dana\u00e9, dce\u0159i kr\u00e1le Akrisia z\u00a0Argosu, se zm\u011bn\u00ed \u017eivot pot\u00e9, co v\u011b\u0161tkyn\u011b Pythia vy\u0159kne v\u011b\u0161tbu, ve kter\u00e9 se prav\u00ed, \u017ee syn Dana\u00e9 zabije kr\u00e1le Akrisia a bude jeho zk\u00e1zou. Star\u00fd p\u0159\u00edb\u011bh v\u0161ichni dob\u0159e zn\u00e1me. Kr\u00e1l svou dceru uv\u011bzn\u00ed tak d\u016fkladn\u011b, aby se k\u00a0n\u00ed nikdo nedostal a nemohla b\u00fdt oplodn\u011bna. Nitky osudu se ale spl\u00e9taj\u00ed, a\u0165 chceme nebo nechceme, a tak Dana\u00e9 p\u0159ece jen ot\u011bhotn\u00ed, ov\u0161em nikoli se samotn\u00fdm Diem, jak se vypr\u00e1v\u00ed v\u00a0b\u00e1j\u00edch, ale podle autorky to bylo trochu jinak. Kr\u00e1l ji nicm\u00e9n\u011b po\u0161le v\u00a0zatlu\u010den\u00e9 lodi pry\u010d a douf\u00e1, \u017ee se necht\u011bn\u00e9ho vnuka zbavil.<\/p>\n<p style=\"font-weight: 400;\">Ne\u0161\u0165astnou Dana\u00e9 zachr\u00e1n\u00ed ryb\u00e1\u0159 Diktys na ostrov\u011b Serifos a poskytne j\u00ed \u00fato\u010di\u0161t\u011b a domov u sv\u00e9 rodiny. V\u00a0chud\u00fdch podm\u00ednk\u00e1ch a jako neman\u017eelsk\u00e9 d\u00edt\u011b, le\u010d se spoustou l\u00e1sky, zde vyr\u016fst\u00e1 z\u00a0Persea chlapec a postupn\u011b mlad\u00fd mu\u017e. Kdy\u017e dosp\u011bje, Dana\u00e9 mu prozrad\u00ed dosud utajovan\u00e9 skute\u010dnosti o jeho zrozen\u00ed a o v\u011b\u0161tb\u011b, co\u017e Perseovi zm\u011bn\u00ed pohled na sv\u011bt.<\/p>\n<p style=\"font-weight: 400;\">Vyd\u00e1 se na cesty, aby dok\u00e1zal, \u017ee je prav\u00fd mu\u017e a mo\u017en\u00e1 budouc\u00ed kr\u00e1l, jak se s\u00e1m vychlouba\u010dn\u011b domn\u00edv\u00e1. Zaslepen touhou n\u011bco dok\u00e1zat se z\u00a0n\u011bj stane zabij\u00e1k a vrah. Zabije Med\u00fazu Gorgonu, kter\u00e1 ale nebyla \u00fadajn\u011b nebezpe\u010dn\u00e1 natolik, jak se tvrd\u00ed se star\u00fdch b\u00e1j\u00edch. Byla to jen \u017eena, kter\u00e1 chr\u00e1nila sv\u016fj domov a jin\u00e9 \u017eeny, vylou\u010den\u00e9 ze spole\u010dnosti. Podobn\u011b Perseus nezachr\u00e1nil princeznu Andromedu p\u0159ed mo\u0159skou nestv\u016frou, pouze ji unesl a u\u010dinil svou \u017eenou, a op\u011bt se kolem toho strhlo krveprolit\u00ed.<\/p>\n<p style=\"font-weight: 400;\">Zat\u00edmco Perseus je mlad\u00fd cti\u017e\u00e1dostiv\u00fd mu\u017e, Med\u00faza a Andromeda, kter\u00e9 jsou podobn\u011b star\u00e9, dok\u00e1\u017e\u00ed uva\u017eovat rozumn\u011bji a sna\u017e\u00ed se ho pochopit. A\u017e potom, co Andromeda p\u0159ekon\u00e1 sv\u016fj strach a najde sama sebe, se j\u00ed poda\u0159\u00ed sv\u00e9st na spr\u00e1vnou cestu i Persea, a nakonec se, spole\u010dn\u011b s\u00a0jeho matkou Dana\u00e9, pokus\u00ed zm\u011bnit interpretaci v\u011b\u0161tby.<\/p>\n<p style=\"font-weight: 400;\">Zaujal m\u011b n\u00e1pad autorky um\u00edstit p\u0159\u00edb\u011bh do historick\u00e9ho kontextu, kdy\u017e z\u00e1rove\u0148 vyu\u017e\u00edv\u00e1 i vlastn\u00ed p\u0159edstavivosti a d\u00edv\u00e1 se na zn\u00e1mou pov\u011bst \u00fapln\u011b z\u00a0jin\u00e9ho pohledu. Vynech\u00e1v\u00e1 nadp\u0159irozen\u00e9 z\u00e1sahy boh\u016f a postav\u00e1m d\u00e1v\u00e1 lidsk\u00fd rozm\u011br. V\u00a0z\u00e1v\u011bru se pak zam\u00fd\u0161l\u00ed nad t\u00edm, kde je vlastn\u011b pravda a kdo rozhoduje o tom, \u017ee se ud\u00e1losti skute\u010dn\u011b staly tak, jak je n\u011bkdo kdysi d\u00e1vno popsal. Objev\u00edte d\u00edky tomu mo\u017en\u00e1 d\u00e1vno ztracenou verzi jednoho zn\u00e1m\u00e9ho p\u0159\u00edb\u011bhu a donut\u00ed v\u00e1s zamyslet se na t\u00edm, jestli Perse\u016fv \u017eivot nakonec neprob\u00edhal \u00fapln\u011b jinak.<\/p>\n<p style=\"font-weight: 400;\">\u00a0<\/p>\n<p style=\"font-weight: 400;\">\u00a0<\/p>\n<p><span style=\"font-weight: 400;\">Zuzana Erbenov\u00e1<\/span><\/p>\n<p>Autor:\u00a0Zuzana Erbenov\u00e1<\/p>\n","protected":false},"excerpt":{"rendered":"<p style=\"font-weight: 400;\">M\u00e1te r\u00e1di star\u00e9 \u0159eck\u00e9 b\u00e1je? Tak se pus\u0165te do velmi neobvykle p\u0159evypr\u00e1v\u011bn\u00e9 b\u00e1je o Perseovi z\u00a0pohledu t\u0159\u00ed jeho nejbli\u017e\u0161\u00edch \u017een. \u00a0<\/p>\n","protected":false},"author":2,"featured_media":324647,"comment_status":"open","ping_status":"open","sticky":false,"template":"","format":"standard","meta":{"_acf_changed":false,"_monsterinsights_skip_tracking":false,"_monsterinsights_sitenote_active":false,"_monsterinsights_sitenote_note":"","_monsterinsights_sitenote_category":0,"_EventAllDay":false,"_EventTimezone":"","_EventStartDate":"","_EventEndDate":"","_EventStartDateUTC":"","_EventEndDateUTC":"","_EventShowMap":false,"_EventShowMapLink":false,"_EventURL":"","_EventCost":"","_EventCostDescription":"","_EventCurrencySymbol":"","_EventCurrencyCode":"","_EventCurrencyPosition":"","_EventDateTimeSeparator":"","_EventTimeRangeSeparator":"","_EventOrganizerID":[],"_EventVenueID":[],"_OrganizerEmail":"","_OrganizerPhone":"","_OrganizerWebsite":"","_VenueAddress":"","_VenueCity":"","_VenueCountry":"","_VenueProvince":"","_VenueState":"","_VenueZip":"","_VenuePhone":"","_VenueURL":"","_VenueStateProvince":"","_VenueLat":"","_VenueLng":"","_VenueShowMap":false,"_VenueShowMapLink":false,"twitterCardType":"","cardImageID":0,"cardImage":"","cardTitle":"","cardDesc":"","cardImageAlt":"","cardPlayer":"","cardPlayerWidth":0,"cardPlayerHeight":0,"cardPlayerStream":"","cardPlayerCodec":"","footnotes":""},"categories":[7],"tags":[21832],"class_list":["post-324646","post","type-post","status-publish","format-standard","has-post-thumbnail","hentry","category-recenze","tag-literarni-kavarna"],"acf":{"related_products":null},"_links":{"self":[{"href":"https:\/\/www.luxor.cz\/blog\/wp-json\/wp\/v2\/posts\/324646","targetHints":{"allow":["GET"]}}],"collection":[{"href":"https:\/\/www.luxor.cz\/blog\/wp-json\/wp\/v2\/posts"}],"about":[{"href":"https:\/\/www.luxor.cz\/blog\/wp-json\/wp\/v2\/types\/post"}],"author":[{"embeddable":true,"href":"https:\/\/www.luxor.cz\/blog\/wp-json\/wp\/v2\/users\/2"}],"replies":[{"embeddable":true,"href":"https:\/\/www.luxor.cz\/blog\/wp-json\/wp\/v2\/comments?post=324646"}],"version-history":[{"count":0,"href":"https:\/\/www.luxor.cz\/blog\/wp-json\/wp\/v2\/posts\/324646\/revisions"}],"wp:featuredmedia":[{"embeddable":true,"href":"https:\/\/www.luxor.cz\/blog\/wp-json\/wp\/v2\/media\/324647"}],"wp:attachment":[{"href":"https:\/\/www.luxor.cz\/blog\/wp-json\/wp\/v2\/media?parent=324646"}],"wp:term":[{"taxonomy":"category","embeddable":true,"href":"https:\/\/www.luxor.cz\/blog\/wp-json\/wp\/v2\/categories?post=324646"},{"taxonomy":"post_tag","embeddable":true,"href":"https:\/\/www.luxor.cz\/blog\/wp-json\/wp\/v2\/tags?post=324646"}],"curies":[{"name":"wp","href":"https:\/\/api.w.org\/{rel}","templated":true}]}}