{"id":324642,"date":"2024-03-23T10:00:15","date_gmt":"2024-03-23T09:00:15","guid":{"rendered":"https:\/\/www.luxor.cz\/blog\/nezarazene\/64056-roman-o-zivote-rakouske-cisarovny-sisi-a-jeji-kadernice\/"},"modified":"2024-03-23T10:00:15","modified_gmt":"2024-03-23T09:00:15","slug":"64056-roman-o-zivote-rakouske-cisarovny-sisi-a-jeji-kadernice","status":"publish","type":"post","link":"https:\/\/www.luxor.cz\/blog\/recenze\/64056-roman-o-zivote-rakouske-cisarovny-sisi-a-jeji-kadernice\/","title":{"rendered":"Rom\u00e1n o \u017eivot\u011b rakousk\u00e9 c\u00edsa\u0159ovny Sisi a jej\u00ed kade\u0159nice"},"content":{"rendered":"<div>\n<p class=\"Textbody\">Kdy\u017e jsem byla mal\u00e1, tak\u00e9 jsem si p\u0159\u00e1la b\u00fdt princeznou a \u017e\u00edt v honosn\u00e9m z\u00e1mku se spoustou slu\u017eebnictva. A kdo by si to nep\u0159\u00e1l? Ale realita je jin\u00e1 ne\u017e sny. B\u00fdt c\u00edsa\u0159ovnou nen\u00ed \u017e\u00e1dn\u00e1 legrace. Nem\u016f\u017eete si d\u011blat, co chcete, mus\u00edte dodr\u017eovat spoustu pravidel a etikety. Pracovat pro c\u00edsa\u0159ovnu bylo c\u00edlem mnoha \u017een, ale \u017eivot na z\u00e1mku Hofburg, kde s\u00eddlila c\u00edsa\u0159sk\u00e1 rodina, nebyl tak idylick\u00fd, jak se zd\u00e1l. V knize <strong>Sisi: C\u00edsa\u0159ovniny hv\u011bzdy<\/strong> n\u00e1m Fanny vypr\u00e1v\u00ed o \u017eivot\u011b t\u00e9to neoby\u010dejn\u00e9 \u017eeny, kter\u00e1 se stala legendou.<\/p>\n<\/div>\n<div>\n<p class=\"Textbody\">Fanny Angererov\u00e1 se narodila jako neman\u017eelsk\u00e9 d\u00edt\u011b neprovdan\u00e9 porodn\u00ed b\u00e1by. V t\u00e9 dob\u011b to bylo velk\u00e9 stigma a matky musely \u010dasto d\u00e1t sv\u00e9 d\u011bti do sirot\u010dince, kde m\u011bly malou \u0161anci na p\u0159e\u017eit\u00ed. Fannyina matka se ale postarala o ob\u011b sv\u00e9 dcery, star\u0161\u00ed Berti a Fanny. Ve 21 letech pracovala Fanny v proslul\u00e9m v\u00edde\u0148sk\u00e9m Burgtheatru jako kade\u0159nice. Jednoho dne se j\u00ed naskytla \u017eivotn\u00ed p\u0159\u00edle\u017eitost. C\u00edsa\u0159ovna Sisi s\u00a0man\u017eelem, c\u00edsa\u0159em Franti\u0161kem Josefem I., p\u0159i\u0161li na premi\u00e9ru divadeln\u00edho p\u0159edstaven\u00ed a c\u00edsa\u0159ovnu uchv\u00e1til \u00fa\u010des here\u010dky v hlavn\u00ed roli. Po\u017e\u00e1dala o setk\u00e1n\u00ed s jej\u00ed kade\u0159nic\u00ed a nab\u00eddla Fanny m\u00edsto sv\u00e9 osobn\u00ed kade\u0159nice. Brzy na to Fanny nastoupila do slu\u017eby v n\u00e1dhern\u00e9m Hofburgu. Ka\u017ed\u00e9 r\u00e1no tr\u00e1vila n\u011bkolik hodin p\u00e9\u010d\u00ed o c\u00edsa\u0159ovninu dlouhou h\u0159\u00edvu, kter\u00e1 byla jej\u00edm symbolem. Z\u00e1rove\u0148 musela \u010delit c\u00edsa\u0159ovnin\u00fdm n\u00e1lad\u00e1m, maskovat jej\u00ed padaj\u00edc\u00ed vlasy, a hlavn\u011b si d\u00e1t pozor na ostatn\u00ed zam\u011bstnance. Na z\u00e1mku vl\u00e1dly intriky, \u0161patn\u00e9 zach\u00e1zen\u00ed, zloba a l\u017ei. Nikdo nemohl nikomu v\u011b\u0159it, jen s\u00e1m sob\u011b. To poznala na vlastn\u00ed k\u016f\u017ei i Fanny Angererov\u00e1.<\/p>\n<\/div>\n<div>\n<p class=\"Textbody\">V rom\u00e1nu se dozv\u00edd\u00e1me o \u017eivot\u011b princezny Sisi, kter\u00e1 se stala c\u00edsa\u0159ovnou Rakouska. Sisi se t\u011b\u017eko vyrovn\u00e1vala s p\u0159\u00edsn\u00fdmi pravidly a omezen\u00edmi na c\u00edsa\u0159sk\u00e9m dvo\u0159e. Autorka uk\u00e1zala jej\u00ed touhu po svobod\u011b a radosti, kterou hledala v cestov\u00e1n\u00ed, sportu, b\u00e1snictv\u00ed a sebepozn\u00e1n\u00ed. Jej\u00ed jedinou oporou byla kade\u0159nice Fanny, kter\u00e1 se stala c\u00edsa\u0159ovninou v\u011brnou p\u0159\u00edtelkyn\u00ed a sv\u011bdkyn\u00ed jej\u00edch radost\u00ed i strast\u00ed.<\/p>\n<\/div>\n<div>\n<p class=\"Textbody\">Fanny Angererov\u00e1 n\u00e1m odkr\u00fdv\u00e1, jak\u00e9 to je b\u00fdt v kr\u00e1lovsk\u00e9 rodin\u011b. Nen\u00ed to jenom sl\u00e1va a bohatstv\u00ed, ale tak\u00e9 velk\u00e1 z\u00e1t\u011b\u017e a povinnost. I ti nejmocn\u011bj\u0161\u00ed mus\u00ed skr\u00fdvat sv\u00e9 pocity a probl\u00e9my za zdmi pal\u00e1ce, kde se zd\u00e1, \u017ee maj\u00ed dokonal\u00fd \u017eivot. Je to \u017eivot pln\u00fd \u00fastupk\u016f a rezignace. Z pohledu kade\u0159nice Fanny pozn\u00e1v\u00e1me, \u017ee i ti nejvy\u0161\u0161\u00ed maj\u00ed sv\u00e9 vlastn\u00ed sny, pot\u0159eby a probl\u00e9my, kter\u00e9 n\u00e1m mohou b\u00fdt skryty.<\/p>\n<\/div>\n<div>\n<p class=\"Textbody\">Kniha <strong>Sisi: c\u00edsa\u0159ovniny hv\u011bzdy<\/strong> je dojemn\u00fdm p\u0159\u00edb\u011bhem o slavn\u00e9 rakousk\u00e9 c\u00edsa\u0159ovn\u011b Al\u017eb\u011bt\u011b Bavorsk\u00e9, zn\u00e1m\u00e9 jako Sisi. Jedn\u00edm z nejv\u011bt\u0161\u00edch siln\u00fdch bod\u016f knihy je vykreslen\u00ed hlavn\u00ed postavy. C\u00edsa\u0159ovna je \u017eena komplexn\u00ed, pln\u00e1 emoc\u00ed a sn\u016f. Mary Andeckov\u00e1 nezapomn\u011bla na detaily, jako je Sisiina posedlost po dokonalosti. D\u00edky tomu se \u010dten\u00e1\u0159i dokonale vc\u00edt\u00ed do jej\u00edch my\u0161lenek a pocit\u016f.<\/p>\n<\/div>\n<div>\n<p class=\"Textbody\">Autorka n\u00e1m d\u00e1le d\u00e1v\u00e1 mo\u017enost nahl\u00e9dnout do \u017eivota na c\u00edsa\u0159sk\u00e9m dvo\u0159e, ale tak\u00e9 do politick\u00fdch probl\u00e9m\u016f t\u00e9 doby.<\/p>\n<\/div>\n<div>\n<p class=\"Textbody\">Tento rom\u00e1n nen\u00ed obvyklou historickou biografi\u00ed o c\u00edsa\u0159ovn\u011b Sisi, ale sp\u00ed\u0161e intimn\u00edm portr\u00e9tem jej\u00edho \u017eivota z pohledu jej\u00ed v\u011brn\u00e9 kade\u0159nice. Autorka n\u00e1m p\u0159ibli\u017euje nejen kr\u00e1su a eleganci c\u00edsa\u0159ovny, ale tak\u00e9 jej\u00ed bolesti a utrpen\u00ed, kter\u00e9 sd\u00edlela se svou d\u016fv\u011brnou p\u0159\u00edtelkyn\u00ed. Kniha je naps\u00e1na s citem a respektem k ob\u011bma \u017een\u00e1m a nab\u00edz\u00ed zaj\u00edmav\u00fd vhled do jejich vz\u00e1jemn\u00e9ho vztahu.<\/p>\n<\/div>\n<div>\n<p class=\"Textbody\">\u00a0<\/p>\n<p class=\"Textbody\">\u00a0<\/p>\n<p class=\"Textbody\">Simona Krchov\u00e1<\/p>\n<\/div>\n<p>Autor:\u00a0Simona Krchov\u00e1<\/p>\n","protected":false},"excerpt":{"rendered":"<p>N\u011bkter\u00e9 osoby jsou ur\u010deny k tomu, aby se staly v\u00fdznamn\u00fdmi osobnostmi historie u\u017e od chv\u00edle, kdy se narod\u00ed. Maj\u00ed tituly jako princ, princezna, budouc\u00ed kr\u00e1l, kr\u00e1lovna, c\u00edsa\u0159ovna\u2026 Ale je to skute\u010dn\u011b takov\u00e9 po\u017eehn\u00e1n\u00ed?\u00a0<\/p>\n","protected":false},"author":2,"featured_media":324643,"comment_status":"open","ping_status":"open","sticky":false,"template":"","format":"standard","meta":{"_acf_changed":false,"_monsterinsights_skip_tracking":false,"_monsterinsights_sitenote_active":false,"_monsterinsights_sitenote_note":"","_monsterinsights_sitenote_category":0,"_EventAllDay":false,"_EventTimezone":"","_EventStartDate":"","_EventEndDate":"","_EventStartDateUTC":"","_EventEndDateUTC":"","_EventShowMap":false,"_EventShowMapLink":false,"_EventURL":"","_EventCost":"","_EventCostDescription":"","_EventCurrencySymbol":"","_EventCurrencyCode":"","_EventCurrencyPosition":"","_EventDateTimeSeparator":"","_EventTimeRangeSeparator":"","_EventOrganizerID":[],"_EventVenueID":[],"_OrganizerEmail":"","_OrganizerPhone":"","_OrganizerWebsite":"","_VenueAddress":"","_VenueCity":"","_VenueCountry":"","_VenueProvince":"","_VenueState":"","_VenueZip":"","_VenuePhone":"","_VenueURL":"","_VenueStateProvince":"","_VenueLat":"","_VenueLng":"","_VenueShowMap":false,"_VenueShowMapLink":false,"twitterCardType":"","cardImageID":0,"cardImage":"","cardTitle":"","cardDesc":"","cardImageAlt":"","cardPlayer":"","cardPlayerWidth":0,"cardPlayerHeight":0,"cardPlayerStream":"","cardPlayerCodec":"","footnotes":""},"categories":[7],"tags":[21832],"class_list":["post-324642","post","type-post","status-publish","format-standard","has-post-thumbnail","hentry","category-recenze","tag-literarni-kavarna"],"acf":{"related_products":null},"_links":{"self":[{"href":"https:\/\/www.luxor.cz\/blog\/wp-json\/wp\/v2\/posts\/324642","targetHints":{"allow":["GET"]}}],"collection":[{"href":"https:\/\/www.luxor.cz\/blog\/wp-json\/wp\/v2\/posts"}],"about":[{"href":"https:\/\/www.luxor.cz\/blog\/wp-json\/wp\/v2\/types\/post"}],"author":[{"embeddable":true,"href":"https:\/\/www.luxor.cz\/blog\/wp-json\/wp\/v2\/users\/2"}],"replies":[{"embeddable":true,"href":"https:\/\/www.luxor.cz\/blog\/wp-json\/wp\/v2\/comments?post=324642"}],"version-history":[{"count":0,"href":"https:\/\/www.luxor.cz\/blog\/wp-json\/wp\/v2\/posts\/324642\/revisions"}],"wp:featuredmedia":[{"embeddable":true,"href":"https:\/\/www.luxor.cz\/blog\/wp-json\/wp\/v2\/media\/324643"}],"wp:attachment":[{"href":"https:\/\/www.luxor.cz\/blog\/wp-json\/wp\/v2\/media?parent=324642"}],"wp:term":[{"taxonomy":"category","embeddable":true,"href":"https:\/\/www.luxor.cz\/blog\/wp-json\/wp\/v2\/categories?post=324642"},{"taxonomy":"post_tag","embeddable":true,"href":"https:\/\/www.luxor.cz\/blog\/wp-json\/wp\/v2\/tags?post=324642"}],"curies":[{"name":"wp","href":"https:\/\/api.w.org\/{rel}","templated":true}]}}