{"id":324640,"date":"2024-03-25T10:00:23","date_gmt":"2024-03-25T09:00:23","guid":{"rendered":"https:\/\/www.luxor.cz\/blog\/nezarazene\/64057-ztracena-duse-patra-po-pohresovanych\/"},"modified":"2024-03-25T10:00:23","modified_gmt":"2024-03-25T09:00:23","slug":"64057-ztracena-duse-patra-po-pohresovanych","status":"publish","type":"post","link":"https:\/\/www.luxor.cz\/blog\/recenze\/64057-ztracena-duse-patra-po-pohresovanych\/","title":{"rendered":"Ztracen\u00e1 du\u0161e p\u00e1tr\u00e1 po poh\u0159e\u0161ovan\u00fdch&#8230;"},"content":{"rendered":"<p style=\"font-weight: 400;\">Autorce se prozat\u00edm pon\u011bkud z\u00e1hadn\u011b poda\u0159ilo m\u00e9mu \u010dten\u00e1\u0159sk\u00e9mu radaru vyhnout. Pokud jste na tom v tomto sm\u011bru stejn\u011b jako j\u00e1, klidn\u011b a sm\u011ble se m\u016f\u017eete pustit zrovna do Ne\u017e zmizela, nejnov\u011bj\u0161\u00edho po\u010dinu sympatick\u00e9 Ameri\u010danky, kter\u00e1 klame sv\u00fdm vzez\u0159en\u00edm.<\/p>\n<p style=\"font-weight: 400;\">Hlavn\u00ed p\u0159edstavitelkou rom\u00e1nu je Frankie Elkinov\u00e1, \u017eena bez soukrom\u00e9ho \u017eivota, l\u00e9\u010den\u00e1 alkoholi\u010dka, \u017eena, kter\u00e1 se \u010dasto vyskytuje na okraj\u00edch spole\u010dnosti. Modern\u00ed nom\u00e1dka, kter\u00e1 nem\u00e1 st\u00e1l\u00e9 bydli\u0161t\u011b, je pom\u011brn\u011b schopn\u00e1 serv\u00edrka a jinak v podstat\u011b &#8222;zbyte\u010dn\u00fd \u010dlov\u011bk&#8220;. Jen kdyby nem\u011bla zvl\u00e1\u0161tn\u00ed nad\u00e1n\u00ed spr\u00e1vn\u011b se pt\u00e1t t\u011bch spr\u00e1vn\u00fdch lid\u00ed, co\u017e u\u017e n\u011bkolik let provozuje p\u0159i hled\u00e1n\u00ed ztracen\u00fdch osob, u kter\u00fdch policie a ostatn\u00ed odborn\u00e9 slo\u017eky ztratily z\u00e1jem i nit.<\/p>\n<p style=\"font-weight: 400;\">Frankie je civilistka, nem\u00e1 \u017e\u00e1dn\u00fd zvl\u00e1\u0161tn\u00ed v\u00fdcvik, dokonce ani nevlastn\u00ed zbra\u0148. M\u00e1 jen p\u00e1r svr\u0161k\u016f a hlavu plnou hodn\u011b \u0161patn\u00fdch vzpom\u00ednek. Jej\u00ed z\u00e1jem vzbud\u00ed p\u0159\u00edpad mlad\u00e9 \u010derno\u0161ky z haitsk\u00e9 men\u0161iny, o kter\u00e9 ji\u017e 11 m\u011bs\u00edc\u016f nikdo nesly\u0161el a jej\u00ed\u017e stopy zd\u00e1nliv\u011b vyhasly. Dostane se na p\u0159edm\u011bst\u00ed Bostonu, kde se za\u010dne motat v podivn\u00fdch \u010dtvrt\u00edch a p\u00e1trat po stop\u00e1ch ztracen\u00e9 d\u00edvky. Ne nadarmo vzbud\u00ed pozornost nejen vy\u0161et\u0159uj\u00edc\u00edho detektiva, ale hlavn\u011b n\u011bkolika nebezpe\u010dn\u00fdch lid\u00ed.<\/p>\n<p style=\"font-weight: 400;\">Jedn\u00e1 se o m\u00e9 prvn\u00ed setk\u00e1n\u00ed s autorkou. Byla jsem pom\u011brn\u011b p\u0159ekvapen\u00e1 mno\u017estv\u00edm knih, kter\u00e9 od n\u00ed dosud v \u010cR vy\u0161ly. Ne\u010dekala jsem od rom\u00e1nu nic speci\u00e1ln\u00edho a pravd\u011bpodobn\u011b t\u00edm sp\u00ed\u0161 jsem p\u0159istupovala ke knize bez p\u0159edsudk\u016f a bez p\u0159ehnan\u00fdch o\u010dek\u00e1v\u00e1n\u00ed. Mo\u017en\u00e1 pr\u00e1v\u011b proto jsem byla \u010detbou nad\u0161en\u00e1, a to hlavn\u011b originalitou vy\u0161et\u0159ov\u00e1n\u00ed z pohledu civilisty s pomoc\u00ed n\u011bkolika odborn\u00fdch pomocn\u00edk\u016f.\u00a0<\/p>\n<p style=\"font-weight: 400;\">Ne\u017e zmizela ur\u010dit\u011b pat\u0159\u00ed mezi t\u011bch n\u011bkolik v\u00fdrazn\u00fdch knih, kter\u00e9 jsem v posledn\u00ed dob\u011b \u010detla. M\u00e1te-li z\u00e1jem o krimi thriller, kter\u00fd se tro\u0161ku vymyk\u00e1, jen do toho.<\/p>\n<p style=\"font-weight: 400;\">\u00a0<\/p>\n<p style=\"font-weight: 400;\">\u00a0<\/p>\n<p style=\"font-weight: 400;\">Kate\u0159ina M\u00e1lkov\u00e1<\/p>\n<p>Autor:\u00a0Kate\u0159ina M\u00e1lkov\u00e1<\/p>\n","protected":false},"excerpt":{"rendered":"<p>Lisa Gardnerov\u00e1 je obl\u00edben\u00e1 autorka, kter\u00e1 m\u00e1 na sv\u011bdom\u00ed ji\u017e n\u011bkolik rom\u00e1n\u016f, kter\u00e9 byly na na\u0161em \u00fazem\u00ed vyd\u00e1ny. D\u00edlo Ne\u017e zmizela mne zaujalo svou anotac\u00ed, a tak\u00e9 informac\u00ed, \u017ee se chyt\u00e1 jeho seri\u00e1lov\u00e1 adaptace.<\/p>\n","protected":false},"author":2,"featured_media":324641,"comment_status":"open","ping_status":"open","sticky":false,"template":"","format":"standard","meta":{"_acf_changed":false,"_monsterinsights_skip_tracking":false,"_monsterinsights_sitenote_active":false,"_monsterinsights_sitenote_note":"","_monsterinsights_sitenote_category":0,"_EventAllDay":false,"_EventTimezone":"","_EventStartDate":"","_EventEndDate":"","_EventStartDateUTC":"","_EventEndDateUTC":"","_EventShowMap":false,"_EventShowMapLink":false,"_EventURL":"","_EventCost":"","_EventCostDescription":"","_EventCurrencySymbol":"","_EventCurrencyCode":"","_EventCurrencyPosition":"","_EventDateTimeSeparator":"","_EventTimeRangeSeparator":"","_EventOrganizerID":[],"_EventVenueID":[],"_OrganizerEmail":"","_OrganizerPhone":"","_OrganizerWebsite":"","_VenueAddress":"","_VenueCity":"","_VenueCountry":"","_VenueProvince":"","_VenueState":"","_VenueZip":"","_VenuePhone":"","_VenueURL":"","_VenueStateProvince":"","_VenueLat":"","_VenueLng":"","_VenueShowMap":false,"_VenueShowMapLink":false,"twitterCardType":"","cardImageID":0,"cardImage":"","cardTitle":"","cardDesc":"","cardImageAlt":"","cardPlayer":"","cardPlayerWidth":0,"cardPlayerHeight":0,"cardPlayerStream":"","cardPlayerCodec":"","footnotes":""},"categories":[7],"tags":[21832],"class_list":["post-324640","post","type-post","status-publish","format-standard","has-post-thumbnail","hentry","category-recenze","tag-literarni-kavarna"],"acf":{"related_products":null},"_links":{"self":[{"href":"https:\/\/www.luxor.cz\/blog\/wp-json\/wp\/v2\/posts\/324640","targetHints":{"allow":["GET"]}}],"collection":[{"href":"https:\/\/www.luxor.cz\/blog\/wp-json\/wp\/v2\/posts"}],"about":[{"href":"https:\/\/www.luxor.cz\/blog\/wp-json\/wp\/v2\/types\/post"}],"author":[{"embeddable":true,"href":"https:\/\/www.luxor.cz\/blog\/wp-json\/wp\/v2\/users\/2"}],"replies":[{"embeddable":true,"href":"https:\/\/www.luxor.cz\/blog\/wp-json\/wp\/v2\/comments?post=324640"}],"version-history":[{"count":0,"href":"https:\/\/www.luxor.cz\/blog\/wp-json\/wp\/v2\/posts\/324640\/revisions"}],"wp:featuredmedia":[{"embeddable":true,"href":"https:\/\/www.luxor.cz\/blog\/wp-json\/wp\/v2\/media\/324641"}],"wp:attachment":[{"href":"https:\/\/www.luxor.cz\/blog\/wp-json\/wp\/v2\/media?parent=324640"}],"wp:term":[{"taxonomy":"category","embeddable":true,"href":"https:\/\/www.luxor.cz\/blog\/wp-json\/wp\/v2\/categories?post=324640"},{"taxonomy":"post_tag","embeddable":true,"href":"https:\/\/www.luxor.cz\/blog\/wp-json\/wp\/v2\/tags?post=324640"}],"curies":[{"name":"wp","href":"https:\/\/api.w.org\/{rel}","templated":true}]}}