{"id":324636,"date":"2024-03-29T10:00:35","date_gmt":"2024-03-29T09:00:35","guid":{"rendered":"https:\/\/www.luxor.cz\/blog\/nezarazene\/64059-kniha-jez-rozviri-vsechny-vase-pocity\/"},"modified":"2024-03-29T10:00:35","modified_gmt":"2024-03-29T09:00:35","slug":"64059-kniha-jez-rozviri-vsechny-vase-pocity","status":"publish","type":"post","link":"https:\/\/www.luxor.cz\/blog\/recenze\/64059-kniha-jez-rozviri-vsechny-vase-pocity\/","title":{"rendered":"Kniha, je\u017e rozv\u00ed\u0159\u00ed v\u0161echny va\u0161e pocity"},"content":{"rendered":"<p style=\"font-weight: 400;\">M\u00e1riddja a Biera jsou sta\u0159\u00ed man\u017eel\u00e9, kter\u00fdm \u017eivot nedop\u0159\u00e1l m\u00edt sv\u00e9 vlastn\u00ed d\u011bti. Kdysi se sice starali o mal\u00e9ho chlapce, ale osud zas\u00e1hl a on jim byl odebr\u00e1n. Ani se nestihli rozlou\u010dit. Jejich \u017eivot obdr\u017eel r\u00e1nu, kterou u\u017e nikdy nic nedok\u00e1zalo zacelit. V my\u0161lenk\u00e1ch s n\u00edm byli po cel\u00e9 ty roky. A te\u010f na sklonku \u017eivota, kdy\u017e Biera trp\u00ed demenc\u00ed, je dokonce p\u0159esv\u011bd\u010den o tom, \u017ee chlapec s nimi \u017eije d\u00e1l. Nav\u00edc l\u00e9ka\u0159 ozn\u00e1m\u00ed M\u00e1riddje, \u017ee jej\u00ed t\u011blo bojuje s rakovinou a ona by se m\u011bla p\u0159ipravit na nevyhnuteln\u00fd brzk\u00fd konec.<\/p>\n<p style=\"font-weight: 400;\">M\u00e1riddja v\u0161ak byla v\u017edycky odhodlanou \u017eenou, bojovnic\u00ed. Pro okol\u00ed mo\u017en\u00e1 trochu \u0161\u00edlenou, ale rozhodn\u011b s dobr\u00fdm srdcem. Svoji nemoc man\u017eelovi zataj\u00ed a svou bitvu s n\u00e1dorem v b\u0159ichu sv\u00e1d\u00ed sama d\u00e1l\u2026m\u00e1 toho tolik je\u0161t\u011b, co mus\u00ed p\u0159ed svou smrt\u00ed za\u0159\u00eddit. Jej\u00ed man\u017eel u\u017e jednou o sv\u00e9 ko\u0159eny p\u0159i\u0161el, kdy\u017e S\u00e1mov\u00e9 byli nuceni se vzd\u00e1t sv\u00fdch domov\u016f a museli se p\u0159esunout na jih. M\u00e1riddja nechce, aby Biera podruh\u00e9 opustil sv\u016fj domov a byl p\u0159est\u011bhov\u00e1n do pe\u010dovatelsk\u00e9ho domu. Nikdo krom\u011b n\u00ed nev\u00ed, jak \u0161patn\u011b na tom Biera je, a tak to tak\u00e9 mus\u00ed z\u016fstat. Nav\u00edc M\u00e1riddja je\u0161t\u011b pot\u0159ebuje zjistit, kde se jejich chlapec te\u010f nach\u00e1z\u00ed\u2026.<\/p>\n<p style=\"font-weight: 400;\">Dal\u0161\u00edmi protagonisty tohoto kouzeln\u00e9ho p\u0159\u00edb\u011bhu jsou snoubenci Kaj a Mimmi. Oba dva jsou l\u00e9ka\u0159i. Po smrti jeho matky se p\u0159est\u011bhuj\u00ed do mal\u00e9 vesni\u010dky na severu \u0160v\u00e9dska. Zat\u00edmco ona tou\u017e\u00ed po d\u011btech a t\u011b\u0161\u00ed se ze \u017eivota, Kaj jako by byl ztracen. No\u0159\u00ed se do sv\u00fdch my\u0161lenek a zoufal\u00fdch pocit\u016f. Nev\u00ed, kdo byl jeho otec, kde jsou jeho ko\u0159eny a odkud poch\u00e1z\u00ed. Vlastn\u00ed potomky vychov\u00e1vat nechce a ciz\u00ed d\u011bti nesn\u00e1\u0161\u00ed. Kdy\u017e t\u0159\u00edd\u00ed osobn\u00ed v\u011bci jeho matky, najde nejen jej\u00ed fascinuj\u00edc\u00ed malby kv\u011btin, ale i krabici plnou s\u00e1msk\u00fdch v\u00fdrobk\u016f. \u010c\u00edm\u017e se spust\u00ed sled ud\u00e1lost\u00ed, kter\u00e9 ho nasm\u011bruj\u00ed nejen k pozn\u00e1n\u00ed sebe sam\u00e9ho, ale i ke vzpom\u00ednk\u00e1m na sv\u00e9 d\u011btstv\u00ed, kter\u00e9 pro n\u011bj dote\u010f bylo zahaleno jen temnou mlhou.<\/p>\n<p style=\"font-weight: 400;\">Nen\u00ed to nejjednodu\u0161\u0161\u00ed kniha ke \u010dten\u00ed, t\u00e9mata jsou t\u011b\u017ek\u00e1 a bolestiv\u00e1. Autorka v\u0161ak dok\u00e1\u017ee \u00fa\u017easn\u011b skloubit hloubku s lehkost\u00ed a humorem. V\u00e1\u017en\u00e9 nemoci M\u00e1riddji a Biera se m\u00eds\u00ed s vtipn\u00fdmi situacemi, kdy M\u00e1riddja vytv\u00e1\u0159\u00ed bizarn\u00ed situace, aby sm\u011bla zavolat hasi\u010de, policisty \u010di voj\u00e1ky. Jej\u00ed z\u00e1bavn\u00e9 rozhovory s virtu\u00e1ln\u00ed asistentkou Siri, je\u017e pova\u017euje za re\u00e1lnou spojovatelku a pozd\u011bji p\u0159\u00edtelkyni, v\u00e1m jist\u011b vykouzl\u00ed p\u0159\u00edjemn\u00fd \u00fasm\u011bv na tv\u00e1\u0159i. Za to chv\u00edle, kdy do domu M\u00e1riddji a Biera p\u0159ich\u00e1z\u00ed n\u011bkolik lid\u00ed a vy se na dvojici kone\u010dn\u011b pod\u00edv\u00e1te z jin\u00e9 perspektivy, je zcela \u0161okuj\u00edc\u00ed a mu\u010div\u00e1. P\u0159itom je to tak re\u00e1ln\u00e1 situace spousty star\u00fdch lid\u00ed. A mo\u017en\u00e1 i proto tak zas\u00e1hne va\u0161e srdce. Autorka napsala vynikaj\u00edc\u00ed p\u0159\u00edb\u011bh, kter\u00fd v\u00e1s, zcela bez pochyb, naprosto pohlt\u00ed.<\/p>\n<p style=\"font-weight: 400;\">\u00a0<\/p>\n<p style=\"font-weight: 400;\">\u00a0<\/p>\n<p style=\"font-weight: 400;\">Mark\u00e9ta Posp\u00ed\u0161ilov\u00e1<\/p>\n<p>Autor:\u00a0Mark\u00e9ta Posp\u00ed\u0161ilov\u00e1<\/p>\n","protected":false},"excerpt":{"rendered":"<p>S\u00e1mov\u00e9, \u010desk\u00fd v\u00fdraz Laponci, jsou domorod\u00ed obyvatel\u00e9 nejsevern\u011bj\u0161\u00ed \u010d\u00e1sti dne\u0161n\u00edho \u0160v\u00e9dska, Norska a Finska. A pr\u00e1v\u011b o jejich ko\u0159enech, nucen\u00e9m vyst\u011bhov\u00e1n\u00ed, rodinn\u00fdch vazb\u00e1ch, rodi\u010dovstv\u00ed a osobn\u00edch \u017eivotn\u00edch bitv\u00e1ch, je tento dojemn\u00fd p\u0159\u00edb\u011bh.<\/p>\n","protected":false},"author":2,"featured_media":324637,"comment_status":"open","ping_status":"open","sticky":false,"template":"","format":"standard","meta":{"_acf_changed":false,"_monsterinsights_skip_tracking":false,"_monsterinsights_sitenote_active":false,"_monsterinsights_sitenote_note":"","_monsterinsights_sitenote_category":0,"_EventAllDay":false,"_EventTimezone":"","_EventStartDate":"","_EventEndDate":"","_EventStartDateUTC":"","_EventEndDateUTC":"","_EventShowMap":false,"_EventShowMapLink":false,"_EventURL":"","_EventCost":"","_EventCostDescription":"","_EventCurrencySymbol":"","_EventCurrencyCode":"","_EventCurrencyPosition":"","_EventDateTimeSeparator":"","_EventTimeRangeSeparator":"","_EventOrganizerID":[],"_EventVenueID":[],"_OrganizerEmail":"","_OrganizerPhone":"","_OrganizerWebsite":"","_VenueAddress":"","_VenueCity":"","_VenueCountry":"","_VenueProvince":"","_VenueState":"","_VenueZip":"","_VenuePhone":"","_VenueURL":"","_VenueStateProvince":"","_VenueLat":"","_VenueLng":"","_VenueShowMap":false,"_VenueShowMapLink":false,"twitterCardType":"","cardImageID":0,"cardImage":"","cardTitle":"","cardDesc":"","cardImageAlt":"","cardPlayer":"","cardPlayerWidth":0,"cardPlayerHeight":0,"cardPlayerStream":"","cardPlayerCodec":"","footnotes":""},"categories":[7],"tags":[21832],"class_list":["post-324636","post","type-post","status-publish","format-standard","has-post-thumbnail","hentry","category-recenze","tag-literarni-kavarna"],"acf":{"related_products":null},"_links":{"self":[{"href":"https:\/\/www.luxor.cz\/blog\/wp-json\/wp\/v2\/posts\/324636","targetHints":{"allow":["GET"]}}],"collection":[{"href":"https:\/\/www.luxor.cz\/blog\/wp-json\/wp\/v2\/posts"}],"about":[{"href":"https:\/\/www.luxor.cz\/blog\/wp-json\/wp\/v2\/types\/post"}],"author":[{"embeddable":true,"href":"https:\/\/www.luxor.cz\/blog\/wp-json\/wp\/v2\/users\/2"}],"replies":[{"embeddable":true,"href":"https:\/\/www.luxor.cz\/blog\/wp-json\/wp\/v2\/comments?post=324636"}],"version-history":[{"count":0,"href":"https:\/\/www.luxor.cz\/blog\/wp-json\/wp\/v2\/posts\/324636\/revisions"}],"wp:featuredmedia":[{"embeddable":true,"href":"https:\/\/www.luxor.cz\/blog\/wp-json\/wp\/v2\/media\/324637"}],"wp:attachment":[{"href":"https:\/\/www.luxor.cz\/blog\/wp-json\/wp\/v2\/media?parent=324636"}],"wp:term":[{"taxonomy":"category","embeddable":true,"href":"https:\/\/www.luxor.cz\/blog\/wp-json\/wp\/v2\/categories?post=324636"},{"taxonomy":"post_tag","embeddable":true,"href":"https:\/\/www.luxor.cz\/blog\/wp-json\/wp\/v2\/tags?post=324636"}],"curies":[{"name":"wp","href":"https:\/\/api.w.org\/{rel}","templated":true}]}}