{"id":324632,"date":"2024-04-02T10:00:22","date_gmt":"2024-04-02T08:00:22","guid":{"rendered":"https:\/\/www.luxor.cz\/blog\/nezarazene\/64061-recenze-knizni-novinky-vrazdy-na-grabstejne\/"},"modified":"2024-04-02T10:00:22","modified_gmt":"2024-04-02T08:00:22","slug":"64061-recenze-knizni-novinky-vrazdy-na-grabstejne","status":"publish","type":"post","link":"https:\/\/www.luxor.cz\/blog\/recenze\/64061-recenze-knizni-novinky-vrazdy-na-grabstejne\/","title":{"rendered":"Recenze kni\u017en\u00ed novinky Vra\u017edy na Grab\u0161tejn\u011b"},"content":{"rendered":"<h2><strong><em>Anotace<\/em><\/strong><\/h2>\n<p style=\"font-weight: 400;\"><em>Rom\u00e1n s krimin\u00e1ln\u00edmi prvky se odehr\u00e1v\u00e1 na po\u010d\u00e1tku 20. stolet\u00ed v mal\u00e9m m\u011bste\u010dku pod s\u00eddlem hrabat Clam-Gallas\u016f. Vincent Hora, jen\u017e s nasazen\u00edm vlastn\u00edho \u017eivota zabr\u00e1nil anarchistick\u00e9mu atent\u00e1tu na z\u00e1mku Auersperg\u016f, se tentokr\u00e1t st\u00e1v\u00e1 opatrovn\u00edkem Jind\u0159icha Clam-Gallase, mlad\u00e9ho talentovan\u00e9ho mal\u00ed\u0159e, trpasl\u00edka a alkoholika, jeho\u017e pr\u00e1v\u011b propustili z bl\u00e1zince. Po Vincentov\u011b p\u0159\u00edjezdu se za\u010dnou na z\u00e1mku a v okol\u00ed d\u00edt podivn\u00e9 v\u011bci. Kdosi zavra\u017ed\u00ed mladou slu\u017eku a brzy n\u00e1sleduje s\u00e9rie dal\u0161\u00edch vra\u017ed. V\u0161e nasv\u011bd\u010duje tomu, \u017ee vrahem je Vincent. Ani on s\u00e1m si nen\u00ed jist, \u017ee tomu tak nen\u00ed, proto\u017ee ho st\u00e1le su\u017euj\u00ed halucinace, tak\u017ee pochybuje o sv\u00e9m du\u0161evn\u00edm zdrav\u00ed. V podez\u0159en\u00ed je i skupina mlad\u00fdch lid\u00ed z V\u00eddn\u011b, kte\u0159\u00ed m\u011bste\u010dko popuzuj\u00ed svou nev\u00e1zanost\u00ed \u2013 mal\u00ed\u0159 Egon Schiele, jeho p\u0159\u00e1tel\u00e9, a p\u0159edev\u0161\u00edm Egonova milenka Valerie, kter\u00e1 v\u0161ak n\u00e1hle beze stopy zmiz\u00ed\u2026<\/em><\/p>\n<h2><strong><em>M\u016fj n\u00e1zor<\/em><\/strong><\/h2>\n<p style=\"font-weight: 400;\">Nev\u00edm, co jsem p\u0159esn\u011b \u010dekala, ale rozhodn\u011b byly\u00a0<strong>Vra\u017edy na Grab\u0161tejn\u011b<\/strong>\u00a0zaj\u00edmav\u011bj\u0161\u00ed, ne\u017e co jsem si p\u0159edstavovala.\u00a0<em>Zaj\u00edmav\u011bj\u0161\u00ed<\/em>, to je to slovo. Kn\u00ed\u017eka je p\u0159\u00edjemn\u011b objemn\u00e1, tak akor\u00e1t, abyste mohli o\u010dek\u00e1vat p\u0159\u00edjemn\u00fd v\u00edkend pln\u00fd \u010dten\u00ed. Mo\u017en\u00e1 i d\u00e9le, pokud m\u00e1te na \u010dten\u00ed m\u00e9n\u011b \u010dasu. Nejsem si jist\u00e1, kdo je zde hlavn\u00ed postava, mo\u017en\u00e1 by se dalo \u0159\u00edci, \u017ee trpasli\u010d\u00ed mu\u017e Jind\u0159ich, mo\u017en\u00e1 snad jeho opatrovn\u00edk a ochr\u00e1nce, m\u00e1lomluvn\u00fd Vincent Hora. P\u0159\u00edb\u011bh je zaj\u00edmav\u00fd \u2013 na hrad\u011b Grab\u0161tejn se najde prvn\u00ed mrtv\u00e9 t\u011blo slu\u017eebn\u00e9 a rozjede se vy\u0161et\u0159ov\u00e1n\u00ed. Podez\u0159el\u00fd je kdekdo, od obyvatel\u016f hradu, po skupinku um\u011blc\u016f usazen\u00fdch pod hradbami. Postupem p\u0159\u00edb\u011bhu se odkr\u00fdvaj\u00ed zaj\u00edmav\u00e9 informace a souvislosti, ke konci se stup\u0148uje nap\u011bt\u00ed i dramati\u010dnost p\u0159\u00edb\u011bhu.<\/p>\n<p style=\"font-weight: 400;\"><em>V\u011bd\u011bli jste, \u017ee hrad Grab\u0161tejn skute\u010dn\u011b existuje?<\/em><\/p>\n<p style=\"font-weight: 400;\">Zaujalo m\u011b, \u017ee pou\u017eili postavu Egona Schiele a jeho m\u00fazu Valerii, co\u017e byly skute\u010dn\u00e9 postavy, kter\u00e9 autor postavil do vymy\u0161len\u00e9ho p\u0159\u00edb\u011bhu jako vedlej\u0161\u00ed postavy. Proto\u017ee mi jm\u00e9no nebylo nezn\u00e1m\u00e9, mohla m\u00e1 p\u0159edstavivost l\u00e9pe p\u0159edstavit jeho postavu a pr\u00e1ci. L\u00edbilo se mi, jak autor vykreslil v\u0161echny postavy v knize, jejich vlastnosti i \u017eivotn\u00ed p\u0159\u00edb\u011bhy, i jak propojil \u010cechy s cel\u00fdm sv\u011btem, a jak m\u011b znechutil antisemitskou tetou Melani\u00ed. Docela sympatick\u00e9 mi bylo i vypr\u00e1v\u011bn\u00ed o Horov\u00fdch neviditeln\u00fdch souputn\u00edc\u00edch. Pokud zrovna nem\u00e1te co \u010d\u00edst a m\u00e1te r\u00e1di p\u0159\u00edb\u011bh s krimin\u00e1ln\u00edmi prvky, pak si Vra\u017edy na Grab\u0161tejn\u011b p\u0159e\u010dt\u011bte.<\/p>\n<p style=\"font-weight: 400;\">\u00a0<\/p>\n<p style=\"font-weight: 400;\">\u00a0<\/p>\n<p style=\"font-weight: 400;\">Barbora Cirklov\u00e1<\/p>\n<p>Autor:\u00a0Barbora Cirklov\u00e1<\/p>\n","protected":false},"excerpt":{"rendered":"<p>V dne\u0161n\u00ed recenzi se pod\u00edv\u00e1me na zaj\u00edmavou kni\u017en\u00ed novinku s tajupln\u00fdm p\u0159\u00edb\u011bhem, vra\u017edami, \u00fanosy, anarchisty, nervov\u011b zkou\u0161en\u00fdmi osobami, policisty a um\u011blci. P\u0159ipraveni? Jdeme na to.<\/p>\n","protected":false},"author":2,"featured_media":324633,"comment_status":"open","ping_status":"open","sticky":false,"template":"","format":"standard","meta":{"_acf_changed":false,"_monsterinsights_skip_tracking":false,"_monsterinsights_sitenote_active":false,"_monsterinsights_sitenote_note":"","_monsterinsights_sitenote_category":0,"_EventAllDay":false,"_EventTimezone":"","_EventStartDate":"","_EventEndDate":"","_EventStartDateUTC":"","_EventEndDateUTC":"","_EventShowMap":false,"_EventShowMapLink":false,"_EventURL":"","_EventCost":"","_EventCostDescription":"","_EventCurrencySymbol":"","_EventCurrencyCode":"","_EventCurrencyPosition":"","_EventDateTimeSeparator":"","_EventTimeRangeSeparator":"","_EventOrganizerID":[],"_EventVenueID":[],"_OrganizerEmail":"","_OrganizerPhone":"","_OrganizerWebsite":"","_VenueAddress":"","_VenueCity":"","_VenueCountry":"","_VenueProvince":"","_VenueState":"","_VenueZip":"","_VenuePhone":"","_VenueURL":"","_VenueStateProvince":"","_VenueLat":"","_VenueLng":"","_VenueShowMap":false,"_VenueShowMapLink":false,"twitterCardType":"","cardImageID":0,"cardImage":"","cardTitle":"","cardDesc":"","cardImageAlt":"","cardPlayer":"","cardPlayerWidth":0,"cardPlayerHeight":0,"cardPlayerStream":"","cardPlayerCodec":"","footnotes":""},"categories":[7],"tags":[21832],"class_list":["post-324632","post","type-post","status-publish","format-standard","has-post-thumbnail","hentry","category-recenze","tag-literarni-kavarna"],"acf":{"related_products":null},"_links":{"self":[{"href":"https:\/\/www.luxor.cz\/blog\/wp-json\/wp\/v2\/posts\/324632","targetHints":{"allow":["GET"]}}],"collection":[{"href":"https:\/\/www.luxor.cz\/blog\/wp-json\/wp\/v2\/posts"}],"about":[{"href":"https:\/\/www.luxor.cz\/blog\/wp-json\/wp\/v2\/types\/post"}],"author":[{"embeddable":true,"href":"https:\/\/www.luxor.cz\/blog\/wp-json\/wp\/v2\/users\/2"}],"replies":[{"embeddable":true,"href":"https:\/\/www.luxor.cz\/blog\/wp-json\/wp\/v2\/comments?post=324632"}],"version-history":[{"count":0,"href":"https:\/\/www.luxor.cz\/blog\/wp-json\/wp\/v2\/posts\/324632\/revisions"}],"wp:featuredmedia":[{"embeddable":true,"href":"https:\/\/www.luxor.cz\/blog\/wp-json\/wp\/v2\/media\/324633"}],"wp:attachment":[{"href":"https:\/\/www.luxor.cz\/blog\/wp-json\/wp\/v2\/media?parent=324632"}],"wp:term":[{"taxonomy":"category","embeddable":true,"href":"https:\/\/www.luxor.cz\/blog\/wp-json\/wp\/v2\/categories?post=324632"},{"taxonomy":"post_tag","embeddable":true,"href":"https:\/\/www.luxor.cz\/blog\/wp-json\/wp\/v2\/tags?post=324632"}],"curies":[{"name":"wp","href":"https:\/\/api.w.org\/{rel}","templated":true}]}}