{"id":324628,"date":"2024-04-03T12:59:13","date_gmt":"2024-04-03T10:59:13","guid":{"rendered":"https:\/\/www.luxor.cz\/blog\/nezarazene\/64066-kam-vede-dalnice\/"},"modified":"2024-04-03T12:59:13","modified_gmt":"2024-04-03T10:59:13","slug":"64066-kam-vede-dalnice","status":"publish","type":"post","link":"https:\/\/www.luxor.cz\/blog\/recenze\/64066-kam-vede-dalnice\/","title":{"rendered":"Kam vede d\u00e1lnice?"},"content":{"rendered":"<p>Renata, Richard a jejich d\u011bti Simona a Marek. Simona je \u0161kolou povinn\u00e1, Marek studuje vysokou, Richard m\u00e1 p\u011bkn\u00e9 m\u00edsto u staveb silnic a d\u00e1lnic a Renata pracuje pro \u0160kodu Export. Pr\u00e1v\u011b j\u00ed se poda\u0159\u00ed dostat se na z\u00e1jezd do Rakouska. Je to velik\u00e1 p\u0159\u00edle\u017eitost, vid\u011bt sv\u011bt \u201etam venku za zd\u00ed\u201c. \u017de tam z\u016fstane, se bohu\u017eel nikomu nezm\u00ednila.<\/p>\n<p>Rozto\u010dila koloto\u010d ud\u00e1lost\u00ed, s kter\u00fdmi se musel poprat zbytek rodiny. Sesazen\u00ed z m\u00edsta, v\u00fdslechy, vyhazov ze \u0161koly, vojna. N\u00e1sledky jsou tvrd\u00e9. Ztratili p\u016fdu pod nohama a jejich \u017eivot nabral \u00fapln\u011b jin\u00e9 obr\u00e1tky. V\u0161edn\u00ed \u0161ediv\u00e9 dny pln\u00e9 strachu, l\u00edtosti, nepochopen\u00ed se vle\u010dou, ale zm\u011bny na sebe nenechaj\u00ed dlouho \u010dekat. Tahle doba p\u0159ece n\u011bkdy skon\u010d\u00ed, nebo ne?<\/p>\n<p>\u00a0<\/p>\n<p>Co d\u011blat, kdy\u017e se n\u011bkdo nevr\u00e1t\u00ed\u2026 Ch\u00e1pat, nen\u00e1vid\u011bt? A co ti, kte\u0159\u00ed se tak nerozhodli, nev\u011bd\u011bli, nem\u011bli s t\u00edm nic spole\u010dn\u00e9ho. Mus\u00ed to zkousnout a vydr\u017eet. Lenka Pot\u016f\u010dkov\u00e1 \u010dten\u00e1\u0159\u016fm ukazuje, jak snadn\u00e9 bylo zm\u011bnit n\u011bkomu \u017eivot, kdy\u017e jste se \u201enel\u00edbili\u201c. V pom\u011brn\u011b ponur\u00e9 n\u00e1lad\u011b, odosobn\u011bnou formou, \u0161ediv\u011b. Jako byste sledovali \u010dernob\u00edl\u00fd film z obdob\u00ed normalizace. Tich\u00fd, pln\u00fd skryt\u00fdch emoc\u00ed, jako nikdy nevy\u0159\u010den\u00e1 v\u00fd\u010ditka. Pro koho ale? D\u00e1lnice je perfektn\u00ed po\u010din v mnoha ohledech. Nesoud\u00ed ani nepodsouv\u00e1. Jen ukazuje, jak\u00e9 to bylo a mohlo b\u00fdt. Jak se dok\u00e1\u017ee oby\u010dejn\u00fd \u017eivot p\u0159evr\u00e1tit naruby se v\u0161emi n\u00e1sledky. U\u017e toti\u017e samotn\u00fd n\u00e1zev vyb\u00edz\u00ed k zamy\u0161len\u00ed. A a\u010dkoliv se jedn\u00e1 v prvn\u00ed \u0159ad\u011b p\u0159edev\u0161\u00edm o Tomanovi, otev\u00edr\u00e1 p\u0159ed \u010dten\u00e1\u0159i mozaiku i n\u011bkolika dal\u0161\u00edch postav, kter\u00e9 stejn\u011b jako hlavn\u00ed protagonist\u00e9 nejsou jen figurky na pap\u00ed\u0159e. V\u0161ichni maj\u00ed hloubku a pestrou \u0161k\u00e1lu emoc\u00ed a my\u0161lenek, r\u016fzn\u00e1 z\u00e1zem\u00ed i odli\u0161n\u00e9 osudy. A p\u0159ece je n\u011bco spojuje. I kdy\u017e se na prvn\u00ed pohled zd\u00e1, \u017ee se autorka nepou\u0161t\u011bla\u00a0\u00a0 do hlubok\u00fdch citov\u00fdch anal\u00fdz, kniha je jich pln\u00e1. Mo\u017en\u00e1 pr\u00e1v\u011b to, co nebylo odvypr\u00e1v\u011bno, ot\u00e1zky, na kter\u00e9 nikdo nedostal odpov\u011b\u010f a rozhovory, kter\u00e9 nikdy neprob\u011bhly, jsou to hlavn\u00ed, co p\u0159\u00edb\u011bh p\u0159ed\u00e1v\u00e1. Alespo\u0148 pro m\u011b ur\u010dit\u011b.\u00a0\u00a0 K zamy\u0161len\u00ed, souzn\u011bn\u00ed, pochopen\u00ed. Co je dnes nemysliteln\u00e9, se tehdy d\u011blo b\u011b\u017en\u011b. A proto je dobr\u00e9 si takov\u00e9 osudy p\u0159ipom\u00ednat. Aby se nic takov\u00e9ho u\u017e nikdy neopakovalo.<\/p>\n<p>\u00a0<\/p>\n<p>\u00a0<\/p>\n<p>Autor:\u00a0Vyb\u00edr\u00e1me z m\u00e9di\u00ed: Magaz\u00edn Luxor<\/p>\n","protected":false},"excerpt":{"rendered":"<p>Oby\u010dejn\u00e1 rodina, oby\u010dejn\u00e9 probl\u00e9my. Kdy\u017e se matka rozhodne emigrovat, co se stane se zbytkem rodiny? S jejich sny, pl\u00e1ny, \u017eivotem? Rodina Tomanov\u00fdch sice nen\u00ed \u201ed\u016fle\u017eit\u00e1\u201c,\u00a0 na\u00a0 vlastn\u00ed\u00a0 k\u016f\u017ei ale pozn\u00e1, jak\u00e9 to je, kdy\u017e se nel\u00edb\u00edte re\u017eimu\u2026<\/p>\n","protected":false},"author":2,"featured_media":324629,"comment_status":"open","ping_status":"open","sticky":false,"template":"","format":"standard","meta":{"_acf_changed":false,"_monsterinsights_skip_tracking":false,"_monsterinsights_sitenote_active":false,"_monsterinsights_sitenote_note":"","_monsterinsights_sitenote_category":0,"_EventAllDay":false,"_EventTimezone":"","_EventStartDate":"","_EventEndDate":"","_EventStartDateUTC":"","_EventEndDateUTC":"","_EventShowMap":false,"_EventShowMapLink":false,"_EventURL":"","_EventCost":"","_EventCostDescription":"","_EventCurrencySymbol":"","_EventCurrencyCode":"","_EventCurrencyPosition":"","_EventDateTimeSeparator":"","_EventTimeRangeSeparator":"","_EventOrganizerID":[],"_EventVenueID":[],"_OrganizerEmail":"","_OrganizerPhone":"","_OrganizerWebsite":"","_VenueAddress":"","_VenueCity":"","_VenueCountry":"","_VenueProvince":"","_VenueState":"","_VenueZip":"","_VenuePhone":"","_VenueURL":"","_VenueStateProvince":"","_VenueLat":"","_VenueLng":"","_VenueShowMap":false,"_VenueShowMapLink":false,"twitterCardType":"","cardImageID":0,"cardImage":"","cardTitle":"","cardDesc":"","cardImageAlt":"","cardPlayer":"","cardPlayerWidth":0,"cardPlayerHeight":0,"cardPlayerStream":"","cardPlayerCodec":"","footnotes":""},"categories":[7],"tags":[21832],"class_list":["post-324628","post","type-post","status-publish","format-standard","has-post-thumbnail","hentry","category-recenze","tag-literarni-kavarna"],"acf":{"related_products":null},"_links":{"self":[{"href":"https:\/\/www.luxor.cz\/blog\/wp-json\/wp\/v2\/posts\/324628","targetHints":{"allow":["GET"]}}],"collection":[{"href":"https:\/\/www.luxor.cz\/blog\/wp-json\/wp\/v2\/posts"}],"about":[{"href":"https:\/\/www.luxor.cz\/blog\/wp-json\/wp\/v2\/types\/post"}],"author":[{"embeddable":true,"href":"https:\/\/www.luxor.cz\/blog\/wp-json\/wp\/v2\/users\/2"}],"replies":[{"embeddable":true,"href":"https:\/\/www.luxor.cz\/blog\/wp-json\/wp\/v2\/comments?post=324628"}],"version-history":[{"count":0,"href":"https:\/\/www.luxor.cz\/blog\/wp-json\/wp\/v2\/posts\/324628\/revisions"}],"wp:featuredmedia":[{"embeddable":true,"href":"https:\/\/www.luxor.cz\/blog\/wp-json\/wp\/v2\/media\/324629"}],"wp:attachment":[{"href":"https:\/\/www.luxor.cz\/blog\/wp-json\/wp\/v2\/media?parent=324628"}],"wp:term":[{"taxonomy":"category","embeddable":true,"href":"https:\/\/www.luxor.cz\/blog\/wp-json\/wp\/v2\/categories?post=324628"},{"taxonomy":"post_tag","embeddable":true,"href":"https:\/\/www.luxor.cz\/blog\/wp-json\/wp\/v2\/tags?post=324628"}],"curies":[{"name":"wp","href":"https:\/\/api.w.org\/{rel}","templated":true}]}}