{"id":324624,"date":"2024-04-06T10:00:40","date_gmt":"2024-04-06T08:00:40","guid":{"rendered":"https:\/\/www.luxor.cz\/blog\/nezarazene\/64069-sestricky-z-waldfriede\/"},"modified":"2024-04-06T10:00:40","modified_gmt":"2024-04-06T08:00:40","slug":"64069-sestricky-z-waldfriede","status":"publish","type":"post","link":"https:\/\/www.luxor.cz\/blog\/recenze\/64069-sestricky-z-waldfriede\/","title":{"rendered":"Sest\u0159i\u010dky z Waldfriede"},"content":{"rendered":"<div>\n<p class=\"Standard\">V z\u00e1v\u011bru v\u00e1lky se mlad\u00e1 zdravotn\u00ed sestra Hanna pot\u00fdkala s hlubok\u00fdm z\u00e1rmutkem po ztr\u00e1t\u011b sv\u00e9ho snoubence. Tato trag\u00e9die ji poznamenala natolik, \u017ee p\u0159i pohledu na t\u011b\u017ece zran\u011bn\u00e9 mu\u017ee v nemocnici Friedensau, kde pracovala, trp\u011bla z\u00e1chvaty mdlob.<\/p>\n<p class=\"Standard\">\u00a0<\/p>\n<\/div>\n<div>\n<p class=\"Standard\"><em>\u201eNa slov\u00ed\u010dko, sestro Hanno?\u201c oslovil ji doktor.<\/em><\/p>\n<\/div>\n<div>\n<p class=\"Standard\"><em>\u201eAno?\u201c nucen\u011b se usm\u00e1la.<\/em><\/p>\n<\/div>\n<div>\n<p class=\"Standard\"><em>Meyer \u00fasm\u011bv op\u011btoval, ale z\u00e1rove\u0148 m\u011bl v o\u010d\u00edch starost. \u201eJak se v\u00e1m da\u0159\u00ed?\u201c Zaj\u00edmal se.<\/em><\/p>\n<\/div>\n<div>\n<p class=\"Standard\"><em>\u201eDob\u0159e,\u201c odpov\u011bd\u011bla. \u201eT\u00edm, \u017ee jste mne doporu\u010dil doktoru Conradimu, jste mi velmi pomohl. Ve Waldfriede pracuju moc r\u00e1da.\u201c<\/em><\/p>\n<\/div>\n<div>\n<p class=\"Standard\"><em>\u201eTo r\u00e1d sly\u0161\u00edm. A jak je to s va\u0161\u00edm\u2026 probl\u00e9mem?\u201c<\/em><\/p>\n<\/div>\n<div>\n<p class=\"Standard\"><em>Hanna c\u00edtila, \u017ee j\u00ed poklesly koutky. U\u017e zas tu byla vzpom\u00ednka na tu noc, kdy j\u00ed p\u0159inesl zpr\u00e1vu o smrti Martina. Rychle tu p\u0159edstavu zahnala.<\/em><\/p>\n<\/div>\n<div>\n<p class=\"Standard\"><em>\u201ePo\u0159\u00e1d jsem se ho \u00fapln\u011b nezbavila,\u201c p\u0159iznala po pravd\u011b. \u201eAle sna\u017e\u00edm se s t\u00edm bojovat. U\u017e se mi to docela da\u0159\u00ed.\u201c<\/em><\/p>\n<p class=\"Standard\">\u00a0<\/p>\n<\/div>\n<div>\n<p class=\"Standard\">P\u0159esun do nov\u011b z\u0159\u00edzen\u00e9 nemocnice Waldfriede v Zehlendorfu j\u00ed v\u0161ak poskytl \u00fato\u010di\u0161t\u011b a novou nad\u011bji. P\u0159edt\u00edm, ne\u017e nemocnice p\u0159iv\u00edtala prvn\u00ed pacienty, Hanna a jej\u00ed kolegov\u00e9 \u010delili mnoha m\u011bs\u00edc\u016fm n\u00e1ro\u010dn\u00e9 pr\u00e1ce, nedostatku z\u00e1sob a obdob\u00ed nejistoty. Tento \u010das vy\u017eadoval od v\u0161ech z\u00fa\u010dastn\u011bn\u00fdch nejen profesion\u00e1ln\u00ed dovednosti, ale i osobn\u00ed odhodl\u00e1n\u00ed a ob\u011btavost. Zde, pod ochrann\u00fdmi k\u0159\u00eddly doktora Conradiho, vedouc\u00edho kliniky, kter\u00fd ji podporoval a poskytl j\u00ed p\u0159\u00edle\u017eitost pracovat na rentgenov\u00e9m odd\u011blen\u00ed, se Hanna znovu nau\u010dila nal\u00e9zat smysl ve sv\u00e9 pr\u00e1ci. P\u0159esto\u017ee se Waldfriede stala jej\u00edm nov\u00fdm domovem, minulost se znovu p\u0159ipomn\u011bla a nemocnice sama \u010delila nejist\u00e9 budoucnosti pln\u00e9 intrik a nep\u0159edv\u00eddateln\u00fdch ud\u00e1lost\u00ed.<\/p>\n<\/div>\n<div>\n<p class=\"Standard\">Hanna stoj\u00ed p\u0159ed slo\u017eitou ot\u00e1zkou: je mo\u017en\u00e9 otev\u0159\u00edt sv\u00e9 srdce nov\u00e9 l\u00e1sce, kdy\u017e vzpom\u00ednky na Martina, jej\u00edho b\u00fdval\u00e9ho snoubence, st\u00e1le z\u016fst\u00e1vaj\u00ed \u017eiv\u00e9? Tento boj mezi minulost\u00ed a budoucnost\u00ed je centr\u00e1ln\u00edm t\u00e9matem p\u0159\u00edb\u011bhu, kter\u00fd zkoum\u00e1 hloubku emoc\u00ed a komplexnost lidsk\u00fdch vztah\u016f. Hanna mus\u00ed naj\u00edt s\u00edlu, aby se vyrovnala se ztr\u00e1tou a dala \u0161anci nov\u00fdm za\u010d\u00e1tk\u016fm, co\u017e je proces pln\u00fd nejistot, ale i nad\u011bje. Hannin p\u0159\u00edb\u011bh je p\u0159\u00edkladem odvahy a odhodl\u00e1n\u00ed, kter\u00e9 inspiruje a p\u0159ipom\u00edn\u00e1, \u017ee i v nejt\u011b\u017e\u0161\u00edch \u010dasech lze naj\u00edt s\u00edlu k pomoci druh\u00fdm a p\u0159ekonat osobn\u00ed trag\u00e9die.<\/p>\n<\/div>\n<div>\n<p class=\"Standard\">Autorka knihy <strong>And\u011bl\u00e9 v b\u00edl\u00fdch pl\u00e1\u0161t\u00edch<\/strong>, Corina Bomannov\u00e1, je zn\u00e1m\u00e1 sv\u00fdmi rom\u00e1ny pln\u00fdmi emoc\u00ed a historick\u00fdch detail\u016f. Tak\u00e9 je zn\u00e1m\u00e1 pro sv\u00e9 p\u0159\u00edb\u011bhy, kter\u00e9 \u010dasto zkoumaj\u00ed \u017eivoty \u017een v minulosti a jejich boj s tradi\u010dn\u00edmi rolemi ve spole\u010dnosti. Jej\u00ed knihy obvykle obsahuj\u00ed siln\u00e9 \u017eensk\u00e9 postavy, kter\u00e9 \u010del\u00ed v\u00fdzv\u00e1m a p\u0159ekon\u00e1vaj\u00ed p\u0159ek\u00e1\u017eky, aby dos\u00e1hly sv\u00fdch c\u00edl\u016f a sn\u016f.<\/p>\n<\/div>\n<div>\n<p class=\"Standard\">V tomto rom\u00e1nu autorka \u010derp\u00e1 z re\u00e1ln\u00fdch historick\u00fdch ud\u00e1lost\u00ed, kter\u00e9 jsou v\u0161ak um\u011blecky upraveny a roz\u0161\u00ed\u0159eny o fiktivn\u00ed prvky. Detaily a postavy byly adaptov\u00e1ny tak, aby podpo\u0159ily p\u0159\u00edb\u011bh a p\u0159idaly d\u00edlu na hloubce. V\u00fdsledkem je tedy origin\u00e1ln\u00ed liter\u00e1rn\u00ed d\u00edlo, kde se prol\u00edn\u00e1 historick\u00e1 pravda s autorskou invenc\u00ed, co\u017e \u010dten\u00e1\u0159\u016fm nab\u00edz\u00ed jedine\u010dn\u00fd z\u00e1\u017eitek. O\u010dek\u00e1v\u00e1n\u00ed od nadch\u00e1zej\u00edc\u00edho pokra\u010dov\u00e1n\u00ed jsou vysok\u00e1, nebo\u0165 p\u0159edchoz\u00ed d\u00edl zanechal mnoho ot\u00e1zek a otev\u0159el prostor pro dal\u0161\u00ed rozvoj p\u0159\u00edb\u011bhu.<\/p>\n<\/div>\n<div>\n<p class=\"Standard\">\u00a0<\/p>\n<p class=\"Standard\">\u00a0<\/p>\n<\/div>\n<div>\n<p class=\"Standard\">Simona Krchov\u00e1<\/p>\n<\/div>\n<p>Autor:\u00a0Simona Krchov\u00e1<\/p>\n","protected":false},"excerpt":{"rendered":"<p>Hanna, mlad\u00e1 a oddan\u00e1 zdravotn\u00ed sestra, \u010del\u00ed nejen v\u00fdzv\u00e1m ve sv\u00e9 profesion\u00e1ln\u00ed roli, ale tak\u00e9 osobn\u00ed trag\u00e9dii. Po ztr\u00e1t\u011b sv\u00e9ho snoubence v prvn\u00ed sv\u011btov\u00e9 v\u00e1lce se sna\u017e\u00ed p\u0159ekonat hlubok\u00e9 trauma. Dok\u00e1\u017ee se Hanny vypo\u0159\u00e1dat s osobn\u00ed ztr\u00e1tou?<\/p>\n","protected":false},"author":2,"featured_media":324625,"comment_status":"open","ping_status":"open","sticky":false,"template":"","format":"standard","meta":{"_acf_changed":false,"_monsterinsights_skip_tracking":false,"_monsterinsights_sitenote_active":false,"_monsterinsights_sitenote_note":"","_monsterinsights_sitenote_category":0,"_EventAllDay":false,"_EventTimezone":"","_EventStartDate":"","_EventEndDate":"","_EventStartDateUTC":"","_EventEndDateUTC":"","_EventShowMap":false,"_EventShowMapLink":false,"_EventURL":"","_EventCost":"","_EventCostDescription":"","_EventCurrencySymbol":"","_EventCurrencyCode":"","_EventCurrencyPosition":"","_EventDateTimeSeparator":"","_EventTimeRangeSeparator":"","_EventOrganizerID":[],"_EventVenueID":[],"_OrganizerEmail":"","_OrganizerPhone":"","_OrganizerWebsite":"","_VenueAddress":"","_VenueCity":"","_VenueCountry":"","_VenueProvince":"","_VenueState":"","_VenueZip":"","_VenuePhone":"","_VenueURL":"","_VenueStateProvince":"","_VenueLat":"","_VenueLng":"","_VenueShowMap":false,"_VenueShowMapLink":false,"twitterCardType":"","cardImageID":0,"cardImage":"","cardTitle":"","cardDesc":"","cardImageAlt":"","cardPlayer":"","cardPlayerWidth":0,"cardPlayerHeight":0,"cardPlayerStream":"","cardPlayerCodec":"","footnotes":""},"categories":[7],"tags":[21832],"class_list":["post-324624","post","type-post","status-publish","format-standard","has-post-thumbnail","hentry","category-recenze","tag-literarni-kavarna"],"acf":{"related_products":null},"_links":{"self":[{"href":"https:\/\/www.luxor.cz\/blog\/wp-json\/wp\/v2\/posts\/324624","targetHints":{"allow":["GET"]}}],"collection":[{"href":"https:\/\/www.luxor.cz\/blog\/wp-json\/wp\/v2\/posts"}],"about":[{"href":"https:\/\/www.luxor.cz\/blog\/wp-json\/wp\/v2\/types\/post"}],"author":[{"embeddable":true,"href":"https:\/\/www.luxor.cz\/blog\/wp-json\/wp\/v2\/users\/2"}],"replies":[{"embeddable":true,"href":"https:\/\/www.luxor.cz\/blog\/wp-json\/wp\/v2\/comments?post=324624"}],"version-history":[{"count":0,"href":"https:\/\/www.luxor.cz\/blog\/wp-json\/wp\/v2\/posts\/324624\/revisions"}],"wp:featuredmedia":[{"embeddable":true,"href":"https:\/\/www.luxor.cz\/blog\/wp-json\/wp\/v2\/media\/324625"}],"wp:attachment":[{"href":"https:\/\/www.luxor.cz\/blog\/wp-json\/wp\/v2\/media?parent=324624"}],"wp:term":[{"taxonomy":"category","embeddable":true,"href":"https:\/\/www.luxor.cz\/blog\/wp-json\/wp\/v2\/categories?post=324624"},{"taxonomy":"post_tag","embeddable":true,"href":"https:\/\/www.luxor.cz\/blog\/wp-json\/wp\/v2\/tags?post=324624"}],"curies":[{"name":"wp","href":"https:\/\/api.w.org\/{rel}","templated":true}]}}