{"id":324622,"date":"2024-04-08T10:00:51","date_gmt":"2024-04-08T08:00:51","guid":{"rendered":"https:\/\/www.luxor.cz\/blog\/nezarazene\/64070-pribeh-lilibet-windsor-nez-se-stala-kralovnou\/"},"modified":"2024-04-08T10:00:51","modified_gmt":"2024-04-08T08:00:51","slug":"64070-pribeh-lilibet-windsor-nez-se-stala-kralovnou","status":"publish","type":"post","link":"https:\/\/www.luxor.cz\/blog\/recenze\/64070-pribeh-lilibet-windsor-nez-se-stala-kralovnou\/","title":{"rendered":"P\u0159\u00edb\u011bh Lilibet Windsor, ne\u017e se stala kr\u00e1lovnou"},"content":{"rendered":"<p style=\"font-weight: 400;\">Cokoliv o kr\u00e1lovsk\u00e9 rodin\u011b nad\u0161en\u011b hlt\u00e1m a sb\u00edr\u00e1m ve\u0161ker\u00e9 dostupn\u00e9 informace. Nen\u00ed tedy divu, \u017ee m\u00fdm nejobl\u00edben\u011bj\u0161\u00edm seri\u00e1lem je The Crown. Ale i v\u00a0literatu\u0159e vyhled\u00e1v\u00e1m toto t\u00e9ma s\u00a0velk\u00fdm nad\u0161en\u00edm. A proto jsem nemohla odolat nab\u00eddce na p\u0159e\u010dten\u00ed knihy Kr\u00e1lovna \u2013 Na cest\u011b k\u00a0tr\u016fnu hned po vyd\u00e1n\u00ed!<\/p>\n<p style=\"font-weight: 400;\">Eva-Maria Bastov\u00e1 n\u00e1m ve sv\u00e9 knize, kter\u00e1 spad\u00e1 do edice V\u00fdznamn\u00e9 \u017eeny (z\u00a0t\u00e9to edice si m\u016f\u017eete p\u0159e\u010d\u00edst mimo jin\u00e9 naprosto \u00fa\u017easnou knihu o Marii Curie-Sk\u0142odowsk\u00e9) p\u0159in\u00e1\u0161\u00ed beletrizovan\u011b sepsan\u00fd p\u0159\u00edb\u011bh Al\u017eb\u011bty, kterou doma oslovovali Lilibet, v\u00a0dob\u00e1ch, kdy poznala Philipa, v\u00a0dob\u00e1ch, kdy skon\u010dila druh\u00e1 sv\u011btov\u00e1 v\u00e1lka a kdy se Evropa z\u00a0hr\u016fz t\u00e9to v\u00e1lky sna\u017eila vzpamatovat. Spoustu v\u011bc\u00ed je v\u00a0t\u00e9to knize dost detailn\u011b popsan\u00fdch, nap\u0159\u00edklad \u017ee Al\u017eb\u011bta milovala k sn\u00eddani sled\u011b a jogurt s\u00a0javorov\u00fdm sirupem a m\u00fcsli, nebo \u017ee b\u011bhem svatebn\u00edho dne polovina pal\u00e1ce hledala ztracenou svatebn\u00ed kytici, kterou sluha ulo\u017eil do lednice, aby nezvadla a zapomn\u011bl na ni. Cel\u00e1 kniha je protkan\u00e1 takov\u00fdmi mal\u00fdmi podrobnostmi. Je mi jasn\u00e9, \u017ee n\u011bkter\u00e9 z\u00a0nich budou pravd\u011bpodobn\u011b tro\u0161ku p\u0159ikr\u00e1\u0161len\u00e9, jedn\u00e1 se p\u0159eci jenom o beletrizovan\u00fd rom\u00e1n a ne \u017eivotopis.<\/p>\n<p style=\"font-weight: 400;\">Nicm\u00e9n\u011b \u010dten\u00ed ub\u00edh\u00e1 d\u00edky kr\u00e1tk\u00fdm kapitol\u00e1m velice rychle a celou knihu zhltnete pravd\u011bpodobn\u011b za dva ve\u010dery. V\u00a0t\u00e9to knize si obl\u00edb\u00edte v\u0161echny postavy. Nejde tu nem\u00edt n\u011bkoho r\u00e1d! I kdy\u017e m\u00edsty jsem byla trochu na rozpac\u00edch z\u00a0prince Philipa, respektive z\u00a0jeho chov\u00e1n\u00ed v\u00a0n\u011bkter\u00fdch situac\u00edch. Ale tak nikdo nejsme dokonal\u00ed a ani \u010dlenov\u00e9 kr\u00e1lovsk\u00e9 rodiny nejsou v\u017edy dokonal\u00ed. Ale obzvl\u00e1\u0161t\u011b jsem si obl\u00edbila sestry Al\u017eb\u011btu a Margaret a jejich \u010dinnostmi b\u011bhem v\u00e1lky. Moc kr\u00e1sn\u00e9 mi nap\u0159\u00edklad p\u0159i\u0161lo vypr\u00e1v\u011bn\u00ed, jak ob\u011b princezny b\u011bhem v\u00e1lky s\u00eddlily na venkovsk\u00e9m s\u00eddle a pletly pro voj\u00e1ky jejich zem\u011b pono\u017eky! Takov\u00e1 \u201eblbost\u201c a p\u0159itom tak pot\u0159ebn\u00e1. Hlavn\u011b se mi ale l\u00edbila odvaha Al\u017eb\u011bty v\u00a0tom, \u017ee se neb\u00e1la u\u010dit se takov\u00e9 v\u011bci jako vojensk\u00fd automobilov\u00fd mechanik \u2013 nau\u010dila se opravovat vojensk\u00e1 vozidla a \u0159\u00eddila je!<\/p>\n<p style=\"font-weight: 400;\">Co mus\u00edm vyzdvihnout, jsou grafick\u00e9 detaily kolem \u010d\u00edsel kapitol, kter\u00e9 vyzdvihuj\u00ed celkov\u00fd z\u00e1\u017eitek z\u00a0knihy o dal\u0161\u00ed \u00farove\u0148. Hodn\u011b se mi taky l\u00edb\u00ed ob\u00e1lka, kter\u00e1 je p\u0159evzat\u00e1 s\u00a0origin\u00e1lu. Co m\u011b tro\u0161ku zamrzelo, bylo, \u017ee kniha pod p\u0159ebalem nem\u00e1 na desk\u00e1ch \u017e\u00e1dn\u00fd znak, stra\u0161n\u011b by se mi tam l\u00edbila t\u0159eba koruna! Kniha je pod p\u0159ebalem \u010dist\u011b modr\u00e1 a m\u00e1 na sob\u011b na p\u0159edn\u00edch desk\u00e1ch jenom n\u00e1zev knihy a autorku.<\/p>\n<p style=\"font-weight: 400;\">Na z\u00e1v\u011br bych tuto knihu cht\u011bla moc doporu\u010dit nap\u0159\u00edklad \u010dten\u00e1\u0159\u016fm Alison Weir, proto\u017ee mi p\u0159ijde, \u017ee Eva-Maria m\u00e1 podobn\u00fd styl jako pr\u00e1v\u011b Alison. A pokud byste cht\u011bli si p\u0159e\u010d\u00edst dal\u0161\u00ed skv\u011blou knihu p\u0159\u00edmo o Al\u017eb\u011bt\u011b a Philipovi, tak z\u00a0cel\u00e9ho srdce doporu\u010duji knihu Budouc\u00ed kr\u00e1lovna.<\/p>\n<p style=\"font-weight: 400;\">\u00a0<\/p>\n<p style=\"font-weight: 400;\">\u00a0<\/p>\n<p style=\"font-weight: 400;\">Tereza Englick\u00e1<\/p>\n<p>Autor:\u00a0Tereza Englick\u00e1<\/p>\n","protected":false},"excerpt":{"rendered":"<p>A\u010dkoliv se na\u0161\u00ed republiky britsk\u00e1 kr\u00e1lovsk\u00e1 rodina a\u017e tak moc net\u00fdk\u00e1, stejn\u011b se mezi n\u00e1mi najde hodn\u011b \u201efanou\u0161k\u016f\u201c, kte\u0159\u00ed sleduj\u00ed nejnov\u011bj\u0161\u00ed \u201edrby\u201c okolo kr\u00e1lovsk\u00e9 rodiny a hltaj\u00ed nej\u010derstv\u011bj\u0161\u00ed zpr\u00e1vy. A j\u00e1 nejsem v\u00fdjimkou.<\/p>\n","protected":false},"author":2,"featured_media":324623,"comment_status":"open","ping_status":"open","sticky":false,"template":"","format":"standard","meta":{"_acf_changed":false,"_monsterinsights_skip_tracking":false,"_monsterinsights_sitenote_active":false,"_monsterinsights_sitenote_note":"","_monsterinsights_sitenote_category":0,"_EventAllDay":false,"_EventTimezone":"","_EventStartDate":"","_EventEndDate":"","_EventStartDateUTC":"","_EventEndDateUTC":"","_EventShowMap":false,"_EventShowMapLink":false,"_EventURL":"","_EventCost":"","_EventCostDescription":"","_EventCurrencySymbol":"","_EventCurrencyCode":"","_EventCurrencyPosition":"","_EventDateTimeSeparator":"","_EventTimeRangeSeparator":"","_EventOrganizerID":[],"_EventVenueID":[],"_OrganizerEmail":"","_OrganizerPhone":"","_OrganizerWebsite":"","_VenueAddress":"","_VenueCity":"","_VenueCountry":"","_VenueProvince":"","_VenueState":"","_VenueZip":"","_VenuePhone":"","_VenueURL":"","_VenueStateProvince":"","_VenueLat":"","_VenueLng":"","_VenueShowMap":false,"_VenueShowMapLink":false,"twitterCardType":"","cardImageID":0,"cardImage":"","cardTitle":"","cardDesc":"","cardImageAlt":"","cardPlayer":"","cardPlayerWidth":0,"cardPlayerHeight":0,"cardPlayerStream":"","cardPlayerCodec":"","footnotes":""},"categories":[7],"tags":[21832],"class_list":["post-324622","post","type-post","status-publish","format-standard","has-post-thumbnail","hentry","category-recenze","tag-literarni-kavarna"],"acf":{"related_products":null},"_links":{"self":[{"href":"https:\/\/www.luxor.cz\/blog\/wp-json\/wp\/v2\/posts\/324622","targetHints":{"allow":["GET"]}}],"collection":[{"href":"https:\/\/www.luxor.cz\/blog\/wp-json\/wp\/v2\/posts"}],"about":[{"href":"https:\/\/www.luxor.cz\/blog\/wp-json\/wp\/v2\/types\/post"}],"author":[{"embeddable":true,"href":"https:\/\/www.luxor.cz\/blog\/wp-json\/wp\/v2\/users\/2"}],"replies":[{"embeddable":true,"href":"https:\/\/www.luxor.cz\/blog\/wp-json\/wp\/v2\/comments?post=324622"}],"version-history":[{"count":0,"href":"https:\/\/www.luxor.cz\/blog\/wp-json\/wp\/v2\/posts\/324622\/revisions"}],"wp:featuredmedia":[{"embeddable":true,"href":"https:\/\/www.luxor.cz\/blog\/wp-json\/wp\/v2\/media\/324623"}],"wp:attachment":[{"href":"https:\/\/www.luxor.cz\/blog\/wp-json\/wp\/v2\/media?parent=324622"}],"wp:term":[{"taxonomy":"category","embeddable":true,"href":"https:\/\/www.luxor.cz\/blog\/wp-json\/wp\/v2\/categories?post=324622"},{"taxonomy":"post_tag","embeddable":true,"href":"https:\/\/www.luxor.cz\/blog\/wp-json\/wp\/v2\/tags?post=324622"}],"curies":[{"name":"wp","href":"https:\/\/api.w.org\/{rel}","templated":true}]}}