{"id":324620,"date":"2024-04-10T10:00:31","date_gmt":"2024-04-10T08:00:31","guid":{"rendered":"https:\/\/www.luxor.cz\/blog\/nezarazene\/64071-novinka-kterou-stoji-za-to-mit-ve-sve-knihovne\/"},"modified":"2024-04-10T10:00:31","modified_gmt":"2024-04-10T08:00:31","slug":"64071-novinka-kterou-stoji-za-to-mit-ve-sve-knihovne","status":"publish","type":"post","link":"https:\/\/www.luxor.cz\/blog\/recenze\/64071-novinka-kterou-stoji-za-to-mit-ve-sve-knihovne\/","title":{"rendered":"Novinka, kterou stoj\u00ed za to m\u00edt ve sv\u00e9 knihovn\u011b"},"content":{"rendered":"<p style=\"font-weight: 400;\">Po p\u0159e\u010dten\u00ed t\u00e9to knihy jsem m\u011bla velmi sm\u00ed\u0161en\u00e9 pocity. Zamyslela jsem se nad \u017eivotem, nad osudem lid\u00ed, nad t\u00edm, co je skute\u010dn\u011b d\u016fle\u017eit\u00e9. Pov\u00eddka, kter\u00e1 m\u011b nejv\u00edce zaujala je pr\u00e1v\u011b ta, kter\u00e1 nese n\u00e1zev cel\u00e9 t\u00e9to knihy. I minuta bez Tebe je dlouh\u00e1. Autorka Irena Hejdov\u00e1 p\u00ed\u0161e dokonal\u00fdm stylem. Tato pov\u00eddka m\u011b bavila od za\u010d\u00e1tku do konce a s\u00a0nap\u011bt\u00edm jsem \u010dekala, jak tento p\u0159\u00edb\u011bh vlastn\u011b dopadne. Vzpomn\u011bla jsem si na sv\u00e9 prvn\u00ed d\u011btsk\u00e9 l\u00e1sky i na d\u011btstv\u00ed celkov\u011b. Jak v\u0161e bylo tehdy bezstarostn\u00e9 a co jsme s\u00a0ostatn\u00edmi d\u011btmi \u0159e\u0161ili. To, co n\u00e1m tehdy p\u0159i\u0161lo d\u016fle\u017eit\u00e9 jako \u017eivot s\u00e1m, i kdy\u017e mnohdy \u0161lo doslova a do p\u00edsmene o nic. V\u0161echny hlavn\u00ed postavy jsem si okam\u017eit\u011b obl\u00edbila. D\u011bti, kte\u0159\u00ed \u0159e\u0161\u00ed, kdo by koho m\u011bl milovat mi p\u0159i\u0161lo jak humorn\u00e9, tak dojemn\u00e9 z\u00e1rove\u0148. Tak\u017ee tuto pov\u00eddku ur\u010dit\u011b \u0159ad\u00edm na prvn\u00ed m\u00edsto z\u00a0cel\u00e9 knihy.<\/p>\n<p style=\"font-weight: 400;\">Nejv\u00edce p\u0159ekvapiv\u00e1 pov\u00eddka, hlavn\u011b sv\u00fdm z\u00e1v\u011brem, je naopak pov\u00eddka od v\u00fdborn\u00e9 autorky Petry Dvo\u0159\u00e1kov\u00e9 pod n\u00e1zvem Alabastrov\u00e1. Tady jsem opravdu ne\u010dekala, co p\u0159ijde v\u00a0sam\u00e9m z\u00e1v\u011bru. To, jak dok\u00e1\u017ee l\u00e1ska k\u00a0druh\u00e9mu \u010dlov\u011bku n\u011bkoho zm\u011bnit natolik, \u017ee jeho \u010diny jsou neomluviteln\u00e9. To, co na prvn\u00ed pohled vypadalo jako velk\u00e1 l\u00e1ska, se prom\u011bnilo v\u00a0boj o p\u0159e\u017eit\u00ed. Petra Dvo\u0159\u00e1kov\u00e1 mi touto pov\u00eddkou doslova vyrazila dech. M\u00edt nezdrav\u00fd a toxick\u00fd vztah, to nen\u00ed nikdy dobr\u00e9 a ano, je pot\u0159eba z\u00a0takov\u00e9ho vztahu odej\u00edt okam\u017eit\u011b.<\/p>\n<p style=\"font-weight: 400;\">Pov\u00eddka od Aleny Morn\u0161tajnov\u00e9, jak jsem psala ji\u017e na za\u010d\u00e1tku, m\u00e9 nejobl\u00edben\u011bj\u0161\u00ed autorky, m\u011b tak\u00e9 velice zaujala. P\u0159\u00edb\u011bh o rodin\u011b, o z\u00e1hadn\u00e9m klobouku, o vztaz\u00edch, o tajemstv\u00edch, kter\u00e9 by si mo\u017en\u00e1 m\u011bl \u010dlov\u011bk rad\u011bji nechat s\u00e1m pro sebe.<\/p>\n<p style=\"font-weight: 400;\">Michaela Klevisov\u00e1 n\u00e1m zase otev\u00edr\u00e1 o\u010di v\u00a0tom, jak vet\u0161\u00ed obnos pen\u011bz dok\u00e1\u017ee zm\u011bnit \u010dlov\u011bka k\u00a0nepozn\u00e1n\u00ed. Chamtiv\u00e9ho, sobeck\u00e9ho a necitliv\u00e9ho. O tom, jakou roli vlastn\u011b pen\u00edze mohou ve vztahu m\u00edt, a to nen\u00ed nikdy dob\u0159e.<\/p>\n<p style=\"font-weight: 400;\">Ka\u017ed\u00e1 z\u00a0pov\u00eddek byla zaj\u00edmav\u00e1, inspirativn\u00ed. Celkov\u011b je kniha oddechov\u00e1 a v\u011b\u0159\u00edm, \u017ee si najde obdiv u mnoha \u010dten\u00e1\u0159\u016f, nejen \u010dten\u00e1\u0159\u016f pov\u00eddek. Takov\u00e1 ide\u00e1ln\u00ed \u010detba na ve\u010der, kdy m\u016f\u017eeme vypnout, nad ni\u010d\u00edm nep\u0159em\u00fd\u0161let a jen b\u00fdt.<\/p>\n<p style=\"font-weight: 400;\">Tuto knihu hodnot\u00edm velmi kladn\u011b. Ji\u017e v\u00a0p\u0159edchoz\u00edch letech jsem od t\u011bchto autor\u016f \u010detla nejednu knihu a tato se \u0159ad\u00ed mezi m\u00e9 nejobl\u00edben\u011bj\u0161\u00ed.<\/p>\n<p style=\"font-weight: 400;\">\u00a0<\/p>\n<p style=\"font-weight: 400;\">\u00a0<\/p>\n<p style=\"font-weight: 400;\">Andrea \u0160m\u00eddov\u00e1<\/p>\n<p>Autor:\u00a0Andrea \u0160m\u00eddov\u00e1<\/p>\n","protected":false},"excerpt":{"rendered":"<p>Vych\u00e1z\u00ed soubor nov\u00fdch pov\u00eddek od v\u00fdborn\u00fdch \u010desk\u00fdch spisovatel\u016f, kter\u00e9 zn\u00e1 snad ka\u017ed\u00fd. Od m\u00e9 nejobl\u00edben\u011bj\u0161\u00ed autorky Aleny Morn\u0161tajnov\u00e9, a\u017e po Petru Dvo\u0159\u00e1kovou, Marii Vejvodovou, Mark\u00e9tu Pil\u00e1tovou a spoustu dal\u0161\u00edch.\u00a0<\/p>\n","protected":false},"author":2,"featured_media":324621,"comment_status":"open","ping_status":"open","sticky":false,"template":"","format":"standard","meta":{"_acf_changed":false,"_monsterinsights_skip_tracking":false,"_monsterinsights_sitenote_active":false,"_monsterinsights_sitenote_note":"","_monsterinsights_sitenote_category":0,"_EventAllDay":false,"_EventTimezone":"","_EventStartDate":"","_EventEndDate":"","_EventStartDateUTC":"","_EventEndDateUTC":"","_EventShowMap":false,"_EventShowMapLink":false,"_EventURL":"","_EventCost":"","_EventCostDescription":"","_EventCurrencySymbol":"","_EventCurrencyCode":"","_EventCurrencyPosition":"","_EventDateTimeSeparator":"","_EventTimeRangeSeparator":"","_EventOrganizerID":[],"_EventVenueID":[],"_OrganizerEmail":"","_OrganizerPhone":"","_OrganizerWebsite":"","_VenueAddress":"","_VenueCity":"","_VenueCountry":"","_VenueProvince":"","_VenueState":"","_VenueZip":"","_VenuePhone":"","_VenueURL":"","_VenueStateProvince":"","_VenueLat":"","_VenueLng":"","_VenueShowMap":false,"_VenueShowMapLink":false,"twitterCardType":"","cardImageID":0,"cardImage":"","cardTitle":"","cardDesc":"","cardImageAlt":"","cardPlayer":"","cardPlayerWidth":0,"cardPlayerHeight":0,"cardPlayerStream":"","cardPlayerCodec":"","footnotes":""},"categories":[7],"tags":[21832],"class_list":["post-324620","post","type-post","status-publish","format-standard","has-post-thumbnail","hentry","category-recenze","tag-literarni-kavarna"],"acf":{"related_products":null},"_links":{"self":[{"href":"https:\/\/www.luxor.cz\/blog\/wp-json\/wp\/v2\/posts\/324620","targetHints":{"allow":["GET"]}}],"collection":[{"href":"https:\/\/www.luxor.cz\/blog\/wp-json\/wp\/v2\/posts"}],"about":[{"href":"https:\/\/www.luxor.cz\/blog\/wp-json\/wp\/v2\/types\/post"}],"author":[{"embeddable":true,"href":"https:\/\/www.luxor.cz\/blog\/wp-json\/wp\/v2\/users\/2"}],"replies":[{"embeddable":true,"href":"https:\/\/www.luxor.cz\/blog\/wp-json\/wp\/v2\/comments?post=324620"}],"version-history":[{"count":0,"href":"https:\/\/www.luxor.cz\/blog\/wp-json\/wp\/v2\/posts\/324620\/revisions"}],"wp:featuredmedia":[{"embeddable":true,"href":"https:\/\/www.luxor.cz\/blog\/wp-json\/wp\/v2\/media\/324621"}],"wp:attachment":[{"href":"https:\/\/www.luxor.cz\/blog\/wp-json\/wp\/v2\/media?parent=324620"}],"wp:term":[{"taxonomy":"category","embeddable":true,"href":"https:\/\/www.luxor.cz\/blog\/wp-json\/wp\/v2\/categories?post=324620"},{"taxonomy":"post_tag","embeddable":true,"href":"https:\/\/www.luxor.cz\/blog\/wp-json\/wp\/v2\/tags?post=324620"}],"curies":[{"name":"wp","href":"https:\/\/api.w.org\/{rel}","templated":true}]}}