{"id":324618,"date":"2024-04-12T10:00:45","date_gmt":"2024-04-12T08:00:45","guid":{"rendered":"https:\/\/www.luxor.cz\/blog\/nezarazene\/64072-brat-zivot-s-nadhledem\/"},"modified":"2024-04-12T10:00:45","modified_gmt":"2024-04-12T08:00:45","slug":"64072-brat-zivot-s-nadhledem","status":"publish","type":"post","link":"https:\/\/www.luxor.cz\/blog\/recenze\/64072-brat-zivot-s-nadhledem\/","title":{"rendered":"Br\u00e1t \u017eivot s nadhledem"},"content":{"rendered":"<p style=\"font-weight: 400;\">M\u00e1lokdy se \u010dlov\u011bku dostane do rukou kniha, kter\u00e1 ho pobav\u00ed, ale z\u00e1rove\u0148 mu uk\u00e1\u017ee i sv\u011bt, o kter\u00e9m nem\u011bl tu\u0161en\u00ed. D\u00e1 mu nahl\u00e9dnout do \u00favah a \u017eivota jin\u00e9ho. L\u00edb\u00ed se mi otev\u0159enost, s\u00a0jakou autor knihy p\u0159ich\u00e1z\u00ed.<\/p>\n<p style=\"font-weight: 400;\">V\u0161em zn\u00e1m\u00e9 osobnosti Robert Fulghum, Jane Goodallov\u00e1, Rad\u016fza, Miroslav Zikmund, Meik Wiking, Deepak Chopra, V\u00e1clav C\u00edlek, Jan Hartl, Jan Hn\u00edzdil, Nora Vl\u00e1\u0161kov\u00e1, Lilia Khousnoutdinova, Krzysztof Zanussi, Pe\u0148a, Sergio Rapa, C\u00e9line Cousteauov\u00e1, John Mattone nebo Anna Hogenov\u00e1 se s\u00a0v\u00e1mi pod\u011bl\u00ed o sv\u016fj p\u0159\u00edb\u011bh nebo rovnou o sv\u016fj \u017eivotn\u00ed postoj.<\/p>\n<p style=\"font-weight: 400;\">M\u00e1 n\u011bkdo z\u00a0nich \u00faplnou pravdu nebo se n\u011bkdo z\u00a0nich m\u00fdl\u00ed? V\u00a0sou\u010dasn\u00e9 dob\u011b m\u00e1me tu v\u00fdhodu, \u017ee si m\u016f\u017eeme vybrat, \u010demu chceme v\u011b\u0159it. Nikdo n\u00e1s nenut\u00ed zvolit jedno konkr\u00e9tn\u00ed n\u00e1bo\u017eenstv\u00ed a \u0159\u00eddit se jeho pravidly. M\u016f\u017eeme si vybrat pouze to, co se n\u00e1m z\u00a0dan\u00e9ho n\u00e1bo\u017eenstv\u00ed zd\u00e1 logick\u00e9, vhodn\u00e9, smyslupln\u00e9.<\/p>\n<p style=\"font-weight: 400;\">Rozhovory z\u00a0jednotliv\u00fdch setk\u00e1n\u00ed jsou dopln\u011bny QR k\u00f3dy s\u00a0odkazy na p\u0159\u00edm\u00e9 z\u00e1znamy autora knihy na jeho \u00fa\u010dtu na Youtube.<\/p>\n<p style=\"font-weight: 400;\">Hned na za\u010d\u00e1tku v\u00e1s pobav\u00ed autor knihy V\u0161echno, co opravdu pot\u0159ebuji zn\u00e1t, jsem se nau\u010dil v\u00a0mate\u0159sk\u00e9 \u0161kolce, Robert Fulghum, sv\u00fdm rozhovorem s\u00a0nezn\u00e1mou \u017eenou na N\u00e1m\u011bst\u00ed M\u00edru v\u00a0Praze. Na dotaz, zda na\u0161el Boha, odpov\u011bd\u011bl: \u201eCo\u017ee, on se B\u016fh ztratil?\u201c V\u011b\u0159\u00edm tomu, \u017ee u takov\u00fdch reakc\u00ed se za\u010dne sm\u00e1t v\u011bt\u0161ina lid\u00ed. Ov\u0161em takovou reakci m\u00e1lokdo \u010dek\u00e1 a je k\u00a0nev\u00ed\u0159e, co dok\u00e1\u017ee oby\u010dejn\u00e1 smyslupln\u00e1 v\u011bta zp\u016fsobit. V\u011bd\u011bli jste, pro\u010d Fulghum vyd\u00e1v\u00e1 sv\u00e9 trilogie pouze v\u00a0\u010de\u0161tin\u011b, a ne v\u00a0angli\u010dtin\u011b? \u010c\u00edm jsme pro autora t\u011bch skv\u011bl\u00fdch knih tak jedine\u010dn\u00ed? Bylo velmi proz\u00edrav\u00e9 za\u010d\u00edt knihu zrovna t\u00edmto rozhovorem.<\/p>\n<p style=\"font-weight: 400;\">Autor knihy Hausbot-Rozhovory o \u017eivot\u011b a spokojenosti, Petr Hork\u00fd, \u010desk\u00fd spisovatel, moder\u00e1tor a dokumentarista, je bezesporu srdcem dobrodruh. Kdo jin\u00fd by dobrovoln\u011b nat\u00e1\u010del s\u00a0velk\u00fdm b\u00edl\u00fdm \u017eralokem, tyg\u0159\u00edmi \u017eraloky nebo se vydal tvo\u0159it dokument k\u00a0vybuchuj\u00edc\u00ed sopce? Kniha Hausbot nen\u00ed jeho prvn\u00ed publikac\u00ed. \u017de se zam\u011b\u0159uje p\u0159edev\u0161\u00edm na jin\u00e9 kultury a geografii, pozn\u00e1te u\u017e z\u00a0n\u00e1zvu jeho knih. M\u00e1te tak mo\u017enost si z\u00a0jeho reperto\u00e1ru p\u0159e\u010d\u00edst nap\u0159. knihu Filma\u0159i Hanzelka a Zikmund, Nezn\u00e1m\u00e1 zem\u011b, CestoSpisy nebo Ukrajina-Rozhovory, m\u00fdty a fakta.<\/p>\n<p style=\"font-weight: 400;\">Za\u010dt\u011bte se do knihy, kter\u00e1 v\u00e1s bude motivovat, uklid\u0148ovat, rozesm\u011bje v\u00e1s a snad povede i k\u00a0zamy\u0161len\u00ed, v\u00a0\u010dem je vlastn\u011b smysl na\u0161eho jedn\u00e1n\u00ed.<\/p>\n<p style=\"font-weight: 400;\">\u00a0<\/p>\n<p style=\"font-weight: 400;\">\u00a0<\/p>\n<p style=\"font-weight: 400;\">Eva Mare\u0161ov\u00e1<\/p>\n<p>Autor:\u00a0Eva Mare\u0161ov\u00e1<\/p>\n","protected":false},"excerpt":{"rendered":"<p>\u201eCelou kn\u00ed\u017eku m\u016f\u017eete vn\u00edmat jako (douf\u00e1m) p\u0159\u00edjemn\u00e9 pov\u00edd\u00e1n\u00ed na dovolenou nebo jako pokus o sociologick\u00fd sb\u011br r\u016fzn\u00fdch p\u0159\u00edstup\u016f k\u00a0\u017eivotu a hodnot\u00e1m nap\u0159\u00ed\u010d sv\u011btov\u00fdm spole\u010densk\u00fdm spektrem.\u201c<\/p>\n","protected":false},"author":2,"featured_media":324619,"comment_status":"open","ping_status":"open","sticky":false,"template":"","format":"standard","meta":{"_acf_changed":false,"_monsterinsights_skip_tracking":false,"_monsterinsights_sitenote_active":false,"_monsterinsights_sitenote_note":"","_monsterinsights_sitenote_category":0,"_EventAllDay":false,"_EventTimezone":"","_EventStartDate":"","_EventEndDate":"","_EventStartDateUTC":"","_EventEndDateUTC":"","_EventShowMap":false,"_EventShowMapLink":false,"_EventURL":"","_EventCost":"","_EventCostDescription":"","_EventCurrencySymbol":"","_EventCurrencyCode":"","_EventCurrencyPosition":"","_EventDateTimeSeparator":"","_EventTimeRangeSeparator":"","_EventOrganizerID":[],"_EventVenueID":[],"_OrganizerEmail":"","_OrganizerPhone":"","_OrganizerWebsite":"","_VenueAddress":"","_VenueCity":"","_VenueCountry":"","_VenueProvince":"","_VenueState":"","_VenueZip":"","_VenuePhone":"","_VenueURL":"","_VenueStateProvince":"","_VenueLat":"","_VenueLng":"","_VenueShowMap":false,"_VenueShowMapLink":false,"twitterCardType":"","cardImageID":0,"cardImage":"","cardTitle":"","cardDesc":"","cardImageAlt":"","cardPlayer":"","cardPlayerWidth":0,"cardPlayerHeight":0,"cardPlayerStream":"","cardPlayerCodec":"","footnotes":""},"categories":[7],"tags":[21832],"class_list":["post-324618","post","type-post","status-publish","format-standard","has-post-thumbnail","hentry","category-recenze","tag-literarni-kavarna"],"acf":{"related_products":null},"_links":{"self":[{"href":"https:\/\/www.luxor.cz\/blog\/wp-json\/wp\/v2\/posts\/324618","targetHints":{"allow":["GET"]}}],"collection":[{"href":"https:\/\/www.luxor.cz\/blog\/wp-json\/wp\/v2\/posts"}],"about":[{"href":"https:\/\/www.luxor.cz\/blog\/wp-json\/wp\/v2\/types\/post"}],"author":[{"embeddable":true,"href":"https:\/\/www.luxor.cz\/blog\/wp-json\/wp\/v2\/users\/2"}],"replies":[{"embeddable":true,"href":"https:\/\/www.luxor.cz\/blog\/wp-json\/wp\/v2\/comments?post=324618"}],"version-history":[{"count":0,"href":"https:\/\/www.luxor.cz\/blog\/wp-json\/wp\/v2\/posts\/324618\/revisions"}],"wp:featuredmedia":[{"embeddable":true,"href":"https:\/\/www.luxor.cz\/blog\/wp-json\/wp\/v2\/media\/324619"}],"wp:attachment":[{"href":"https:\/\/www.luxor.cz\/blog\/wp-json\/wp\/v2\/media?parent=324618"}],"wp:term":[{"taxonomy":"category","embeddable":true,"href":"https:\/\/www.luxor.cz\/blog\/wp-json\/wp\/v2\/categories?post=324618"},{"taxonomy":"post_tag","embeddable":true,"href":"https:\/\/www.luxor.cz\/blog\/wp-json\/wp\/v2\/tags?post=324618"}],"curies":[{"name":"wp","href":"https:\/\/api.w.org\/{rel}","templated":true}]}}