{"id":324614,"date":"2024-04-16T10:00:01","date_gmt":"2024-04-16T08:00:01","guid":{"rendered":"https:\/\/www.luxor.cz\/blog\/nezarazene\/64074-historie-oziva\/"},"modified":"2024-04-16T10:00:01","modified_gmt":"2024-04-16T08:00:01","slug":"64074-historie-oziva","status":"publish","type":"post","link":"https:\/\/www.luxor.cz\/blog\/recenze\/64074-historie-oziva\/","title":{"rendered":"Historie o\u017e\u00edv\u00e1"},"content":{"rendered":"<p style=\"font-weight: 400;\">V\u00a0dob\u00e1ch, kdy lid\u00e9 m\u011bli hodn\u011b d\u011bt\u00ed, m\u011bli jin\u00e9 priority, ne\u017e m\u00e1me my dnes. Dozv\u00edme se tak, \u017ee pokud se nestihlo d\u00edt\u011b pok\u0159t\u00edt, by\u0165 se jednalo o nevinn\u00e9 novoroze\u0148\u00e1tko, v\u011b\u0159ilo se, \u017ee p\u016fjde rovnou do pekla. D\u011bti \u0161lechty m\u011bly sv\u00e1 jm\u00e9na p\u0159edur\u010dena. Rodi\u010de si je tak nemohli pro sv\u00e9 d\u00edt\u011b zvolit sami.<\/p>\n<p style=\"font-weight: 400;\">Ve st\u0159edov\u011bku bylo vzd\u011bl\u00e1n\u00ed pouze pro kn\u011b\u017e\u00ed. Nen\u00ed se tak \u010demu divit, \u017ee to \u0161lo po ur\u010ditou dobu s\u00a0oby\u010dejn\u00fdm lidem tolik z\u00a0kopce.<\/p>\n<p style=\"font-weight: 400;\">Doba novov\u011bku p\u0159ekvapila rehabilitac\u00ed slova, kdy slovo \u201eslu\u017eba\u201c p\u0159i\u0161lo o sv\u016fj negativn\u00ed n\u00e1boj, proto\u017ee se j\u00edm za\u010dalo ozna\u010dovat uplatn\u011bn\u00ed \u0161lechtice.<\/p>\n<p style=\"font-weight: 400;\">Je \u00fa\u017easn\u00e9, kolik zaj\u00edmavost\u00ed je mo\u017en\u00e9 se v\u00a0knize do\u010d\u00edst. Drobnosti, kter\u00e9 n\u00e1m ale r\u00e1zem umo\u017en\u00ed, abychom l\u00e9pe pochopili tehdej\u0161\u00ed dobu. Abychom porozum\u011bli \u010din\u016fm, kter\u00e9 n\u00e1m dosud ned\u00e1vali logiku.<\/p>\n<p style=\"font-weight: 400;\">Pokud jste se n\u011bkdy pokusili si vytvo\u0159it vlastn\u00ed rodokmen, pak jste jist\u011b zjistili, \u017ee se lze bezpe\u010dn\u011b dostat a\u017e do linie p\u0159edk\u016f, \u017eij\u00edc\u00edch v\u00a016. stolet\u00ed. \u010ctete tak o dob\u011b, ve kter\u00e9 va\u0161i konkr\u00e9tn\u00ed p\u0159edci \u017eili a l\u00e9pe m\u016f\u017eete pochopit, \u010demu \u010delili a s\u00a0\u010d\u00edm se museli vyrovn\u00e1vat. Ona doba se tak pro v\u00e1s r\u00e1zem st\u00e1v\u00e1 osobn\u011bj\u0161\u00ed, bli\u017e\u0161\u00ed.<\/p>\n<p style=\"font-weight: 400;\">Do\u010dtete se, komu byla umo\u017en\u011bna kari\u00e9ra v\u00a0zemsk\u00e9 spr\u00e1v\u011b a diplomacii, kdo naopak nemusel usilovat o m\u00edsto v\u00a0c\u00edrkvi nebo arm\u00e1d\u011b, proto\u017ee mu bylo p\u0159edur\u010deno. Spole\u010densk\u00fd \u017eivot \u0161lechty m\u011bl sv\u00e1 pravidla. Stejn\u011b jako se dnes \u0159\u00edd\u00edme ur\u010dit\u00fdmi sv\u00e1tky a p\u0159ed\u011bly roku, tak i v\u00a0tehdej\u0161\u00edch dob\u00e1ch m\u011bli sv\u00e9 neopomenuteln\u00e9 tradice. Pr\u016fb\u011bh \u0161lechtick\u00e9ho rodu byl p\u0159esn\u011b dan\u00fd.<\/p>\n<p style=\"font-weight: 400;\">V\u00a0dne\u0161n\u00ed dob\u011b \u017eijeme odd\u011bleni od smrti, ale v\u00a0dob\u00e1ch minul\u00fdch byla smrt sou\u010d\u00e1st\u00ed \u017eivota. Pro \u0161lechtice to znamenalo um\u00edr\u00e1n\u00ed v\u00a0rodinn\u00e9m kruhu po zaopat\u0159en\u00ed sv\u00e1tostmi, rodinn\u00e9 krypty, hrobky.<\/p>\n<p style=\"font-weight: 400;\">V\u00edte kter\u00fd polyhistor psal knihy o astrologii pouze v\u00a0\u010de\u0161tin\u011b, ale v\u00a0latin\u011b naopak proti astrologii brojil?<\/p>\n<p style=\"font-weight: 400;\">Autorka knihy, Hana Kneblov\u00e1, je jazykov\u00e1 redaktorka, p\u0159ekladatelka a histori\u010dka. A tak mezit\u00edm, co mal\u00e9 d\u011bti u\u010d\u00ed ve sv\u00fdch knih\u00e1ch \u010d\u00edst a seznamuje je se spr\u00e1vn\u00fdm pravopisem, pro n\u00e1s dosp\u011bl\u00e9 p\u00ed\u0161e velmi \u010dtiv\u00e9 knihy o historii. Knize \u0160lechta v\u00a0\u010desk\u00fdch zem\u00edch 2, pochopiteln\u011b p\u0159edch\u00e1zela kniha \u0160lechta v\u00a0\u010desk\u00fdch zem\u00edch-Aristokracie od st\u0159edov\u011bku po sou\u010dasnost. Jist\u011b jste ale tak\u00e9 zaznamenali jej\u00ed dal\u0161\u00ed \u00fa\u017easn\u00e9 knihy. R\u00e1da bych zm\u00ednila \u017divot \u010desk\u00fdch panovn\u00edk\u016f, \u017divot za prvn\u00ed republiky, S\u0148atky z\u00a0l\u00e1sky nebo Za \u010das\u016f na\u0161ich prababi\u010dek a prad\u011bde\u010dk\u016f.\u00a0<\/p>\n<p style=\"font-weight: 400;\">\u00a0<\/p>\n<p style=\"font-weight: 400;\">\u00a0<\/p>\n<p style=\"font-weight: 400;\">Eva Mare\u0161ov\u00e1<\/p>\n<p>Autor:\u00a0Eva Mare\u0161ov\u00e1<\/p>\n","protected":false},"excerpt":{"rendered":"<p>Druh\u00fd d\u00edl \u0160lechta v\u00a0\u010desk\u00fdch zem\u00edch n\u00e1m p\u0159ibl\u00ed\u017e\u00ed dobu, kterou si n\u011bkte\u0159\u00ed z\u00a0n\u00e1s st\u00e1le romantizujeme. Jindy ji naopak pokl\u00e1d\u00e1me za dobu postupuj\u00edc\u00ed od temnoty k\u00a0rozkv\u011btu.<\/p>\n","protected":false},"author":2,"featured_media":324615,"comment_status":"open","ping_status":"open","sticky":false,"template":"","format":"standard","meta":{"_acf_changed":false,"_monsterinsights_skip_tracking":false,"_monsterinsights_sitenote_active":false,"_monsterinsights_sitenote_note":"","_monsterinsights_sitenote_category":0,"_EventAllDay":false,"_EventTimezone":"","_EventStartDate":"","_EventEndDate":"","_EventStartDateUTC":"","_EventEndDateUTC":"","_EventShowMap":false,"_EventShowMapLink":false,"_EventURL":"","_EventCost":"","_EventCostDescription":"","_EventCurrencySymbol":"","_EventCurrencyCode":"","_EventCurrencyPosition":"","_EventDateTimeSeparator":"","_EventTimeRangeSeparator":"","_EventOrganizerID":[],"_EventVenueID":[],"_OrganizerEmail":"","_OrganizerPhone":"","_OrganizerWebsite":"","_VenueAddress":"","_VenueCity":"","_VenueCountry":"","_VenueProvince":"","_VenueState":"","_VenueZip":"","_VenuePhone":"","_VenueURL":"","_VenueStateProvince":"","_VenueLat":"","_VenueLng":"","_VenueShowMap":false,"_VenueShowMapLink":false,"twitterCardType":"","cardImageID":0,"cardImage":"","cardTitle":"","cardDesc":"","cardImageAlt":"","cardPlayer":"","cardPlayerWidth":0,"cardPlayerHeight":0,"cardPlayerStream":"","cardPlayerCodec":"","footnotes":""},"categories":[7],"tags":[21832],"class_list":["post-324614","post","type-post","status-publish","format-standard","has-post-thumbnail","hentry","category-recenze","tag-literarni-kavarna"],"acf":{"related_products":null},"_links":{"self":[{"href":"https:\/\/www.luxor.cz\/blog\/wp-json\/wp\/v2\/posts\/324614","targetHints":{"allow":["GET"]}}],"collection":[{"href":"https:\/\/www.luxor.cz\/blog\/wp-json\/wp\/v2\/posts"}],"about":[{"href":"https:\/\/www.luxor.cz\/blog\/wp-json\/wp\/v2\/types\/post"}],"author":[{"embeddable":true,"href":"https:\/\/www.luxor.cz\/blog\/wp-json\/wp\/v2\/users\/2"}],"replies":[{"embeddable":true,"href":"https:\/\/www.luxor.cz\/blog\/wp-json\/wp\/v2\/comments?post=324614"}],"version-history":[{"count":0,"href":"https:\/\/www.luxor.cz\/blog\/wp-json\/wp\/v2\/posts\/324614\/revisions"}],"wp:featuredmedia":[{"embeddable":true,"href":"https:\/\/www.luxor.cz\/blog\/wp-json\/wp\/v2\/media\/324615"}],"wp:attachment":[{"href":"https:\/\/www.luxor.cz\/blog\/wp-json\/wp\/v2\/media?parent=324614"}],"wp:term":[{"taxonomy":"category","embeddable":true,"href":"https:\/\/www.luxor.cz\/blog\/wp-json\/wp\/v2\/categories?post=324614"},{"taxonomy":"post_tag","embeddable":true,"href":"https:\/\/www.luxor.cz\/blog\/wp-json\/wp\/v2\/tags?post=324614"}],"curies":[{"name":"wp","href":"https:\/\/api.w.org\/{rel}","templated":true}]}}