{"id":324612,"date":"2024-04-16T13:07:35","date_gmt":"2024-04-16T11:07:35","guid":{"rendered":"https:\/\/www.luxor.cz\/blog\/nezarazene\/64080-skvela-zprava-pro-fanousky-severskych-detektivek-nejvetsi-nesboho-konkurent-stefan-ahnhem-je-zpet-s-novou-serii\/"},"modified":"2024-04-16T13:07:35","modified_gmt":"2024-04-16T11:07:35","slug":"64080-skvela-zprava-pro-fanousky-severskych-detektivek-nejvetsi-nesboho-konkurent-stefan-ahnhem-je-zpet-s-novou-serii","status":"publish","type":"post","link":"https:\/\/www.luxor.cz\/blog\/recenze\/64080-skvela-zprava-pro-fanousky-severskych-detektivek-nejvetsi-nesboho-konkurent-stefan-ahnhem-je-zpet-s-novou-serii\/","title":{"rendered":"Skv\u011bl\u00e1 zpr\u00e1va pro fanou\u0161ky seversk\u00fdch detektivek: Nejv\u011bt\u0161\u00ed Nesb\u00f8ho konkurent Stefan Ahnhem je zp\u011bt s novou s\u00e9ri\u00ed"},"content":{"rendered":"<p>Kdy\u017e p\u0159ed p\u00e1r lety Stefan Ahnhem ozn\u00e1mil, \u017ee \u0161est\u00fdm d\u00edlem jeho vele\u00fasp\u011b\u0161n\u00e1 kni\u017en\u00ed s\u00e9rie s Fabianem Riskem skon\u010d\u00ed, \u010dten\u00e1\u0159i byli v \u0161oku. Bylo to jako kdyby Nesb\u00f8 \u0159ekl, \u017ee Harry Hole u\u017e si vytrp\u011bl dost a te\u010f se odst\u011bhuje n\u011bkam do tepla, daleko od zvr\u00e1cen\u00fdch s\u00e9riov\u00fdch vrah\u016f.<\/p>\n<p>Skute\u010dnost je toti\u017e takov\u00e1, \u017ee b\u011bhem \u0161esti knih si Stefan Ahnhem (a jeho geni\u00e1ln\u00ed vy\u0161et\u0159ovatel a o pozn\u00e1n\u00ed hor\u0161\u00ed man\u017eel a otec Fabian Risk) u \u010desk\u00fdch \u010dten\u00e1\u0159\u016f z\u00edskal ohromnou popularitu. Sv\u011bd\u010d\u00ed o tom i fakt, \u017ee kdy\u017e p\u0159ijel do Prahy, na jeho podpis st\u00e1li fanou\u0161ci frontu i n\u011bkolik hodin. A \u00fasp\u011bch se dostavil nejen v \u010cesku \u2013 v samotn\u00e9 Skandin\u00e1vii ho jedny noviny ozna\u010dily za \u201e\u0161v\u00e9dskou odpov\u011b\u010f na Joa Nesb\u00f8ho\u201c.<\/p>\n<p>\u201eRad\u011bji skon\u010d\u00edm v nejlep\u0161\u00edm \u2013 a kdo v\u00ed, t\u0159eba dostanu n\u00e1pad na n\u011bco nov\u00e9ho,\u201c vysv\u011btloval tehdy sympatick\u00fd \u0160v\u00e9d, do kter\u00e9ho byste na prvn\u00ed pohled ne\u0159ekli, \u017ee se \u017eiv\u00ed vym\u00fd\u0161len\u00edm t\u011bch nejbrut\u00e1ln\u011bj\u0161\u00edch zp\u016fsob\u016f vra\u017ed.<\/p>\n<p>A ten n\u00e1pad skute\u010dn\u011b p\u0159i\u0161el. V novince Jizvy pln\u00e9 beznad\u011bje, kter\u00e1 pr\u00e1v\u011b vych\u00e1z\u00ed \u010desky, autor p\u0159edstavuje kriminalistku Malin Rehnbergovou. V\u011brn\u00fdm \u010dten\u00e1\u0159\u016fm to jm\u00e9no bude pov\u011bdom\u00e9, proto\u017ee Malin s Fabianem Riskem spolupracovala na n\u011bkolika p\u0159\u00edpadech. A te\u010f je \u0159ada na n\u00ed, aby zaz\u00e1\u0159ila v hlavn\u00ed roli.<\/p>\n<p>P\u0159\u00edb\u011bh za\u010d\u00edn\u00e1 podivnou smrt\u00ed slavn\u00e9 influencerky, ale kdy\u017e se Rehnbergov\u00e1 do p\u0159\u00edpadu no\u0159\u00ed hloub\u011bji, zji\u0161\u0165uje, \u017ee krom\u011b agresivn\u00edho stalkera tady jsou ve h\u0159e je\u0161t\u011b dal\u0161\u00ed podez\u0159el\u00ed.<\/p>\n<p>\u017d\u00e1nr seversk\u00e9ho krimi proslul n\u00e1sil\u00edm, promy\u0161lenou psychologi\u00ed zvr\u00e1cen\u00fdch vrah\u016f a ne\u010dekan\u00fdmi zvraty. Jizvy pln\u00e9 beznad\u011bje tato \u201epravidla\u201c dodr\u017euj\u00ed na jedni\u010dku. Jak u\u017e napov\u00edd\u00e1 samotn\u00fd n\u00e1zev knihy, na humor a okec\u00e1v\u00e1n\u00ed okolo se tady nehraje. Jde se p\u0159\u00edmo k v\u011bci, a to hned od prvn\u00ed str\u00e1nky.<\/p>\n<p>M\u00edsty je to skute\u010dn\u011b hodn\u011b drsn\u00e9 a pokud v\u00edte, \u017ee p\u0159edstava krve a temn\u00fdch z\u00e1kout\u00ed mysli v\u00e1m ned\u011blaj\u00ed dob\u0159e, s\u00e1hn\u011bte rad\u011bji po n\u011bjak\u00fdch feel good detektivk\u00e1ch. Ov\u0161em pokud v\u00e1s u\u017e \u010dten\u00ed seversk\u00fdch thriller\u016f zocelilo natolik, \u017ee v\u00e1s n\u011bjac\u00ed stalke\u0159i, psychopati nebo s\u00e9riov\u00ed vrazi nerozhod\u00ed, tohle si u\u017eijete!<\/p>\n<p>Knihy Stefana Ahnhema se od ostatn\u00edch seversk\u00fdch detektivek li\u0161\u00ed v tom, \u017ee v nich velkou roli hraje nejen samotn\u00e9 p\u00e1tr\u00e1n\u00ed, ale i osobn\u00ed \u017eivot vy\u0161et\u0159ovatele. A kdy\u017e vid\u00edte, jak Malin krom\u011b p\u00e1tr\u00e1n\u00ed po vrahovi zachra\u0148uje sv\u016fj rozpadaj\u00edc\u00ed se vztah a jak bojuje se \u0161\u00e9fem, najednou to nen\u00ed jenom kni\u017en\u00ed postava \u2013 je to n\u011bkdo, na kom v\u00e1m z\u00e1le\u017e\u00ed. V tu chv\u00edli za\u010dne b\u00fdt \u010dten\u00ed osobn\u00ed, a kdy\u017e se Malin dostane do nebezpe\u010d\u00ed, str\u00e1nky za\u010dnou mizet jedna za druhou.<\/p>\n<p>V tom spo\u010d\u00edv\u00e1 tajemstv\u00ed \u00fasp\u011bchu knih Stefana Ahnhema. P\u0159edstav\u00ed postavu, kter\u00e1 ani nemus\u00ed b\u00fdt kdov\u00edjak sympatick\u00e1 \u2013 odm\u011b\u0159en\u00e1 Malin Rehnbergov\u00e1 m\u00e1 k prototypu sympatick\u00e9 vy\u0161et\u0159ovatelky opravdu daleko \u2013 jen\u017ee d\u00edky tomu, \u017ee ji \u010dten\u00e1\u0159 pozn\u00e1 nejen z profesn\u00edho, ale i z osobn\u00edho hlediska, si k n\u00ed cht\u011b necht\u011b vytvo\u0159\u00ed vztah.<\/p>\n<p>To fungovalo p\u0159ed lety u Fabiana Riska \u2013 a autorovi se to povedlo znovu!<\/p>\n<p>Stefan Ahnhem za\u010d\u00ednal jako televizn\u00ed a filmov\u00fd scen\u00e1rista. B\u011bhem sv\u00e9 dvacetilet\u00e9 kari\u00e9ry se pod\u00edlel na sc\u00e9n\u00e1\u0159\u00edch k film\u016fm a seri\u00e1l\u016fm v\u0161ech \u017e\u00e1nr\u016f, a dokonce zva\u017eoval i st\u011bhov\u00e1n\u00ed do Hollywoodu. Nakonec se v\u0161ak rozhodl vstoupit do nov\u00fdch vod a v roce 2014 debutoval sv\u00fdm kni\u017en\u00edm krimi thrillerem Ob\u011b\u0165 bez tv\u00e1\u0159e. Ten z\u00edskal ohromn\u00fd \u00fasp\u011bch nap\u0159\u00ed\u010d Evropou a p\u0159edstavil detektiva Fabiana Riska, kter\u00fd se pak objevil i v p\u011bti dal\u0161\u00edch knih\u00e1ch.<\/p>\n<p>\u00a0<\/p>\n<p>\u00a0<\/p>\n<p>Autor:\u00a0Vyb\u00edr\u00e1me z m\u00e9di\u00ed: Knihkupec.net<\/p>\n","protected":false},"excerpt":{"rendered":"<p>\u010cesky mu nyn\u00ed vych\u00e1z\u00ed prvn\u00ed d\u00edl zbrusu nov\u00e9 a po\u0159\u00e1dn\u011b nabrou\u0161en\u00e9 krimi s\u00e9rie Jizvy pln\u00e9 beznad\u011bje. A v hlavn\u00ed roli je tentokr\u00e1t \u017eena!<\/p>\n<p>\u00a0<\/p>\n","protected":false},"author":2,"featured_media":324613,"comment_status":"open","ping_status":"open","sticky":false,"template":"","format":"standard","meta":{"_acf_changed":false,"_monsterinsights_skip_tracking":false,"_monsterinsights_sitenote_active":false,"_monsterinsights_sitenote_note":"","_monsterinsights_sitenote_category":0,"_EventAllDay":false,"_EventTimezone":"","_EventStartDate":"","_EventEndDate":"","_EventStartDateUTC":"","_EventEndDateUTC":"","_EventShowMap":false,"_EventShowMapLink":false,"_EventURL":"","_EventCost":"","_EventCostDescription":"","_EventCurrencySymbol":"","_EventCurrencyCode":"","_EventCurrencyPosition":"","_EventDateTimeSeparator":"","_EventTimeRangeSeparator":"","_EventOrganizerID":[],"_EventVenueID":[],"_OrganizerEmail":"","_OrganizerPhone":"","_OrganizerWebsite":"","_VenueAddress":"","_VenueCity":"","_VenueCountry":"","_VenueProvince":"","_VenueState":"","_VenueZip":"","_VenuePhone":"","_VenueURL":"","_VenueStateProvince":"","_VenueLat":"","_VenueLng":"","_VenueShowMap":false,"_VenueShowMapLink":false,"twitterCardType":"","cardImageID":0,"cardImage":"","cardTitle":"","cardDesc":"","cardImageAlt":"","cardPlayer":"","cardPlayerWidth":0,"cardPlayerHeight":0,"cardPlayerStream":"","cardPlayerCodec":"","footnotes":""},"categories":[7],"tags":[21832],"class_list":["post-324612","post","type-post","status-publish","format-standard","has-post-thumbnail","hentry","category-recenze","tag-literarni-kavarna"],"acf":{"related_products":null},"_links":{"self":[{"href":"https:\/\/www.luxor.cz\/blog\/wp-json\/wp\/v2\/posts\/324612","targetHints":{"allow":["GET"]}}],"collection":[{"href":"https:\/\/www.luxor.cz\/blog\/wp-json\/wp\/v2\/posts"}],"about":[{"href":"https:\/\/www.luxor.cz\/blog\/wp-json\/wp\/v2\/types\/post"}],"author":[{"embeddable":true,"href":"https:\/\/www.luxor.cz\/blog\/wp-json\/wp\/v2\/users\/2"}],"replies":[{"embeddable":true,"href":"https:\/\/www.luxor.cz\/blog\/wp-json\/wp\/v2\/comments?post=324612"}],"version-history":[{"count":0,"href":"https:\/\/www.luxor.cz\/blog\/wp-json\/wp\/v2\/posts\/324612\/revisions"}],"wp:featuredmedia":[{"embeddable":true,"href":"https:\/\/www.luxor.cz\/blog\/wp-json\/wp\/v2\/media\/324613"}],"wp:attachment":[{"href":"https:\/\/www.luxor.cz\/blog\/wp-json\/wp\/v2\/media?parent=324612"}],"wp:term":[{"taxonomy":"category","embeddable":true,"href":"https:\/\/www.luxor.cz\/blog\/wp-json\/wp\/v2\/categories?post=324612"},{"taxonomy":"post_tag","embeddable":true,"href":"https:\/\/www.luxor.cz\/blog\/wp-json\/wp\/v2\/tags?post=324612"}],"curies":[{"name":"wp","href":"https:\/\/api.w.org\/{rel}","templated":true}]}}