{"id":324596,"date":"2024-05-02T10:30:41","date_gmt":"2024-05-02T08:30:41","guid":{"rendered":"https:\/\/www.luxor.cz\/blog\/nezarazene\/64094-chce-20-obeti-podari-se-mu-jeho-desivy-plan\/"},"modified":"2024-05-02T10:30:41","modified_gmt":"2024-05-02T08:30:41","slug":"64094-chce-20-obeti-podari-se-mu-jeho-desivy-plan","status":"publish","type":"post","link":"https:\/\/www.luxor.cz\/blog\/recenze\/64094-chce-20-obeti-podari-se-mu-jeho-desivy-plan\/","title":{"rendered":"Chce 20 ob\u011bt\u00ed\u2026Poda\u0159\u00ed se mu jeho d\u011bsiv\u00fd pl\u00e1n?"},"content":{"rendered":"<p style=\"font-weight: 400;\">Na skl\u00e1dce odpadu se najde p\u011bt t\u011bl v r\u016fzn\u00fdch st\u00e1di\u00edch rozkladu. P\u011bt lid\u00ed, kte\u0159\u00ed d\u0159\u00edve byli osobnostmi, n\u011bkoho milovali a n\u011bkdo miloval je. Nyn\u00ed jsou jen pouhou pr\u00e1zdnou schr\u00e1nkou bez du\u0161e. N\u011bkte\u0159\u00ed z nich poslou\u017eili jako potrava pro zv\u00ed\u0159ata a n\u011bkter\u00e9 d\u011bsiv\u011b znetvo\u0159il s\u00e1m zabij\u00e1k. Jsou r\u016fzn\u00e9ho v\u011bku i pohlav\u00ed. To, co je spojuje, jsou \u010d\u00edsla. Nad ka\u017edou ob\u011bt\u00ed je stejn\u00fdm zelen\u00fdm sprejem nast\u0159\u00edk\u00e1no \u010d\u00edslo od 16 do 12. Ka\u017ed\u00fd z p\u0159\u00edtomn\u00fdch v\u00ed, co to znamen\u00e1. Vrah odpo\u010d\u00edt\u00e1v\u00e1\u2026 A toto je bohu\u017eel teprve za\u010d\u00e1tek.<\/p>\n<p style=\"font-weight: 400;\">Policejn\u00ed vy\u0161et\u0159ov\u00e1n\u00ed se rozb\u00edh\u00e1. Obch\u016fzky po domech, hled\u00e1n\u00ed sv\u011bdk\u016f, kamerov\u00e9 z\u00e1znamy\u2026 Ka\u017ed\u00fd z detektiv\u016f pracuje na sto procent, ale jedin\u00e1 osoba, kter\u00e1 si v\u0161imne podstatn\u00fdch detail\u016f je Romilly, b\u00fdval\u00e1 \u017eena hlavn\u00edho vy\u0161et\u0159ovatele Adama Bishopa.<\/p>\n<p style=\"font-weight: 400;\">Ona dob\u0159e zn\u00e1 toho, kdo v minulosti tak\u00e9 odpo\u010d\u00edt\u00e1val. On je v\u0161ak za sv\u00e9 skutky potrest\u00e1n. Byl chycen a uv\u011bzn\u011bn na do\u017eivot\u00ed ve st\u00e1tn\u00ed v\u011bznici. Je mo\u017en\u00e9, aby ho n\u011bkdo napodoboval?\u00a0 Cht\u011bl se mu vyrovnat? Uct\u00edval ho? \u010ci za t\u011bmi hnusn\u00fdmi \u010diny stoj\u00ed zase jen on? Ale jak\u2026? Nebo o nich alespo\u0148 v\u00ed v\u00edc, ne\u017e tvrd\u00ed?<\/p>\n<p style=\"font-weight: 400;\"><strong><em>Zad\u00edv\u00e1 se do d\u00e1lky, pono\u0159en do vzpom\u00ednek. \u201cNe\u017e jsem tam dorazil, ty holky u\u017e odvezli, ale p\u016fsobilo to hrozn\u011b, i kdy\u017e tam nebyly. \u010clov\u011bk m\u00e1lem c\u00edtil jejich strach, bylo to \u017eivo\u010di\u0161n\u00e9. Ve vzduchu viselo n\u011bco hust\u00e9ho lepkav\u00e9ho. Kdy\u017e jsem p\u0159ijel dom\u016f, dal jsem si sprchu a pak to hned zopakoval a dop\u0159\u00e1l si je\u0161t\u011b jednu. Na \u010dlov\u011bka se to nalepilo. Smrt. Co v\u0161echno musely ty uboh\u00e9 \u017eeny \u2026co v\u0161echno musely protrp\u011bt.\u201d <\/em><\/strong><\/p>\n<p style=\"font-weight: 400;\"><strong><em>Zad\u00edv\u00e1 se na Adama p\u0159iv\u0159en\u00fdma o\u010dima. \u201cJestli si mysl\u00edte, \u017ee s t\u011bmi posledn\u00edmi \u00famrt\u00edmi m\u00e1 n\u011bco spole\u010dn\u00e9ho, tak to nejsp\u00ed\u0161 bude pravda. A\u0165 se to zd\u00e1 sebev\u00edc nepravd\u011bpodobn\u00e9 nebo podivn\u00e9.\u201d Rozhodn\u011b se naklon\u00ed v k\u0159esle a tv\u00e1\u0159\u00ed se velice v\u00e1\u017en\u011b. \u201cTen \u010dlov\u011bk je \u010f\u00e1bel,\u201d prohl\u00e1s\u00ed. \u201cVyslanec pekla.\u201d<\/em><\/strong><\/p>\n<p style=\"font-weight: 400;\">Hon na \u0161\u00edlen\u00e9ho zabij\u00e1ka je rozjet\u00fd. Policist\u00e9 pracuj\u00ed dnem i noc\u00ed, a p\u0159esto m\u00e1 p\u0159ed nimi st\u00e1le n\u00e1skok. Jeho \u010diny jsou \u010d\u00edm d\u00e1l brut\u00e1ln\u011bj\u0161\u00ed a krvav\u011bj\u0161\u00ed. Nav\u00edc za\u010dnou b\u00fdt pro detektivy velmi osobn\u00ed, nejednomu z nich zni\u010d\u00ed \u017eivot. Je to z\u00e1vod s \u010dasem a pomatenou mysl\u00ed. Nikdo netu\u0161\u00ed pro\u010d, ale d\u00edky odpo\u010d\u00edt\u00e1v\u00e1n\u00ed je v\u0161em jasn\u00e9, \u017ee v pl\u00e1nu je 20 ob\u011bt\u00ed a tomu se mus\u00ed zabr\u00e1nit.<\/p>\n<p style=\"font-weight: 400;\">Autorce se povedl dal\u0161\u00ed p\u0159\u00edb\u011bh, od kter\u00e9 se nebudete moci odtrhnout a zvl\u00e1dnete ho p\u0159e\u010d\u00edst na jeden z\u00e1tah. Kr\u00e1tk\u00e9 kapitoly, kter\u00e9 kon\u010d\u00ed ve chv\u00edli nejv\u011bt\u0161\u00edho nap\u011bt\u00ed, v\u00e1s nenechaj\u00ed jen tak knihu odlo\u017eit a j\u00edt v klidu sp\u00e1t, ani\u017e byste v\u011bd\u011bli, co bude d\u00e1l\u2026Mus\u00edte, prost\u011b mus\u00edte to do\u010d\u00edst i kdy\u017e u\u017e jsou dv\u011b hodiny r\u00e1no. Opravdu brut\u00e1ln\u00ed thriller jen pro siln\u00fd \u017ealudek. Ale pokud klidn\u00e9 romantick\u00e9 p\u0159\u00edb\u011bhy nejsou nic pro v\u00e1s a rad\u011bji v knih\u00e1ch preferujete nap\u011bt\u00ed, hon na \u0161\u00edlen\u00e9 psychopaty a mrazen\u00ed po cel\u00e9m t\u011ble, je tato kniha p\u0159esn\u011b pro v\u00e1s.\u00a0 I p\u0159esto ji doporu\u010duji ne\u010d\u00edst p\u0159i ob\u011bd\u011b ani si k n\u00ed ned\u00e1vat kafe. Je to s\u00edla.<\/p>\n<p style=\"font-weight: 400;\">\u00a0<\/p>\n<p style=\"font-weight: 400;\">\u00a0<\/p>\n<p style=\"font-weight: 400;\">Mark\u00e9ta Posp\u00ed\u0161ilov\u00e1<\/p>\n<p>Autor:\u00a0Mark\u00e9ta Posp\u00ed\u0161ilov\u00e1<\/p>\n","protected":false},"excerpt":{"rendered":"<p>Autorka \u0161pi\u010dkov\u00e9ho bestselleru Kop\u00edr\u00e1k m\u00e1 na kont\u011b dal\u0161\u00ed brut\u00e1ln\u00ed thriller, ze kter\u00e9ho v\u00e1s bude pekeln\u011b mrazit.<\/p>\n","protected":false},"author":2,"featured_media":324597,"comment_status":"open","ping_status":"open","sticky":false,"template":"","format":"standard","meta":{"_acf_changed":false,"_monsterinsights_skip_tracking":false,"_monsterinsights_sitenote_active":false,"_monsterinsights_sitenote_note":"","_monsterinsights_sitenote_category":0,"_EventAllDay":false,"_EventTimezone":"","_EventStartDate":"","_EventEndDate":"","_EventStartDateUTC":"","_EventEndDateUTC":"","_EventShowMap":false,"_EventShowMapLink":false,"_EventURL":"","_EventCost":"","_EventCostDescription":"","_EventCurrencySymbol":"","_EventCurrencyCode":"","_EventCurrencyPosition":"","_EventDateTimeSeparator":"","_EventTimeRangeSeparator":"","_EventOrganizerID":[],"_EventVenueID":[],"_OrganizerEmail":"","_OrganizerPhone":"","_OrganizerWebsite":"","_VenueAddress":"","_VenueCity":"","_VenueCountry":"","_VenueProvince":"","_VenueState":"","_VenueZip":"","_VenuePhone":"","_VenueURL":"","_VenueStateProvince":"","_VenueLat":"","_VenueLng":"","_VenueShowMap":false,"_VenueShowMapLink":false,"twitterCardType":"","cardImageID":0,"cardImage":"","cardTitle":"","cardDesc":"","cardImageAlt":"","cardPlayer":"","cardPlayerWidth":0,"cardPlayerHeight":0,"cardPlayerStream":"","cardPlayerCodec":"","footnotes":""},"categories":[7],"tags":[21832],"class_list":["post-324596","post","type-post","status-publish","format-standard","has-post-thumbnail","hentry","category-recenze","tag-literarni-kavarna"],"acf":{"related_products":null},"_links":{"self":[{"href":"https:\/\/www.luxor.cz\/blog\/wp-json\/wp\/v2\/posts\/324596","targetHints":{"allow":["GET"]}}],"collection":[{"href":"https:\/\/www.luxor.cz\/blog\/wp-json\/wp\/v2\/posts"}],"about":[{"href":"https:\/\/www.luxor.cz\/blog\/wp-json\/wp\/v2\/types\/post"}],"author":[{"embeddable":true,"href":"https:\/\/www.luxor.cz\/blog\/wp-json\/wp\/v2\/users\/2"}],"replies":[{"embeddable":true,"href":"https:\/\/www.luxor.cz\/blog\/wp-json\/wp\/v2\/comments?post=324596"}],"version-history":[{"count":0,"href":"https:\/\/www.luxor.cz\/blog\/wp-json\/wp\/v2\/posts\/324596\/revisions"}],"wp:featuredmedia":[{"embeddable":true,"href":"https:\/\/www.luxor.cz\/blog\/wp-json\/wp\/v2\/media\/324597"}],"wp:attachment":[{"href":"https:\/\/www.luxor.cz\/blog\/wp-json\/wp\/v2\/media?parent=324596"}],"wp:term":[{"taxonomy":"category","embeddable":true,"href":"https:\/\/www.luxor.cz\/blog\/wp-json\/wp\/v2\/categories?post=324596"},{"taxonomy":"post_tag","embeddable":true,"href":"https:\/\/www.luxor.cz\/blog\/wp-json\/wp\/v2\/tags?post=324596"}],"curies":[{"name":"wp","href":"https:\/\/api.w.org\/{rel}","templated":true}]}}