{"id":324594,"date":"2024-05-04T12:20:05","date_gmt":"2024-05-04T10:20:05","guid":{"rendered":"https:\/\/www.luxor.cz\/blog\/nezarazene\/64095-co-jste-se-ve-skole-nenaucili\/"},"modified":"2024-05-04T12:20:05","modified_gmt":"2024-05-04T10:20:05","slug":"64095-co-jste-se-ve-skole-nenaucili","status":"publish","type":"post","link":"https:\/\/www.luxor.cz\/blog\/recenze\/64095-co-jste-se-ve-skole-nenaucili\/","title":{"rendered":"Co jste se ve \u0161kole nenau\u010dili"},"content":{"rendered":"<p style=\"font-weight: 400;\">Jeden z\u00a0na\u0161ich nejzn\u00e1m\u011bj\u0161\u00edch hudebn\u00edch skladatel\u016f. Prodanou nev\u011bstu i Mou vlast zn\u00e1 snad cel\u00fd sv\u011bt. Ale jak\u00fd skute\u010dn\u011b byl Bed\u0159ich Smetana? Autorka n\u00e1m ho p\u0159edstav\u00ed od narozen\u00ed a\u017e po jeho smrt. Uk\u00e1\u017ee n\u00e1m, jak\u00fd byl \u010dlov\u011bk, jak komponoval, jak\u00e9 bylo jeho soukrom\u00ed. Krom\u011b toho p\u0159ibl\u00ed\u017e\u00ed dobu, kdy \u017eil. Dobu, pro n\u00e1s \u010cechy, tak d\u016fle\u017eitou \u2013 n\u00e1rodn\u00ed obrozen\u00ed.<\/p>\n<p style=\"font-weight: 400;\">A\u010d jsme se o Smetanovi ve \u0161kole rozhodn\u011b u\u010dili, moc si toho nepamatuji. Nau\u010dila jsem se jen to, co jsem musela a v\u00edce m\u011b nezaj\u00edmalo. \u010c\u00edm jsem v\u0161ak star\u0161\u00ed, t\u00edm v\u00edce m\u011b bav\u00ed \u010d\u00edst o na\u0161\u00ed historii, pozn\u00e1vat na\u0161e osobnosti, a\u0165 u\u017e ty v\u00edce, \u010di m\u00e9n\u011b zn\u00e1m\u00e9. Tato kniha mi p\u0159inesla rozhodn\u011b spoustu nov\u00e9ho. Mnoho z\u00a0ud\u00e1lost\u00ed, kter\u00e9 jsou zde pops\u00e1ny, se mi propojily s\u00a0dal\u0161\u00edmi knihami, v\u0161echno si to k\u00a0sob\u011b sedlo, pasovalo a m\u00e9 mezery ve vzd\u011bl\u00e1n\u00ed se kr\u00e1sn\u011b zapl\u0148uj\u00ed.<\/p>\n<p style=\"font-weight: 400;\">Tato kniha je, jak sama Milena \u0160tr\u00e1feldov\u00e1 nazvala, dokurom\u00e1n. Jsou tu jak skute\u010dn\u00e9 z\u00e1pisky z\u00a0den\u00edk\u016f a dopis\u016f, zn\u00e1m\u00e1 historick\u00e1 fakta i kapitoly, kdy autorka popustila uzdu fantazii a p\u0159inesla n\u00e1m rom\u00e1nov\u011b zpracovan\u00e9 \u010d\u00e1sti um\u011blcova \u017eivota. Skv\u011ble to k\u00a0sob\u011b pasuje, nejsou to jen hol\u00e1 fakta, ale je to ps\u00e1no poutav\u011b a text rozhodn\u011b zaujme.<\/p>\n<p style=\"font-weight: 400;\">Krom\u011b samotn\u00e9ho \u017eivota Bed\u0159icha Smetany tu pozn\u00e1v\u00e1me dobu n\u00e1rodn\u00edho obrozen\u00ed, co se u n\u00e1s d\u011blo a autorka p\u0159edstav\u00ed i d\u016fle\u017eit\u00e9 osobnosti z\u00a0tohoto obdob\u00ed. P\u0159ibl\u00ed\u017e\u00ed n\u00e1m \u017eivot t\u0159eba i Karla Havl\u00ed\u010dka Borovsk\u00e9ho, Josefa Kajet\u00e1na Tyla, Jana Nerudy a mnoha dal\u0161\u00edch. Tak\u00e9 je tu skv\u011ble uk\u00e1z\u00e1no, jak se tito um\u011blci se Smetanou potkali nebo potkat mohli.<\/p>\n<p style=\"font-weight: 400;\">Tato kniha je rozhodn\u011b dobr\u00e1 volba i pro (povinnou) \u0161koln\u00ed \u010detbu. Studenti se tak sezn\u00e1m\u00ed se v\u0161\u00edm d\u016fle\u017eit\u00fdm formou, d\u00edky n\u00ed\u017e by je pozn\u00e1v\u00e1n\u00ed mohlo i bavit.<\/p>\n<p style=\"font-weight: 400;\">Pokud m\u00e1te r\u00e1di \u017eivotopisn\u00e9 knihy a chcete se dozv\u011bd\u011bt v\u00edce z\u00a0na\u0161\u00ed historie, rozhodn\u011b je tato kniha p\u0159esn\u011b pro v\u00e1s.<\/p>\n<p style=\"font-weight: 400;\">\u00a0<\/p>\n<p style=\"font-weight: 400;\">\u00a0<\/p>\n<p style=\"font-weight: 400;\">Eva Francov\u00e1<\/p>\n<p>Autor:\u00a0Eva Francov\u00e1<\/p>\n","protected":false},"excerpt":{"rendered":"<p>Jm\u00e9no Bed\u0159ich Smetana zn\u00e1 asi ka\u017ed\u00fd z\u00a0n\u00e1s, ale v\u00edte t\u0159eba, v\u00a0kolika letech za\u010dal mluvit \u010desky a pro\u010d? Jak\u00e9 byly jeho man\u017eelky? Pro\u010d \u017eil ve \u0160v\u00e9dsku? Pokud ne, nahl\u00e9dn\u011bte do t\u00e9to knihy a dozv\u00edte se v\u0161e podstatn\u00e9 z\u00a0mistrova \u017eivota.<\/p>\n","protected":false},"author":2,"featured_media":324595,"comment_status":"open","ping_status":"open","sticky":false,"template":"","format":"standard","meta":{"_acf_changed":false,"_monsterinsights_skip_tracking":false,"_monsterinsights_sitenote_active":false,"_monsterinsights_sitenote_note":"","_monsterinsights_sitenote_category":0,"_EventAllDay":false,"_EventTimezone":"","_EventStartDate":"","_EventEndDate":"","_EventStartDateUTC":"","_EventEndDateUTC":"","_EventShowMap":false,"_EventShowMapLink":false,"_EventURL":"","_EventCost":"","_EventCostDescription":"","_EventCurrencySymbol":"","_EventCurrencyCode":"","_EventCurrencyPosition":"","_EventDateTimeSeparator":"","_EventTimeRangeSeparator":"","_EventOrganizerID":[],"_EventVenueID":[],"_OrganizerEmail":"","_OrganizerPhone":"","_OrganizerWebsite":"","_VenueAddress":"","_VenueCity":"","_VenueCountry":"","_VenueProvince":"","_VenueState":"","_VenueZip":"","_VenuePhone":"","_VenueURL":"","_VenueStateProvince":"","_VenueLat":"","_VenueLng":"","_VenueShowMap":false,"_VenueShowMapLink":false,"twitterCardType":"","cardImageID":0,"cardImage":"","cardTitle":"","cardDesc":"","cardImageAlt":"","cardPlayer":"","cardPlayerWidth":0,"cardPlayerHeight":0,"cardPlayerStream":"","cardPlayerCodec":"","footnotes":""},"categories":[7],"tags":[21832],"class_list":["post-324594","post","type-post","status-publish","format-standard","has-post-thumbnail","hentry","category-recenze","tag-literarni-kavarna"],"acf":{"related_products":null},"_links":{"self":[{"href":"https:\/\/www.luxor.cz\/blog\/wp-json\/wp\/v2\/posts\/324594","targetHints":{"allow":["GET"]}}],"collection":[{"href":"https:\/\/www.luxor.cz\/blog\/wp-json\/wp\/v2\/posts"}],"about":[{"href":"https:\/\/www.luxor.cz\/blog\/wp-json\/wp\/v2\/types\/post"}],"author":[{"embeddable":true,"href":"https:\/\/www.luxor.cz\/blog\/wp-json\/wp\/v2\/users\/2"}],"replies":[{"embeddable":true,"href":"https:\/\/www.luxor.cz\/blog\/wp-json\/wp\/v2\/comments?post=324594"}],"version-history":[{"count":0,"href":"https:\/\/www.luxor.cz\/blog\/wp-json\/wp\/v2\/posts\/324594\/revisions"}],"wp:featuredmedia":[{"embeddable":true,"href":"https:\/\/www.luxor.cz\/blog\/wp-json\/wp\/v2\/media\/324595"}],"wp:attachment":[{"href":"https:\/\/www.luxor.cz\/blog\/wp-json\/wp\/v2\/media?parent=324594"}],"wp:term":[{"taxonomy":"category","embeddable":true,"href":"https:\/\/www.luxor.cz\/blog\/wp-json\/wp\/v2\/categories?post=324594"},{"taxonomy":"post_tag","embeddable":true,"href":"https:\/\/www.luxor.cz\/blog\/wp-json\/wp\/v2\/tags?post=324594"}],"curies":[{"name":"wp","href":"https:\/\/api.w.org\/{rel}","templated":true}]}}