{"id":324588,"date":"2024-05-08T10:00:14","date_gmt":"2024-05-08T08:00:14","guid":{"rendered":"https:\/\/www.luxor.cz\/blog\/nezarazene\/64098-je-opravdu-nutne-neustale-usilovat-o-dosazeni-vyssich-cilu\/"},"modified":"2024-05-08T10:00:14","modified_gmt":"2024-05-08T08:00:14","slug":"64098-je-opravdu-nutne-neustale-usilovat-o-dosazeni-vyssich-cilu","status":"publish","type":"post","link":"https:\/\/www.luxor.cz\/blog\/recenze\/64098-je-opravdu-nutne-neustale-usilovat-o-dosazeni-vyssich-cilu\/","title":{"rendered":"Je opravdu nutn\u00e9 neust\u00e1le usilovat o dosa\u017een\u00ed vy\u0161\u0161\u00edch c\u00edl\u016f?"},"content":{"rendered":"<div>\n<p class=\"Textbody\">Helena Rubinsteinov\u00e1, rozen\u00e1 Chaja Rubinsteinov\u00e1, se narodila jako nejstar\u0161\u00ed z osmi dcer v \u017eidovsk\u00e9 rodin\u011b. Jej\u00ed matka pro\u017e\u00edvala v\u011bt\u0161inu \u010dasu bu\u010f t\u011bhotenstv\u00edm, \u0161estined\u011bl\u00edm nebo nemocemi, zat\u00edmco otec vlastnil \u017eelez\u00e1\u0159stv\u00ed. Tato situace p\u0159edur\u010dila mladou Chaju k tomu, aby se starala o sv\u00fdch sedm mlad\u0161\u00edch sester. Kdy\u017e p\u0159i\u0161el \u010das, aby byla Chaja provd\u00e1na, rozhodla se v den svatby, \u017ee se osudu postav\u00ed \u010delem. Sbalila si skromn\u00e9 zavazadlo \u2013 vzhledem k rodinn\u00e9 chudob\u011b nem\u011bla mnoho \u2013 a opustila sv\u016fj domov v Polsku, aby se p\u0159ipojila ke sv\u00fdm p\u0159\u00edbuzn\u00fdm v Rakousku. Z dvaceti sourozenc\u016f, kte\u0159\u00ed spole\u010dn\u011b vyr\u016fstali v dom\u011b v Galicii, se ka\u017ed\u00fd vypravil svou vlastn\u00ed cestou do r\u016fzn\u00fdch kout\u016f sv\u011bta. Pouze Chajina matka Gitel z\u016fstala v Krakov\u011b, kde se setkala se sv\u00fdm budouc\u00edm man\u017eelem. Helena m\u011bla to \u0161t\u011bst\u00ed, \u017ee mohla nav\u0161t\u00edvit sv\u00e9 str\u00fdce a tety v cizin\u011b, co\u017e ji nakonec dovedlo a\u017e k jej\u00edmu str\u00fdci v Austr\u00e1lii. Tato zku\u0161enost formovala jej\u00ed \u017eivotn\u00ed cestu a p\u0159edznamenala jej\u00ed budouc\u00ed \u00fasp\u011bchy.<\/p>\n<\/div>\n<div>\n<p class=\"Textbody\"><em>Ne, u\u017e ne Chaja! U\u017e d\u00e1vno ne Chaja!<\/em><\/p>\n<\/div>\n<div>\n<p class=\"Textbody\"><em>P\u0159i n\u00e1stupu na lo\u010f emigrant\u016f, starou teprve dva roky, v p\u0159\u00edstavu Janov\u011b Chaja p\u0159ijala novou identitu. Se starou Chajou z Kazimierze u\u017e necht\u011bla m\u00edt nic spole\u010dn\u00e9ho.<\/em><\/p>\n<\/div>\n<div>\n<p class=\"Textbody\"><em>\u201eDatum narozen\u00ed je \u0161patn\u00e9,\u201c tvrdila Chaja, kdy\u017e \u00fa\u0159edn\u00edk v \u00fa\u0159adu pro vyst\u011bhovalce zkoumal seznam cestuj\u00edc\u00edch a hlasit\u011b p\u0159ed\u010d\u00edtal jej\u00ed data.<\/em><\/p>\n<\/div>\n<div>\n<p class=\"Textbody\"><em>P\u0159ekvapen\u011b vzhl\u00e9dl.<\/em><\/p>\n<\/div>\n<div>\n<p class=\"Textbody\"><em>\u201eNen\u00ed mi p\u011btadvacet, tak star\u00e1 nejsem, ned\u00e1vno mi bylo teprve dvaadvacet,\u201c pokra\u010dovala Chaja. \u201eTo mus\u00ed b\u00fdt chyba. A jmenuji se Helena!\u201c<\/em><\/p>\n<\/div>\n<div>\n<p class=\"Textbody\">Tak za\u010d\u00edn\u00e1 nov\u00e1 \u017eivotn\u00ed etapa Heleny Rubinsteinov\u00e9!<\/p>\n<\/div>\n<div>\n<p class=\"Textbody\">Helena Rubinsteinov\u00e1, vizion\u00e1\u0159ka v oblasti kosmetiky, zah\u00e1jila svou podnikatelskou dr\u00e1hu v roce 1902 v Austr\u00e1lii. V Melbourne otev\u0159ela sv\u016fj prvn\u00ed kosmetick\u00fd salon, kde nab\u00edzela kr\u00e9m na kr\u00e1su, jen\u017e byl obl\u00edben\u00fdm v\u00fdrobkem jej\u00ed matky. Tento kr\u00e9m se stal z\u00e1kladem jej\u00edho pozd\u011bj\u0161\u00edho kosmetick\u00e9ho imp\u00e9ria, kter\u00e9 je dnes uzn\u00e1van\u00e9 po cel\u00e9m sv\u011bt\u011b.<\/p>\n<\/div>\n<div>\n<p class=\"Textbody\"><em>\u201eKdy\u017e do salonu ve\u0161la n\u011bkter\u00e1 ze st\u00e1l\u00fdch z\u00e1kaznic, Helena ji rovn\u011b\u017e osobn\u011b pozdravila. D\u011blala to s jemn\u011b odm\u011b\u0159enou sm\u011bs\u00ed vesel\u00ed a respektu, bez on\u00e9 pod\u0159\u00edzenosti, jakou tak \u010dasto pozorovala u sv\u00e9ho otce v Krakov\u011b a v\u00edde\u0148sk\u00e9ho str\u00fdce. C\u00edtila se b\u00fdt se sv\u00fdmi z\u00e1kaznicemi na jedn\u00e9 \u00farovni a zd\u00e1lo se, \u017ee to i ony tak c\u00edt\u00ed. Po tomto ob\u0159adu pozdraven\u00ed bu\u010f Helena luskla prsty, nebo zavolala zvu\u010dn\u00fdm hlasem sv\u00e9 asistentky. Rychle se pak v\u017edycky jedna z nich objevila, aby d\u00e1mu p\u0159ijala a zavedla ji do l\u00e9\u010debn\u00e9 kabiny.\u201c<\/em><\/p>\n<\/div>\n<div>\n<p class=\"Textbody\">Madam Rubinsteinov\u00e1 se proslavila nejen sv\u00fdmi kosmetick\u00fdmi produkty, ale tak\u00e9 svou v\u00e1\u0161n\u00ed pro um\u011bn\u00ed. Jej\u00ed sb\u00edrka um\u011bleck\u00fdch d\u011bl je stejn\u011b p\u016fsobiv\u00e1 jako jej\u00ed charitativn\u00ed pr\u00e1ce.<\/p>\n<\/div>\n<div>\n<p class=\"Standard\">V tomto beletrizovan\u00e9m \u017eivotopise se dozv\u00edte, jak se stala Helena nejbohat\u0161\u00ed \u017eenou sv\u00e9 doby. Musela proj\u00edt skute\u010dn\u011b n\u00e1ro\u010dnou cestou k \u00fasp\u011bchu. P\u0159edt\u00edm, ne\u017e se j\u00ed poda\u0159ilo realizovat sv\u016fj sen, zast\u00e1vala \u0159adu skromn\u00fdch pozic \u2013 od guvernantky a\u017e po serv\u00edrku a prodava\u010dku v obchodech sv\u00fdch str\u00fdc\u016f. Byl to v\u0161ak pr\u00e1v\u011b jej\u00ed talent a schopnost nau\u010dit se b\u011bhem cest n\u011bkolik ciz\u00edch jazyk\u016f, co j\u00ed pomohlo vyniknout? Helena byla zn\u00e1m\u00e1 jako madam s velk\u00fdm &#8218;M&#8216;, jej\u00ed\u017e autorita byla neot\u0159esiteln\u00e1 a jej\u00ed\u017e rozhodnut\u00ed byla nezpochybniteln\u00e1. Kdy\u017e si n\u011bco vzala do hlavy, neexistoval nikdo, kdo by ji mohl odradit od jej\u00edho z\u00e1m\u011bru. S neochv\u011bjn\u00fdm odhodl\u00e1n\u00edm si \u0161la za sv\u00fdm a dos\u00e1hla v\u0161eho, co si p\u0159edsevzala. V jej\u00edm \u017eivot\u011b byla pouze jedna rivalka, s n\u00ed\u017e vedla takzvanou &#8222;pudrovou v\u00e1lku&#8220;, ale nikdy ve\u0159ejn\u011b nevyslovila jej\u00ed jm\u00e9no, odkazovala na ni pouze jako na &#8222;tu \u017eenu&#8220;.<\/p>\n<\/div>\n<div>\n<p class=\"Standard\">Helena Rubinsteinov\u00e1 je pro m\u011b osobnost\u00ed, kter\u00e1 vyza\u0159uje s\u00edlu a nezdolnost, a\u010dkoli jej\u00ed chov\u00e1n\u00ed bylo ob\u010das pova\u017eov\u00e1no za p\u0159\u00edli\u0161 razantn\u00ed. Navzdory tomu si v\u0161ak svou cestu \u017eivotem pro\u0161la s gr\u00e1ci\u00ed a\u017e do vysok\u00e9ho v\u011bku 95 let, kdy jej\u00ed \u017eivotn\u00ed p\u0159\u00edb\u011bh do\u0161el sv\u00e9ho vrcholu.<\/p>\n<\/div>\n<div>\n<p class=\"Standard\">P\u0159\u00edb\u011bh Heleny Rubinsteinov\u00e9 je inspirac\u00ed pro mnoh\u00e9 \u017eeny a jej\u00ed odkaz v oblasti kr\u00e1sy a p\u00e9\u010de o ple\u0165 je st\u00e1le \u017eiv\u00fd a v\u00fdznamn\u00fd. Tato kniha je neoceniteln\u00fdm p\u0159\u00ednosem pro v\u0161echny, kte\u0159\u00ed cht\u011bj\u00ed pochopit vliv t\u00e9to v\u00fdjime\u010dn\u00e9 \u017eeny na sv\u011bt kr\u00e1sy.<\/p>\n<\/div>\n<div>\n<p class=\"Standard\">\u00a0<\/p>\n<p class=\"Standard\">\u00a0<\/p>\n<\/div>\n<div>\n<p class=\"Standard\">Simona Krchov\u00e1<\/p>\n<\/div>\n<p>Autor:\u00a0Simona Krchov\u00e1<\/p>\n","protected":false},"excerpt":{"rendered":"<p>Ka\u017ed\u00fd z n\u00e1s je odli\u0161n\u00fd a m\u00e1 sv\u016fj vlastn\u00ed n\u00e1zor na tuto ot\u00e1zku. Helena Rubinsteinov\u00e1 byla p\u0159\u00edkladem \u010dlov\u011bka, kter\u00fd si stanovil vysok\u00e9 c\u00edle. D\u00edky sv\u00e9 odhodlanosti a vytrvalosti dok\u00e1zala dos\u00e1hnout toho, po \u010dem tou\u017eila.<\/p>\n","protected":false},"author":2,"featured_media":324589,"comment_status":"open","ping_status":"open","sticky":false,"template":"","format":"standard","meta":{"_acf_changed":false,"_monsterinsights_skip_tracking":false,"_monsterinsights_sitenote_active":false,"_monsterinsights_sitenote_note":"","_monsterinsights_sitenote_category":0,"_EventAllDay":false,"_EventTimezone":"","_EventStartDate":"","_EventEndDate":"","_EventStartDateUTC":"","_EventEndDateUTC":"","_EventShowMap":false,"_EventShowMapLink":false,"_EventURL":"","_EventCost":"","_EventCostDescription":"","_EventCurrencySymbol":"","_EventCurrencyCode":"","_EventCurrencyPosition":"","_EventDateTimeSeparator":"","_EventTimeRangeSeparator":"","_EventOrganizerID":[],"_EventVenueID":[],"_OrganizerEmail":"","_OrganizerPhone":"","_OrganizerWebsite":"","_VenueAddress":"","_VenueCity":"","_VenueCountry":"","_VenueProvince":"","_VenueState":"","_VenueZip":"","_VenuePhone":"","_VenueURL":"","_VenueStateProvince":"","_VenueLat":"","_VenueLng":"","_VenueShowMap":false,"_VenueShowMapLink":false,"twitterCardType":"","cardImageID":0,"cardImage":"","cardTitle":"","cardDesc":"","cardImageAlt":"","cardPlayer":"","cardPlayerWidth":0,"cardPlayerHeight":0,"cardPlayerStream":"","cardPlayerCodec":"","footnotes":""},"categories":[7],"tags":[21832],"class_list":["post-324588","post","type-post","status-publish","format-standard","has-post-thumbnail","hentry","category-recenze","tag-literarni-kavarna"],"acf":{"related_products":null},"_links":{"self":[{"href":"https:\/\/www.luxor.cz\/blog\/wp-json\/wp\/v2\/posts\/324588","targetHints":{"allow":["GET"]}}],"collection":[{"href":"https:\/\/www.luxor.cz\/blog\/wp-json\/wp\/v2\/posts"}],"about":[{"href":"https:\/\/www.luxor.cz\/blog\/wp-json\/wp\/v2\/types\/post"}],"author":[{"embeddable":true,"href":"https:\/\/www.luxor.cz\/blog\/wp-json\/wp\/v2\/users\/2"}],"replies":[{"embeddable":true,"href":"https:\/\/www.luxor.cz\/blog\/wp-json\/wp\/v2\/comments?post=324588"}],"version-history":[{"count":0,"href":"https:\/\/www.luxor.cz\/blog\/wp-json\/wp\/v2\/posts\/324588\/revisions"}],"wp:featuredmedia":[{"embeddable":true,"href":"https:\/\/www.luxor.cz\/blog\/wp-json\/wp\/v2\/media\/324589"}],"wp:attachment":[{"href":"https:\/\/www.luxor.cz\/blog\/wp-json\/wp\/v2\/media?parent=324588"}],"wp:term":[{"taxonomy":"category","embeddable":true,"href":"https:\/\/www.luxor.cz\/blog\/wp-json\/wp\/v2\/categories?post=324588"},{"taxonomy":"post_tag","embeddable":true,"href":"https:\/\/www.luxor.cz\/blog\/wp-json\/wp\/v2\/tags?post=324588"}],"curies":[{"name":"wp","href":"https:\/\/api.w.org\/{rel}","templated":true}]}}