{"id":324582,"date":"2024-05-10T10:00:45","date_gmt":"2024-05-10T08:00:45","guid":{"rendered":"https:\/\/www.luxor.cz\/blog\/nezarazene\/64099-temne-dejiny-nasi-historie\/"},"modified":"2024-05-10T10:00:45","modified_gmt":"2024-05-10T08:00:45","slug":"64099-temne-dejiny-nasi-historie","status":"publish","type":"post","link":"https:\/\/www.luxor.cz\/blog\/recenze\/64099-temne-dejiny-nasi-historie\/","title":{"rendered":"Temn\u00e9 d\u011bjiny na\u0161\u00ed historie"},"content":{"rendered":"<p style=\"font-weight: 400;\">J\u00f3zsef byl v roce 1944 deportov\u00e1n z Ma\u010farska do koncentra\u010dn\u00edho t\u00e1bora Osv\u011btim, kde v\u0161ak nez\u016fstal p\u0159\u00edli\u0161 dlouho a s dal\u0161\u00ed skupinou v\u011bz\u0148\u016f byl odveden do pracovn\u00edho t\u00e1bora Gros-Rosen. Zde t\u00e9m\u011b\u0159 cel\u00e9 dny tr\u00e1vili v podzem\u00ed, kde museli hloubit tunely. Jejich psychika je zni\u010dena. T\u011blesn\u00e1 schr\u00e1nka trp\u00ed. Bit\u00ed, hlad, \u0161p\u00edna, nemoci, bolesti a v\u0161udyp\u0159\u00edtomn\u00e9 v\u0161i. N\u011bkolik v\u011bz\u0148\u016f se m\u00e1 dobrovoln\u011b p\u0159ihl\u00e1sit\u2026 Mysl\u00ed si, \u017ee p\u016fjdou do plynu. Utrpen\u00ed skon\u010d\u00ed\u2026 J\u00f3zsef zvedne ruku, p\u0159eje si konec\u2026.<\/p>\n<p style=\"font-weight: 400;\"><strong><em>\u201cNakonec, n\u011bkte\u0159\u00ed se uzdrav\u00ed, n\u011bkte\u0159\u00ed zem\u0159ou. Sotva m\u016f\u017eu m\u00edt v\u00edc ne\u017e \u010dty\u0159icet kilo. Vyhubl\u00fd obli\u010dej m\u00e1m pokryt\u00fd m\u011bs\u00edc star\u00fdm strni\u0161t\u011bm, kosti mi tr\u010d\u00ed, kolena mi ze\u0161pi\u010dat\u011bla.\u00a0 A k tomu v\u0161emu se objev\u00ed nov\u00e1 hr\u016fza. Prot\u00e1hl\u00e9 tv\u00e1\u0159e se najednou nep\u0159irozen\u011b zakulacuj\u00ed. Nezpracovan\u00e1 tekutina se hromad\u00ed pod k\u016f\u017e\u00ed, na obli\u010deji, b\u0159i\u0161e, pa\u017e\u00edch, nohou, v\u0161ude. Nafukujeme se. Kolena a stehna mi ot\u00e9kaj\u00ed. Za ka\u017ed\u00fd pohyb plat\u00edm mu\u010divou bolest\u00ed. <\/em><\/strong><\/p>\n<p style=\"font-weight: 400;\"><strong><em>L\u00e9ka\u0159i kr\u010d\u00ed rameny. <\/em><\/strong><\/p>\n<p style=\"font-weight: 400;\"><strong><em>Otoky z hladu. Srdce a ledviny nezvl\u00e1daj\u00ed beztrestn\u011b tu spoustu tekutin. U\u017e ji nedok\u00e1\u017eou zpracov\u00e1vat. P\u0159esto mus\u00edme nastupovat do pr\u00e1ce.\u201d<\/em><\/strong><\/p>\n<p style=\"font-weight: 400;\">K jeho p\u0159ekvapen\u00ed je v\u0161ak nena\u017eenou p\u0159\u00edmo na smrt, ale do t\u00e1bora v Dornhau. Je to \u201cnemocnice\u201d pro ty nejhor\u0161\u00ed p\u0159\u00edpady. Nikdo se zde v\u0161ak nel\u00e9\u010d\u00ed. Naopak, jejich zdrav\u00ed jde je\u0161t\u011b strm\u011bji dol\u016f. Cel\u00e9 dny tr\u00e1v\u00ed v zim\u011b, v nahot\u011b, t\u00e9m\u011b\u0159 bez j\u00eddla a uprost\u0159ed um\u00edraj\u00edc\u00edch \u010di u\u017e mrtv\u00fdch t\u011bl.<\/p>\n<p style=\"font-weight: 400;\"><strong><em>\u201cNikdy bych nev\u011b\u0159il, \u017ee je mo\u017en\u00e9 b\u00fdt tak sm\u00ed\u0159en\u00fd s my\u0161lenkou na z\u00e1nik, a dokonce, \u017ee my\u0161lenka na brzk\u00fd konec se m\u016f\u017ee st\u00e1t p\u0159\u00edmo \u017e\u00e1douc\u00ed.\u201d<\/em><\/strong><\/p>\n<p style=\"font-weight: 400;\">Ani des\u00edtky p\u0159e\u010dten\u00fdch titul\u016f o holocaustu n\u00e1s nedok\u00e1\u017e\u00ed p\u0159ipravit na dal\u0161\u00ed d\u011bsupln\u00e9 sv\u011bdectv\u00ed. Cel\u00e1 kniha je pops\u00e1na tak syrov\u011b a bez emoc\u00ed, a p\u0159esto se n\u00e1m zar\u00fdv\u00e1 do srdce a ka\u017ed\u00e9 p\u0159e\u010dten\u00e9 slovo n\u00e1s bol\u00ed. Na za\u010d\u00e1tku p\u0159\u00edb\u011bhu c\u00edt\u00edme z autora s\u00edlu a odhodl\u00e1n\u00ed bojovat, p\u0159e\u017e\u00edt, do\u010dkat se konce v\u00e1lky a setkat se s milovan\u00fdmi. Ale jak \u010das ub\u00edh\u00e1, miz\u00ed i chu\u0165 bojovat za dal\u0161\u00ed den ve stejn\u00e9m pekle. Je \u010d\u00edm d\u00e1l t\u00edm v\u00edc neschopn\u00fd pot\u00fdkat se s nemocemi a ukrutn\u00fdmi bolestmi. Nad\u011bje na \u0161\u0165astn\u00fd konec nen\u00e1vratn\u011b miz\u00ed.<\/p>\n<p style=\"font-weight: 400;\">P\u0159esto narozd\u00edl od v\u011bt\u0161iny spoluv\u011bz\u0148\u016f se J\u00f3zsef do\u017eije osvobozen\u00ed a sv\u00e9 sv\u011bdectv\u00ed dok\u00e1\u017ee p\u0159en\u00e9st na pap\u00edr tak, aby historie nebyla nikdy zapomenuta. Je to opravdu neuv\u011b\u0159iteln\u011b d\u011bsiv\u00e1 kniha, ale je velmi dob\u0159e napsan\u00e1. J\u00e1 osobn\u011b si mysl\u00edm, \u017ee je to opravdu jedna z nejl\u00e9pe napsan\u00fdch knih o holocaustu. A m\u011bl by si ji p\u0159e\u010d\u00edst naprosto ka\u017ed\u00fd. Poprv\u00e9 vy\u0161la v roce 1950 v J\u00f3zsefov\u011b rodn\u00e9m Ma\u010farsku, ale od t\u00e9 doby byla t\u00e9m\u011b\u0159 zapomenut\u00e1. Je dob\u0159e, \u017ee nyn\u00ed vy\u0161la znovu a byla p\u0159elo\u017eena do 15 jazyk\u016f. V\u0161ichni bychom m\u011bli zcela re\u00e1ln\u011b v\u011bd\u011bt, jak moc brut\u00e1ln\u00ed minulost byla a nikdy nedovolit, aby se historie opakovala.<\/p>\n<p style=\"font-weight: 400;\">\u00a0<\/p>\n<p style=\"font-weight: 400;\">\u00a0<\/p>\n<p style=\"font-weight: 400;\">Mark\u00e9ta Posp\u00ed\u0161ilov\u00e1<\/p>\n<p>Autor:\u00a0Mark\u00e9ta Posp\u00ed\u0161ilov\u00e1<\/p>\n","protected":false},"excerpt":{"rendered":"<p>Kniha Mraziv\u00e9 krematorium n\u00e1m p\u0159edkl\u00e1d\u00e1 neuv\u011b\u0159iteln\u011b krut\u00e9 vzpom\u00ednky ma\u010farsk\u00e9ho b\u00e1sn\u00edka a novin\u00e1\u0159e J\u00f3zsefa Debreczeniho, kter\u00fd si pro\u0161el naprost\u00fdm peklem na zemi.<\/p>\n","protected":false},"author":2,"featured_media":324583,"comment_status":"open","ping_status":"open","sticky":false,"template":"","format":"standard","meta":{"_acf_changed":false,"_monsterinsights_skip_tracking":false,"_monsterinsights_sitenote_active":false,"_monsterinsights_sitenote_note":"","_monsterinsights_sitenote_category":0,"_EventAllDay":false,"_EventTimezone":"","_EventStartDate":"","_EventEndDate":"","_EventStartDateUTC":"","_EventEndDateUTC":"","_EventShowMap":false,"_EventShowMapLink":false,"_EventURL":"","_EventCost":"","_EventCostDescription":"","_EventCurrencySymbol":"","_EventCurrencyCode":"","_EventCurrencyPosition":"","_EventDateTimeSeparator":"","_EventTimeRangeSeparator":"","_EventOrganizerID":[],"_EventVenueID":[],"_OrganizerEmail":"","_OrganizerPhone":"","_OrganizerWebsite":"","_VenueAddress":"","_VenueCity":"","_VenueCountry":"","_VenueProvince":"","_VenueState":"","_VenueZip":"","_VenuePhone":"","_VenueURL":"","_VenueStateProvince":"","_VenueLat":"","_VenueLng":"","_VenueShowMap":false,"_VenueShowMapLink":false,"twitterCardType":"","cardImageID":0,"cardImage":"","cardTitle":"","cardDesc":"","cardImageAlt":"","cardPlayer":"","cardPlayerWidth":0,"cardPlayerHeight":0,"cardPlayerStream":"","cardPlayerCodec":"","footnotes":""},"categories":[7],"tags":[21832],"class_list":["post-324582","post","type-post","status-publish","format-standard","has-post-thumbnail","hentry","category-recenze","tag-literarni-kavarna"],"acf":{"related_products":null},"_links":{"self":[{"href":"https:\/\/www.luxor.cz\/blog\/wp-json\/wp\/v2\/posts\/324582","targetHints":{"allow":["GET"]}}],"collection":[{"href":"https:\/\/www.luxor.cz\/blog\/wp-json\/wp\/v2\/posts"}],"about":[{"href":"https:\/\/www.luxor.cz\/blog\/wp-json\/wp\/v2\/types\/post"}],"author":[{"embeddable":true,"href":"https:\/\/www.luxor.cz\/blog\/wp-json\/wp\/v2\/users\/2"}],"replies":[{"embeddable":true,"href":"https:\/\/www.luxor.cz\/blog\/wp-json\/wp\/v2\/comments?post=324582"}],"version-history":[{"count":0,"href":"https:\/\/www.luxor.cz\/blog\/wp-json\/wp\/v2\/posts\/324582\/revisions"}],"wp:featuredmedia":[{"embeddable":true,"href":"https:\/\/www.luxor.cz\/blog\/wp-json\/wp\/v2\/media\/324583"}],"wp:attachment":[{"href":"https:\/\/www.luxor.cz\/blog\/wp-json\/wp\/v2\/media?parent=324582"}],"wp:term":[{"taxonomy":"category","embeddable":true,"href":"https:\/\/www.luxor.cz\/blog\/wp-json\/wp\/v2\/categories?post=324582"},{"taxonomy":"post_tag","embeddable":true,"href":"https:\/\/www.luxor.cz\/blog\/wp-json\/wp\/v2\/tags?post=324582"}],"curies":[{"name":"wp","href":"https:\/\/api.w.org\/{rel}","templated":true}]}}