{"id":324580,"date":"2024-05-12T10:00:51","date_gmt":"2024-05-12T08:00:51","guid":{"rendered":"https:\/\/www.luxor.cz\/blog\/nezarazene\/64100-recenze-knihy-vceli-kralovna\/"},"modified":"2024-05-12T10:00:51","modified_gmt":"2024-05-12T08:00:51","slug":"64100-recenze-knihy-vceli-kralovna","status":"publish","type":"post","link":"https:\/\/www.luxor.cz\/blog\/recenze\/64100-recenze-knihy-vceli-kralovna\/","title":{"rendered":"Recenze knihy V\u010del\u00ed kr\u00e1lovna"},"content":{"rendered":"<p style=\"font-weight: 400;\">Kniha\u00a0<em>V\u010del\u00ed kr\u00e1lovna<\/em>\u00a0mi p\u0159ipomn\u011bla styl psan\u00ed Haliny Pawlowsk\u00e9. A taky trochu Bridget Jonesovou a dal\u0161\u00ed kn\u00ed\u017eky, kde hlavn\u00ed hrdinka rozeb\u00edr\u00e1 sv\u016fj \u017eivot a sv\u00e9 pocity vtipn\u00fdm sebekritick\u00fdm a ob\u010das i sarkastick\u00fdm zp\u016fsobem. Skv\u011ble vybran\u00e9 t\u00e9ma je menopauza, o kter\u00e9 se p\u0159izn\u00e1m, \u017ee toho v\u00edm jen velmi m\u00e1lo.<\/p>\n<p style=\"font-weight: 400;\">Ka\u017edop\u00e1dn\u011b t\u00e9ma super, zp\u016fsob psan\u00ed sympatick\u00fd, kn\u00ed\u017eka \u010dtiv\u00e1, m\u00edsty m\u011b skute\u010dn\u011b pobavila. A l\u00edb\u00ed se mi i ob\u00e1lka. Na zadn\u00ed stran\u011b mezi hodnocen\u00edmi \u010dten\u00e1\u0159\u016f je v\u00fdraz \u201csvi\u017en\u00e9 a mil\u00e9\u201d, z \u010deho\u017e mohu souhlasit s\u00a0<em>mil\u00e9<\/em>, ale ne zvl\u00e1\u0161\u0165 se\u00a0<em>svi\u017en\u00e9<\/em>. Ony tyhle sebezpytuj\u00edc\u00ed knihy b\u00fdvaj\u00ed m\u00e1lokdy \u00fapln\u011b svi\u017en\u00e9, ale to ni\u010demu nevad\u00ed. D\u011bj nen\u00ed nijak komplikovan\u00fd, autorka Agatha, kter\u00e1 p\u00ed\u0161e o \u010darod\u011bjnic\u00edch, proch\u00e1z\u00ed menopauzou a dostav\u00ed se u n\u00ed tv\u016fr\u010d\u00ed blok. Jej\u00ed l\u00e9ka\u0159ka j\u00ed doporu\u010d\u00ed ps\u00e1t si den\u00edk, a tak cel\u00e1 kniha V\u010del\u00ed kr\u00e1lovna je vlastn\u011b autor\u010din\u00fdm den\u00edkem. Agatha popisuje, jak pot\u0159ebuje ps\u00e1t, ale nem\u016f\u017ee, proto\u017ee inspirace nep\u0159ich\u00e1z\u00ed. Na jedn\u00e9 akci, na kterou je s dal\u0161\u00edmi autory pozvan\u00e1, vybuchne a mluv\u00ed o menopauze, a jak je to s n\u00ed t\u011b\u017ek\u00e9. V tom okam\u017eiku se strhne vlna solidarity a za\u010dnou se oz\u00fdvat dal\u0161\u00ed \u017eeny, kter\u00e9 si proch\u00e1z\u00ed t\u00edm sam\u00fdm. Zat\u00edmco Agatha za\u010d\u00edn\u00e1 b\u00fdt na roztrh\u00e1n\u00ed jako \u201cmodelka na menopauzu\u201d, inspirace ke psan\u00ed se st\u00e1le ne a ne objevit. Zato u n\u00ed doma se st\u00e1le n\u011bco d\u011bje. S jej\u00edm man\u017eelem, syny i otcem, kter\u00fd nab\u00edr\u00e1 druh\u00fd dech s novou p\u0159\u00edtelkyn\u00ed\u2026<\/p>\n<p style=\"font-weight: 400;\">Agatha postupn\u011b popisuje nejr\u016fzn\u011bj\u0161\u00ed p\u0159\u00edznaky menopauzy, jako je mozkov\u00e1 mlha, mrzutost, n\u00e1valy horka \u010di \u017e\u00e1rlivost. Na konci se Agatha pot\u00fdk\u00e1 se \u017e\u00e1rlivost\u00ed v situaci, kter\u00e1 vy\u00fast\u00ed v, pro m\u011b up\u0159\u00edmn\u011b, zcela nep\u0159ekvapiv\u00e9 rozuzlen\u00ed.<\/p>\n<p style=\"font-weight: 400;\"><em>Kn\u00ed\u017eka V\u010del\u00ed kr\u00e1lovna je z\u00e1bavn\u00e1, skv\u011bl\u00e1 oddychovka, kter\u00e1 v\u00e1s nen\u00e1padn\u011b sezn\u00e1m\u00ed s t\u00edm, jak\u00e9 je to b\u00fdt v menopauze.<\/em><\/p>\n<p style=\"font-weight: 400;\">\u00a0<\/p>\n<p style=\"font-weight: 400;\">\u00a0<\/p>\n<p style=\"font-weight: 400;\">Barbora Cirklov\u00e1<\/p>\n<p>Autor:\u00a0Barbora Cirklov\u00e1<\/p>\n","protected":false},"excerpt":{"rendered":"<p>V dne\u0161n\u00ed recenzi se pod\u00edv\u00e1me na knihu V\u010del\u00ed kr\u00e1lovna, kterou napsala Ciara Geraghty. Poj\u010fte se na ni se mnou pod\u00edvat.<\/p>\n","protected":false},"author":2,"featured_media":324581,"comment_status":"open","ping_status":"open","sticky":false,"template":"","format":"standard","meta":{"_acf_changed":false,"_monsterinsights_skip_tracking":false,"_monsterinsights_sitenote_active":false,"_monsterinsights_sitenote_note":"","_monsterinsights_sitenote_category":0,"_EventAllDay":false,"_EventTimezone":"","_EventStartDate":"","_EventEndDate":"","_EventStartDateUTC":"","_EventEndDateUTC":"","_EventShowMap":false,"_EventShowMapLink":false,"_EventURL":"","_EventCost":"","_EventCostDescription":"","_EventCurrencySymbol":"","_EventCurrencyCode":"","_EventCurrencyPosition":"","_EventDateTimeSeparator":"","_EventTimeRangeSeparator":"","_EventOrganizerID":[],"_EventVenueID":[],"_OrganizerEmail":"","_OrganizerPhone":"","_OrganizerWebsite":"","_VenueAddress":"","_VenueCity":"","_VenueCountry":"","_VenueProvince":"","_VenueState":"","_VenueZip":"","_VenuePhone":"","_VenueURL":"","_VenueStateProvince":"","_VenueLat":"","_VenueLng":"","_VenueShowMap":false,"_VenueShowMapLink":false,"twitterCardType":"","cardImageID":0,"cardImage":"","cardTitle":"","cardDesc":"","cardImageAlt":"","cardPlayer":"","cardPlayerWidth":0,"cardPlayerHeight":0,"cardPlayerStream":"","cardPlayerCodec":"","footnotes":""},"categories":[7],"tags":[21832],"class_list":["post-324580","post","type-post","status-publish","format-standard","has-post-thumbnail","hentry","category-recenze","tag-literarni-kavarna"],"acf":{"related_products":null},"_links":{"self":[{"href":"https:\/\/www.luxor.cz\/blog\/wp-json\/wp\/v2\/posts\/324580","targetHints":{"allow":["GET"]}}],"collection":[{"href":"https:\/\/www.luxor.cz\/blog\/wp-json\/wp\/v2\/posts"}],"about":[{"href":"https:\/\/www.luxor.cz\/blog\/wp-json\/wp\/v2\/types\/post"}],"author":[{"embeddable":true,"href":"https:\/\/www.luxor.cz\/blog\/wp-json\/wp\/v2\/users\/2"}],"replies":[{"embeddable":true,"href":"https:\/\/www.luxor.cz\/blog\/wp-json\/wp\/v2\/comments?post=324580"}],"version-history":[{"count":0,"href":"https:\/\/www.luxor.cz\/blog\/wp-json\/wp\/v2\/posts\/324580\/revisions"}],"wp:featuredmedia":[{"embeddable":true,"href":"https:\/\/www.luxor.cz\/blog\/wp-json\/wp\/v2\/media\/324581"}],"wp:attachment":[{"href":"https:\/\/www.luxor.cz\/blog\/wp-json\/wp\/v2\/media?parent=324580"}],"wp:term":[{"taxonomy":"category","embeddable":true,"href":"https:\/\/www.luxor.cz\/blog\/wp-json\/wp\/v2\/categories?post=324580"},{"taxonomy":"post_tag","embeddable":true,"href":"https:\/\/www.luxor.cz\/blog\/wp-json\/wp\/v2\/tags?post=324580"}],"curies":[{"name":"wp","href":"https:\/\/api.w.org\/{rel}","templated":true}]}}