{"id":324576,"date":"2024-05-16T10:00:33","date_gmt":"2024-05-16T08:00:33","guid":{"rendered":"https:\/\/www.luxor.cz\/blog\/nezarazene\/64109-pavel-kosatik-bedrich-smetana\/"},"modified":"2024-05-16T10:00:33","modified_gmt":"2024-05-16T08:00:33","slug":"64109-pavel-kosatik-bedrich-smetana","status":"publish","type":"post","link":"https:\/\/www.luxor.cz\/blog\/recenze\/64109-pavel-kosatik-bedrich-smetana\/","title":{"rendered":"Pavel Kosat\u00edk: Bed\u0159ich Smetana"},"content":{"rendered":"<p style=\"font-weight: 400;\">Kniha p\u0159edstavuje jednoho z\u00a0na\u0161ich nejzn\u00e1m\u011bj\u0161\u00edch skladatel\u016f jako nadan\u00e9ho hudebn\u00edka, dnes ji\u017e sv\u011btov\u00e9ho form\u00e1tu, kter\u00e9ho ale v\u00a0\u017eivot\u011b neminuly r\u016fzn\u00e9 vzestupy a p\u00e1dy.<\/p>\n<p style=\"font-weight: 400;\">Pavel Kosat\u00edk je velmi zku\u0161en\u00fdm autorem, co se psan\u00ed biografi\u00ed t\u00fd\u010de. Z\u00a0jeho ruky jich vze\u0161lo ji\u017e mnoho, nap\u0159\u00edklad o T.G. Masarykovi, jeho synovi Janovi, napsal ale tak\u00e9 t\u0159eba \u017eivotopis Olgy Havlov\u00e9 nebo V\u011bry \u010c\u00e1slavsk\u00e9 a \u0159adu dal\u0161\u00edch. Jeho styl je specifick\u00fd a obohacuj\u00edc\u00ed. Dok\u00e1\u017ee v\u00e1m zn\u00e1mou osobnost uk\u00e1zat nejen jako \u010dlov\u011bka z\u00a0masa a kost\u00ed, ale tak\u00e9 v\u00a0kontextu d\u011bjin a spole\u010densk\u00fdch n\u00e1lad dan\u00e9 doby.<\/p>\n<p style=\"font-weight: 400;\">Postupn\u011b se tak p\u0159ed v\u00e1mi odv\u00edj\u00ed \u017eivot Bed\u0159icha Smetany od jeho d\u011btstv\u00ed, kdy se narodil do miluj\u00edc\u00ed rodiny, kter\u00e1 ho podporovala. I p\u0159esto ale t\u00edhnul v\u00edce k\u00a0hudb\u011b ne\u017e k\u00a0u\u010den\u00ed a otec ho musel nutit k\u00a0lep\u0161\u00edm studijn\u00edm v\u00fdsledk\u016fm a \u010dasto i m\u011bnit gymn\u00e1zium, jen aby syn dostudoval. Nicm\u00e9n\u011b nesporn\u00fd talent a p\u00edle mlad\u00e9ho mu\u017ee z\u0159ejm\u011b otce p\u0159esv\u011bd\u010dily o tom, \u017ee m\u00e1 cenu syna podporovat, pokud to bylo jen v\u00a0jeho mo\u017enostech. Franti\u0161ek Smetana, kter\u00fd byl sl\u00e1dkem a va\u0159il pivo nejprve u \u0161lechty, ale postupn\u011b se vypracoval a\u017e na svobodn\u011b funguj\u00edc\u00edho, se spole\u010dn\u011b se svou druhou \u017eenou Barborou, matkou Smetany, sna\u017eili, aby rodina v\u017edy dr\u017eela p\u0159i sob\u011b.<\/p>\n<p style=\"font-weight: 400;\">Doba, ve kter\u00e9 Bed\u0159ich Smetana vyr\u016fstal a rozv\u00edjel sv\u00e9 nad\u00e1n\u00ed, byla d\u00edky ob\u010dansk\u00fdm revoluc\u00edm a celkov\u00e9mu p\u0159erodu bohat\u00e1 na politick\u00e9 ud\u00e1losti a skladatel se postupn\u011b m\u011bnil spolu s\u00a0n\u00ed. Ze zprvu nad\u0161en\u00e9ho nadan\u00e9ho chlapce, kter\u00fd skl\u00e1d\u00e1 r\u016fzn\u00e9 polky pro radost a tou\u017e\u00ed po ocen\u011bn\u00ed u d\u00edvek, se st\u00e1v\u00e1 sebev\u011bdom\u00fd mu\u017e, kter\u00fd se ji\u017e nesna\u017e\u00ed oblouznit \u017eeny nebo vyhov\u011bt r\u016fzn\u00fdm zadavatel\u016fm \u010di mecen\u00e1\u0161\u016fm. Naopak na sc\u00e9nu pomalu p\u0159ich\u00e1z\u00ed skladatel tv\u016frce, kter\u00fd skrze sv\u016fj vnit\u0159n\u00ed sv\u011bt ukazuje d\u011bn\u00ed doby. Tento p\u0159\u00edstup je v\u00a0t\u00e9 dob\u011b nov\u00e1torsk\u00fd, a ne v\u0161echny skladby, kter\u00e9 skladatel vytvo\u0159il, se hned setkaly s\u00a0pochopen\u00edm u ve\u0159ejnosti.<\/p>\n<p style=\"font-weight: 400;\">Kniha p\u0159edstavuje \u017eivot Bed\u0159icha Smetany se v\u0161emi ud\u00e1lostmi, kter\u00e9 ovlivnily jeho \u017eivot a d\u00edlo. Prol\u00edn\u00e1 se zde soukrom\u00fd \u017eivot s\u00a0profesn\u00edm, proto\u017ee se ovliv\u0148uj\u00ed navz\u00e1jem a odr\u00e1\u017eej\u00ed se i ve skladatelov\u011b d\u00edle. Smetana najde sv\u00e9 \u0161t\u011bst\u00ed postupn\u011b v\u00a0n\u00e1ru\u010d\u00edch r\u016fzn\u00fdch \u017een. O prvn\u00ed man\u017eelku Kate\u0159inu Kol\u00e1\u0159ovou ov\u0161em musel velmi dlouho usilovat a spole\u010dn\u011b zplodili celkem \u010dty\u0159i dcery, z\u00a0nich\u017e se dosp\u011blosti do\u017eila jen jedin\u00e1. Po smrti prvn\u00ed \u017eeny se o\u017eenil znovu a m\u011bl je\u0161t\u011b dal\u0161\u00ed dcery. Ne\u017e se stal v\u0161eobecn\u011b uzn\u00e1van\u00fdm, za\u010dal jako majitel hudebn\u00ed \u0161koly, co\u017e rodinu velmi slu\u0161n\u011b u\u017eivilo. Ka\u017edop\u00e1dn\u011b to byl velmi pracovit\u00fd \u010dlov\u011bk, kter\u00fd krom\u011b hudby miloval \u0161kub\u00e1nky a svoji rodinu.<\/p>\n<p style=\"font-weight: 400;\">Nebudu zde popisovat obs\u00e1hlou knihu, kter\u00e1 mapuje cel\u00fd \u017eivot tohoto v\u0161eobecn\u011b zn\u00e1m\u00e9ho um\u011blce, ale rozhodn\u011b bych ka\u017ed\u00e9mu, kdo m\u00e1 r\u00e1d a\u0165 u\u017e hudbu nebo historii, anebo oboj\u00ed, doporu\u010dila si tuto velmi p\u016fsobiv\u011b zpracovanou biografii p\u0159e\u010d\u00edst. Krom\u011b mnoha zaj\u00edmavost\u00ed ze skladatelova \u017eivota, fotografi\u00ed a historick\u00e9ho d\u011bn\u00ed, se zde dostanete k\u00a0podstat\u011b jeho d\u011bl a ud\u00e1lostem, kter\u00e9 ho k\u00a0jejich vzniku inspirovaly. Rozhodn\u011b budete m\u00edt chu\u0165 si poslechnout n\u011bkter\u00e9 ze Smetanov\u00fdch skladeb nebo od i hudbu jin\u00fdch skladatel\u016f, o kter\u00fdch se Pavel Kosat\u00edk v\u00a0knize zmi\u0148uje. \u017divotopis je napsan\u00fd velmi poutav\u011b a podrobn\u011b, ukazuje kr\u00e1su Smetanovy hudby a podle m\u00e9ho n\u00e1zoru ani n\u00e1ro\u010dn\u00e9ho \u010dten\u00e1\u0159e rozhodn\u011b nezklame.<\/p>\n<p style=\"font-weight: 400;\">\u00a0<\/p>\n<p style=\"font-weight: 400;\">\u00a0<\/p>\n<p style=\"font-weight: 400;\">Zuzana Erbenov\u00e1<\/p>\n<p>Autor:\u00a0Zuzana Erbenov\u00e1<\/p>\n","protected":false},"excerpt":{"rendered":"<p>Modern\u011b pojat\u00fd \u017eivotopis Bed\u0159icha Smetany ukazuje kr\u00e1su hudby a zaj\u00edmav\u00fd \u017eivot skladatele.<\/p>\n","protected":false},"author":2,"featured_media":324577,"comment_status":"open","ping_status":"open","sticky":false,"template":"","format":"standard","meta":{"_acf_changed":false,"_monsterinsights_skip_tracking":false,"_monsterinsights_sitenote_active":false,"_monsterinsights_sitenote_note":"","_monsterinsights_sitenote_category":0,"_EventAllDay":false,"_EventTimezone":"","_EventStartDate":"","_EventEndDate":"","_EventStartDateUTC":"","_EventEndDateUTC":"","_EventShowMap":false,"_EventShowMapLink":false,"_EventURL":"","_EventCost":"","_EventCostDescription":"","_EventCurrencySymbol":"","_EventCurrencyCode":"","_EventCurrencyPosition":"","_EventDateTimeSeparator":"","_EventTimeRangeSeparator":"","_EventOrganizerID":[],"_EventVenueID":[],"_OrganizerEmail":"","_OrganizerPhone":"","_OrganizerWebsite":"","_VenueAddress":"","_VenueCity":"","_VenueCountry":"","_VenueProvince":"","_VenueState":"","_VenueZip":"","_VenuePhone":"","_VenueURL":"","_VenueStateProvince":"","_VenueLat":"","_VenueLng":"","_VenueShowMap":false,"_VenueShowMapLink":false,"twitterCardType":"","cardImageID":0,"cardImage":"","cardTitle":"","cardDesc":"","cardImageAlt":"","cardPlayer":"","cardPlayerWidth":0,"cardPlayerHeight":0,"cardPlayerStream":"","cardPlayerCodec":"","footnotes":""},"categories":[7],"tags":[21832],"class_list":["post-324576","post","type-post","status-publish","format-standard","has-post-thumbnail","hentry","category-recenze","tag-literarni-kavarna"],"acf":{"related_products":null},"_links":{"self":[{"href":"https:\/\/www.luxor.cz\/blog\/wp-json\/wp\/v2\/posts\/324576","targetHints":{"allow":["GET"]}}],"collection":[{"href":"https:\/\/www.luxor.cz\/blog\/wp-json\/wp\/v2\/posts"}],"about":[{"href":"https:\/\/www.luxor.cz\/blog\/wp-json\/wp\/v2\/types\/post"}],"author":[{"embeddable":true,"href":"https:\/\/www.luxor.cz\/blog\/wp-json\/wp\/v2\/users\/2"}],"replies":[{"embeddable":true,"href":"https:\/\/www.luxor.cz\/blog\/wp-json\/wp\/v2\/comments?post=324576"}],"version-history":[{"count":0,"href":"https:\/\/www.luxor.cz\/blog\/wp-json\/wp\/v2\/posts\/324576\/revisions"}],"wp:featuredmedia":[{"embeddable":true,"href":"https:\/\/www.luxor.cz\/blog\/wp-json\/wp\/v2\/media\/324577"}],"wp:attachment":[{"href":"https:\/\/www.luxor.cz\/blog\/wp-json\/wp\/v2\/media?parent=324576"}],"wp:term":[{"taxonomy":"category","embeddable":true,"href":"https:\/\/www.luxor.cz\/blog\/wp-json\/wp\/v2\/categories?post=324576"},{"taxonomy":"post_tag","embeddable":true,"href":"https:\/\/www.luxor.cz\/blog\/wp-json\/wp\/v2\/tags?post=324576"}],"curies":[{"name":"wp","href":"https:\/\/api.w.org\/{rel}","templated":true}]}}