{"id":324574,"date":"2024-05-18T10:00:35","date_gmt":"2024-05-18T08:00:35","guid":{"rendered":"https:\/\/www.luxor.cz\/blog\/nezarazene\/64110-patras-li-v-minulosti-dej-pozor-aby-minulost-nenasla-tebe\/"},"modified":"2024-05-18T10:00:35","modified_gmt":"2024-05-18T08:00:35","slug":"64110-patras-li-v-minulosti-dej-pozor-aby-minulost-nenasla-tebe","status":"publish","type":"post","link":"https:\/\/www.luxor.cz\/blog\/recenze\/64110-patras-li-v-minulosti-dej-pozor-aby-minulost-nenasla-tebe\/","title":{"rendered":"P\u00e1tr\u00e1\u0161-li v minulosti, dej pozor, aby minulost nena\u0161la tebe"},"content":{"rendered":"<p style=\"font-weight: 400;\">Brynn se mus\u00ed vyrovnat s nemilou zpr\u00e1vou. Se sv\u00fdmi rodi\u010di a sestrou se vrac\u00ed na m\u00edsto, odkud r\u00e1da p\u0159ed lety utekla. Do m\u011bsta pln\u00e9ho star\u00fdch p\u0159\u00e1telstv\u00ed, a hlavn\u011b do tam\u011bj\u0161\u00ed zpropaden\u00e9 \u0161koly. \u017de se j\u00ed v\u016fbec nechce, to je slab\u00e9 slovo. Ale nedala by se ta katastrofa p\u0159eci jen n\u011bjak vyu\u017e\u00edt?<\/p>\n<p style=\"font-weight: 400;\">Kdy\u017e Brynn z\u00e1rove\u0148 ke sv\u00e9mu \u0161t\u011bst\u00ed z\u00edsk\u00e1 st\u00e1\u017e v Motivu, co\u017e je televizn\u00ed po\u0159ad zab\u00fdvaj\u00edc\u00ed se skute\u010dn\u00fdmi zlo\u010diny, dojde j\u00ed, \u017ee by to tak mohlo b\u00fdt. Vlivem ned\u00e1vn\u00e9ho krut\u00e9ho \u017eertu toti\u017e jej\u00ed sny o kari\u00e9\u0159e novin\u00e1\u0159ky pomalu berou za sv\u00e9 a tohle je jedin\u00e1 p\u0159\u00edle\u017eitost, jak v\u00fdvoj ud\u00e1lost\u00ed zvr\u00e1tit. Aby uk\u00e1zala, \u017ee za n\u011bco stoj\u00ed, nab\u00eddne tedy Motivu rovnou jeden p\u0159\u00edb\u011bh \u2013 p\u0159ed lety v lese za \u0161kolou svat\u00e9ho Ambro\u017ee (rozum\u011bj, to je ta zpropaden\u00e1 \u0161kola) na\u0161li zavra\u017ed\u011bn\u00e9ho u\u010ditele Larkina. A sice to tehdy hodili na potuln\u00e9ho tul\u00e1ka\u2026 Brynn tomu s odstupem \u010dasu u\u017e tolik nev\u011b\u0159\u00ed.<\/p>\n<p style=\"font-weight: 400;\">S pomoc\u00ed Motivu se rozhodne p\u00e1trat na vlastn\u00ed p\u011bst. T\u011blo u\u010ditele tenkr\u00e1t objevili t\u0159i jej\u00ed tehdej\u0161\u00ed spolu\u017e\u00e1ci. Zvl\u00e1\u0161tn\u00ed na tom je, \u017ee je nikdy nevysl\u00fdchali jako potenci\u00e1ln\u00ed pachatele, p\u0159esto\u017ee otisky jednoho z nich se objevily na vra\u017eedn\u00e9 zbrani \u2013 na kameni nalezen\u00e9m vedle t\u011bla. Co se tenkr\u00e1t v lese doopravdy stalo? A pro\u010d cel\u00e1 situace nep\u0159ipadala policii nikdy podez\u0159el\u00e1? Nebo se m\u00fdl\u00ed?<\/p>\n<p style=\"font-weight: 400;\">P\u0159\u00edpad se zpo\u010d\u00e1tku jev\u00ed jednodu\u0161e. Sta\u010d\u00ed p\u0159im\u00e1\u010dknout jednoho z on\u00e9 trojice. V\u017edy\u0165 se chovaj\u00ed tak podez\u0159ele\u2026 Pro\u010d se semkli do nerozlu\u010dn\u00e9ho tria, p\u0159esto\u017ee se nikdy p\u0159edt\u00edm nep\u0159\u00e1telili? Opravdu je spojilo trauma, nebo n\u011bco v\u00edc? V\u0161ak ona u\u017e z nich dostane, co taj\u00ed. Nebo se p\u0159ece\u0148uje? Mohlo by ji p\u00e1tr\u00e1n\u00ed zav\u00e9st na fale\u0161nou stopu? Co kdy\u017e se na to cel\u00e9 d\u00edvala \u0161patn\u011b? Ale pro\u010d j\u00ed l\u017eou, kdy\u017e se jich na ten den pt\u00e1? A i kdyby je z toho vynechala a pod\u00edvala se na p\u0159\u00edpad v jin\u00e9m sv\u011btle \u2013 koho by m\u011bla podez\u0159\u00edvat m\u00edsto nich? N\u011bkoho z bl\u00edzk\u00fdch pana Larkina? Celou \u0161kolu? Kdo by cht\u011bl ubl\u00ed\u017eit tak mil\u00e9mu a obl\u00edben\u00e9mu u\u010diteli?<\/p>\n<p style=\"font-weight: 400;\">Pak ov\u0161em dojde k dal\u0161\u00edmu \u00famrt\u00ed. Smrti n\u011bkoho, kdo kr\u00e1tkou chv\u00edli p\u0159edt\u00edm prohl\u00e1sil, \u017ee ten doty\u010dn\u00fd u\u010ditel, tak ten hajzl dostal, co si zaslou\u017eil. Co to m\u00e1 proboha znamenat? Byl snad pan Larkin n\u011bk\u00fdm jin\u00fdm, ne\u017e se zd\u00e1l? Mohly by spolu ty dv\u011b vra\u017edy souviset? Je n\u011bkdo dal\u0161\u00ed v nebezpe\u010d\u00ed?<\/p>\n<p style=\"font-weight: 400;\">Jak se vztahy v m\u011bste\u010dku nav\u00edc zamot\u00e1 prozrazen\u00ed Brynniny st\u00e1\u017ee? A co kdy\u017e Motiv nen\u00ed jedin\u00fd, kdo se o starou vra\u017edu n\u00e1hle zaj\u00edm\u00e1? Komu se d\u00e1 v\u011b\u0159it a kdo sleduje jenom sv\u00e9 vlastn\u00ed z\u00e1jmy?<\/p>\n<p style=\"font-weight: 400;\">P\u00e1tr\u00e1n\u00ed na vlastn\u00ed p\u011bst m\u016f\u017ee b\u00fdt \u2013 obzvl\u00e1\u0161t\u011b v tomto p\u0159\u00edpad\u011b \u2013 skute\u010dn\u011b po\u0159\u00e1dn\u011b nebezpe\u010dn\u00e9. A m\u016f\u017ee spustit lavinu ud\u00e1lost\u00ed, kter\u00e9 u\u017e nebudete m\u00edt pod kontrolou. Odhodlan\u00e1 Brynn si mo\u017en\u00e1 nakonec bude p\u0159\u00e1t, aby si \u017e\u00e1dnou z t\u011bchto ot\u00e1zek nikdy nepolo\u017eila. A aby p\u0159\u00edpad pana Larkina Motivu nikdy nep\u0159edala. Proto\u017ee potom by si nem\u011bla co vy\u010d\u00edtat\u2026<\/p>\n<p style=\"font-weight: 400;\">Nov\u00e1 Karen M. McManus s knihou &#8222;U\u017e ani slovo&#8220; &#8211; p\u0159\u00edb\u011bhem, kde je podez\u0159el\u00fd opravdu ka\u017ed\u00fd a kde nic nen\u00ed, jak se zd\u00e1.<\/p>\n<p style=\"font-weight: 400;\">\u00a0<\/p>\n<p style=\"font-weight: 400;\">\u00a0<\/p>\n<p style=\"font-weight: 400;\">Sacharin<\/p>\n<p>Autor:\u00a0Sacharin<\/p>\n","protected":false},"excerpt":{"rendered":"<p>Tripp, Shane a Charlotte na\u0161li p\u0159ed lety v lese mrtvolu. Shodli se, \u017ee nikdy nepromluv\u00ed o tom, co se tenkr\u00e1t doopravdy stalo. Jen\u017ee minulost v\u00e1s um\u00ed dohnat. A m\u016f\u017ee b\u00fdt po\u0159\u00e1dn\u011b nebezpe\u010dn\u00e1\u2026 Obzvl\u00e1\u0161\u0165 kdy\u017e lid\u00e9 \u0161\u0165ouraj\u00ed tam, kam by nem\u011bli\u2026<\/p>\n","protected":false},"author":2,"featured_media":324575,"comment_status":"open","ping_status":"open","sticky":false,"template":"","format":"standard","meta":{"_acf_changed":false,"_monsterinsights_skip_tracking":false,"_monsterinsights_sitenote_active":false,"_monsterinsights_sitenote_note":"","_monsterinsights_sitenote_category":0,"_EventAllDay":false,"_EventTimezone":"","_EventStartDate":"","_EventEndDate":"","_EventStartDateUTC":"","_EventEndDateUTC":"","_EventShowMap":false,"_EventShowMapLink":false,"_EventURL":"","_EventCost":"","_EventCostDescription":"","_EventCurrencySymbol":"","_EventCurrencyCode":"","_EventCurrencyPosition":"","_EventDateTimeSeparator":"","_EventTimeRangeSeparator":"","_EventOrganizerID":[],"_EventVenueID":[],"_OrganizerEmail":"","_OrganizerPhone":"","_OrganizerWebsite":"","_VenueAddress":"","_VenueCity":"","_VenueCountry":"","_VenueProvince":"","_VenueState":"","_VenueZip":"","_VenuePhone":"","_VenueURL":"","_VenueStateProvince":"","_VenueLat":"","_VenueLng":"","_VenueShowMap":false,"_VenueShowMapLink":false,"twitterCardType":"","cardImageID":0,"cardImage":"","cardTitle":"","cardDesc":"","cardImageAlt":"","cardPlayer":"","cardPlayerWidth":0,"cardPlayerHeight":0,"cardPlayerStream":"","cardPlayerCodec":"","footnotes":""},"categories":[7],"tags":[21832],"class_list":["post-324574","post","type-post","status-publish","format-standard","has-post-thumbnail","hentry","category-recenze","tag-literarni-kavarna"],"acf":{"related_products":null},"_links":{"self":[{"href":"https:\/\/www.luxor.cz\/blog\/wp-json\/wp\/v2\/posts\/324574","targetHints":{"allow":["GET"]}}],"collection":[{"href":"https:\/\/www.luxor.cz\/blog\/wp-json\/wp\/v2\/posts"}],"about":[{"href":"https:\/\/www.luxor.cz\/blog\/wp-json\/wp\/v2\/types\/post"}],"author":[{"embeddable":true,"href":"https:\/\/www.luxor.cz\/blog\/wp-json\/wp\/v2\/users\/2"}],"replies":[{"embeddable":true,"href":"https:\/\/www.luxor.cz\/blog\/wp-json\/wp\/v2\/comments?post=324574"}],"version-history":[{"count":0,"href":"https:\/\/www.luxor.cz\/blog\/wp-json\/wp\/v2\/posts\/324574\/revisions"}],"wp:featuredmedia":[{"embeddable":true,"href":"https:\/\/www.luxor.cz\/blog\/wp-json\/wp\/v2\/media\/324575"}],"wp:attachment":[{"href":"https:\/\/www.luxor.cz\/blog\/wp-json\/wp\/v2\/media?parent=324574"}],"wp:term":[{"taxonomy":"category","embeddable":true,"href":"https:\/\/www.luxor.cz\/blog\/wp-json\/wp\/v2\/categories?post=324574"},{"taxonomy":"post_tag","embeddable":true,"href":"https:\/\/www.luxor.cz\/blog\/wp-json\/wp\/v2\/tags?post=324574"}],"curies":[{"name":"wp","href":"https:\/\/api.w.org\/{rel}","templated":true}]}}