{"id":324572,"date":"2024-05-20T10:00:45","date_gmt":"2024-05-20T08:00:45","guid":{"rendered":"https:\/\/www.luxor.cz\/blog\/nezarazene\/64111-saga-waringhamu-pokracuje\/"},"modified":"2024-05-20T10:00:45","modified_gmt":"2024-05-20T08:00:45","slug":"64111-saga-waringhamu-pokracuje","status":"publish","type":"post","link":"https:\/\/www.luxor.cz\/blog\/recenze\/64111-saga-waringhamu-pokracuje\/","title":{"rendered":"S\u00e1ga Waringham\u016f pokra\u010duje"},"content":{"rendered":"<p style=\"font-weight: 400;\">Kniha navazuje na p\u0159ede\u0161l\u00fd titul <em>\u00dasm\u011bv \u0160t\u011bst\u011bny<\/em> s\u00a0t\u00edm, \u017ee tentokr\u00e1t vypr\u00e1v\u00ed p\u0159\u00edb\u011bh syn\u016f hlavn\u00edho hrdiny prvn\u00edho d\u00edlu. V\u00a0centru pozornosti se ocit\u00e1 Robin\u016fv nejmlad\u0161\u00ed syn Jan. Ten ve t\u0159in\u00e1cti letech odch\u00e1z\u00ed ke dvoru jako p\u00e1\u017ee, kde se sp\u0159\u00e1tel\u00ed s\u00a0Janem z\u00a0Beaufortu zvan\u00fdm Somerset, bratrancem kr\u00e1le Jind\u0159icha V., a Owenem Tudorem. A rovn\u011b\u017e si z\u00edsk\u00e1 p\u0159\u00edze\u0148 kardin\u00e1la Jind\u0159icha Beauforta.<\/p>\n<p style=\"font-weight: 400;\">Jeliko\u017e se p\u0159\u00edb\u011bh odehr\u00e1v\u00e1 na konci stolet\u00e9 v\u00e1lky, do\u010dk\u00e1me se v\u00a0n\u011bm i mnoha bitev. Nejv\u00fdznamn\u011bj\u0161\u00ed z\u00a0nich je bitva u Azincourtu z\u00a025. \u0159\u00edjna 1415, po n\u00ed\u017e kr\u00e1l pasuje Jana na ryt\u00ed\u0159e. A jak u\u017e historie znal\u00ed \u010dten\u00e1\u0159i jist\u011b tu\u0161\u00ed, v\u00a0knize se objevuje i slavn\u00e1 Johanka z\u00a0Arku, a to v\u00a0netradi\u010dn\u00edm pod\u00e1n\u00ed \u2013 z\u00a0anglick\u00e9 perspektivy. Nen\u00ed tedy vykreslena jako ctnostn\u00e1 hrdinka a sv\u011btice, ale sp\u00ed\u0161e jako fanatick\u00e1 a bezohledn\u00e1 osoba se selektivn\u00edm vn\u00edm\u00e1n\u00edm skute\u010dnosti.<\/p>\n<p style=\"font-weight: 400;\">Ale zp\u011bt k\u00a0p\u0159\u00edb\u011bhu. Jan je ve v\u00e1lce zajat a mu\u010den, co\u017e ho do budoucna poznamen\u00e1 nejen fyzicky, ale i psychicky, kdy je n\u011bjak\u00fd \u010das zaslepen\u00fd touhou po pomst\u011b. Rodinn\u00e9 s\u00eddlo p\u0159ipadlo jeho star\u0161\u00edmu bratru Raymondovi, sukni\u010dk\u00e1\u0159i a po\u017eitk\u00e1\u0159i, kter\u00fd nen\u00ed nejlep\u0161\u00edm hospod\u00e1\u0159em, pro\u010de\u017e se Jan ujme \u00falohy spr\u00e1vce a postav\u00ed s\u00eddlo znovu na nohy. O\u017een\u00ed se s\u00a0Julianou z\u00a0Wolvesey, dcerou kardin\u00e1la Beauforta, jemu\u017e vd\u011b\u010d\u00ed za sv\u00e9 osvobozen\u00ed ze zajet\u00ed, a pozd\u011bji se rovn\u011b\u017e stane osobn\u00edm str\u00e1\u017ecem a r\u00e1dcem nov\u00e9ho kr\u00e1le Jind\u0159icha VI.<\/p>\n<p style=\"font-weight: 400;\">V\u00a0knize m\u011b velmi bavilo, jak autorka dok\u00e1\u017ee propojit skute\u010dn\u00e9 ud\u00e1losti s\u00a0\u017eivoty fiktivn\u00edch postav a zkombinovat ov\u011b\u0159en\u00e1 fakta s\u00a0legendami a dobov\u00fdmi historkami, co\u017e vytv\u00e1\u0159\u00ed uv\u011b\u0159iteln\u00fd koktejl a plastick\u00fd obraz dan\u00e9 doby. Velmi m\u011b nap\u0159\u00edklad zaujala postava lady Eleanor Cobhamov\u00e9, je\u017e je v\u00a0p\u0159\u00edb\u011bhu popisov\u00e1na jako satanistka \u00fa\u010dastn\u00edc\u00ed se \u010dern\u00fdch m\u0161\u00ed a v\u0161elijak\u00fdch podivn\u00fdch ritu\u00e1l\u016f, kter\u00e9 p\u0159ekvapiv\u011b p\u0159ipom\u00ednaj\u00ed praktiky haitsk\u00e9ho v\u00fad\u00fa. A\u0165 u\u017e se podobn\u00fdch v\u011bc\u00ed \u00fa\u010dastnila, \u010di nikoli, pravdou je, \u017ee jej\u00ed odsouzen\u00ed nakonec st\u00e1lo jej\u00edho man\u017eela politickou kari\u00e9ru. Dnes se ji\u017e skute\u010dnost nedozv\u00edme, ale ur\u010dit\u011b to byla zaj\u00edmav\u00e1 d\u00e1ma, by\u0165 pochybn\u00e9 pov\u011bsti.<\/p>\n<p style=\"font-weight: 400;\">Dal\u0161\u00edm zaj\u00edmav\u00fdm a v\u00a0literatu\u0159e ne moc \u010dasto zpracov\u00e1van\u00fdm t\u00e9matem je d\u011btsk\u00e1 psychopatie. Kdy\u017e u\u017e, objevuje se to p\u0159edev\u0161\u00edm v\u00a0hororech a thrillerech, jako je nap\u0159. <em>Mus\u00edme si promluvit o Kevinovi<\/em>. Zde se v\u00e1\u017en\u00e1 porucha osobnosti projev\u00ed u jedin\u00e9ho Raymondova man\u017eelsk\u00e9ho syna, kter\u00fd se chov\u00e1 krut\u011b ke zv\u00ed\u0159at\u016fm i slou\u017e\u00edc\u00edm, a dokonce i k\u00a0vlastn\u00ed matce. Ta se sv\u00e9ho dev\u00edtilet\u00e9ho syna boj\u00ed a ze zoufalstv\u00ed se propad\u00e1 \u010d\u00edm d\u00e1l hloub\u011bji do z\u00e1vislosti na alkoholu. Toto je opravdu siln\u00e9 t\u00e9ma, o n\u011bm\u017e se m\u00e1lo mluv\u00ed a p\u00ed\u0161e, psychopaty zn\u00e1me v\u011bt\u0161inou jen jako dosp\u011bl\u00e9 mu\u017ee a \u017eeny a neuv\u011bdomujeme si, jak t\u011b\u017ek\u00e9 muselo pro jejich rodi\u010de b\u00fdt je vychov\u00e1vat, pokud se jejich sklony projevovaly u\u017e v\u00a0d\u011btstv\u00ed (v \u017eivotopisech mnoha s\u00e9riov\u00fdch vrah\u016f se nap\u0159\u00edklad do\u010dteme o krut\u00e9m zach\u00e1zen\u00ed se zv\u00ed\u0159aty), jakou bezmoc museli c\u00edtit, kdy\u017e se s\u00a0povahou jejich potomka nedalo nic ud\u011blat.<\/p>\n<p style=\"font-weight: 400;\">Kniha se jako v\u017edy \u010detla skv\u011ble. Autorka m\u00e1 \u00fa\u017easn\u00fd styl, skv\u011bl\u00e9 popisy, dialogy, \u017e\u00e1dn\u00e1 hluch\u00e1 m\u00edsta. Jakmile se za\u010dtete, nem\u016f\u017eete knihu odlo\u017eit. Dok\u00e1\u017ee skv\u011ble vystihnout dobovou atmosf\u00e9ru a p\u0159im\u011bt \u010dten\u00e1\u0159e pod\u00edvat se na postavy o\u010dima st\u0159edov\u011bk\u00fdch lid\u00ed a nikoli pohledem dne\u0161ka. Proto i mnoh\u00e9 krutosti a \u0161patnosti postav\u00e1m odpust\u00edte, nebo je berete s\u00a0nadhledem, proto\u017ee doba zkr\u00e1tka takov\u00e1 byla.<\/p>\n<p style=\"font-weight: 400;\">Co oce\u0148uji, je vysv\u011btlen\u00ed v\u00fdslovnosti jednotliv\u00fdch jmen a m\u00edst uveden\u00e9 na za\u010d\u00e1tku knihy, proto\u017ee n\u011bkter\u00e1 jm\u00e9na se opravdu vyslovuj\u00ed \u00fapln\u011b jinak, ne\u017e bychom \u010dekali nebo jsme zvykl\u00ed sl\u00fdchat z\u00a0historick\u00fdch seri\u00e1l\u016f. Rovn\u011b\u017e se mi l\u00edb\u00ed text o historick\u00fdch osob\u00e1ch v\u00a0doslovu a p\u0159ilo\u017een\u00fd rodokmen rodu Lancaster\u016f, a\u010dkoli bych, vzhledem k\u00a0ji\u017e v\u00a0t\u00e9to knize patrn\u00fdm antipati\u00edm mezi potomky kr\u00e1le Eduarda III., uv\u00edtala i rodokmen rodu York\u016f, proto\u017ee jejich spory vy\u00fast\u00ed ve V\u00e1lku r\u016f\u017e\u00ed, ji\u017e n\u00e1m p\u0159inese dal\u0161\u00ed d\u00edl, na kter\u00fd se u\u017e nyn\u00ed moc t\u011b\u0161\u00edm.<\/p>\n<p style=\"font-weight: 400;\">Jedin\u00e9 tak, co mohu knize vytknout, je obrovsk\u00e9 mno\u017estv\u00ed p\u0159eklep\u016f. Je \u0161koda, \u017ee tak kr\u00e1sn\u00e1 kniha trp\u00ed \u0161patnou korekturou, co\u017e se bohu\u017eel u\u017e skoro st\u00e1v\u00e1 normou. Ka\u017edop\u00e1dn\u011b ale knihu v\u0159ele doporu\u010duji!<\/p>\n<p style=\"font-weight: 400;\">\u00a0<\/p>\n<p style=\"font-weight: 400;\">\u00a0<\/p>\n<p style=\"font-weight: 400;\">Petra Kamlachov\u00e1<\/p>\n<p>Autor:\u00a0Petra Kamlachov\u00e1<\/p>\n","protected":false},"excerpt":{"rendered":"<p>Kr\u00e1lovna historick\u00fdch rom\u00e1n\u016f Rebecca Gabl\u00e9 p\u0159ich\u00e1z\u00ed s\u00a0druhou \u010d\u00e1st\u00ed pl\u00e1novan\u00e9 trilogie o rodu Waringham\u016f s\u00a0n\u00e1zvem Str\u00e1\u017eci r\u016f\u017ee<em>.<\/em><\/p>\n","protected":false},"author":2,"featured_media":324573,"comment_status":"open","ping_status":"open","sticky":false,"template":"","format":"standard","meta":{"_acf_changed":false,"_monsterinsights_skip_tracking":false,"_monsterinsights_sitenote_active":false,"_monsterinsights_sitenote_note":"","_monsterinsights_sitenote_category":0,"_EventAllDay":false,"_EventTimezone":"","_EventStartDate":"","_EventEndDate":"","_EventStartDateUTC":"","_EventEndDateUTC":"","_EventShowMap":false,"_EventShowMapLink":false,"_EventURL":"","_EventCost":"","_EventCostDescription":"","_EventCurrencySymbol":"","_EventCurrencyCode":"","_EventCurrencyPosition":"","_EventDateTimeSeparator":"","_EventTimeRangeSeparator":"","_EventOrganizerID":[],"_EventVenueID":[],"_OrganizerEmail":"","_OrganizerPhone":"","_OrganizerWebsite":"","_VenueAddress":"","_VenueCity":"","_VenueCountry":"","_VenueProvince":"","_VenueState":"","_VenueZip":"","_VenuePhone":"","_VenueURL":"","_VenueStateProvince":"","_VenueLat":"","_VenueLng":"","_VenueShowMap":false,"_VenueShowMapLink":false,"twitterCardType":"","cardImageID":0,"cardImage":"","cardTitle":"","cardDesc":"","cardImageAlt":"","cardPlayer":"","cardPlayerWidth":0,"cardPlayerHeight":0,"cardPlayerStream":"","cardPlayerCodec":"","footnotes":""},"categories":[7],"tags":[21832],"class_list":["post-324572","post","type-post","status-publish","format-standard","has-post-thumbnail","hentry","category-recenze","tag-literarni-kavarna"],"acf":{"related_products":null},"_links":{"self":[{"href":"https:\/\/www.luxor.cz\/blog\/wp-json\/wp\/v2\/posts\/324572","targetHints":{"allow":["GET"]}}],"collection":[{"href":"https:\/\/www.luxor.cz\/blog\/wp-json\/wp\/v2\/posts"}],"about":[{"href":"https:\/\/www.luxor.cz\/blog\/wp-json\/wp\/v2\/types\/post"}],"author":[{"embeddable":true,"href":"https:\/\/www.luxor.cz\/blog\/wp-json\/wp\/v2\/users\/2"}],"replies":[{"embeddable":true,"href":"https:\/\/www.luxor.cz\/blog\/wp-json\/wp\/v2\/comments?post=324572"}],"version-history":[{"count":0,"href":"https:\/\/www.luxor.cz\/blog\/wp-json\/wp\/v2\/posts\/324572\/revisions"}],"wp:featuredmedia":[{"embeddable":true,"href":"https:\/\/www.luxor.cz\/blog\/wp-json\/wp\/v2\/media\/324573"}],"wp:attachment":[{"href":"https:\/\/www.luxor.cz\/blog\/wp-json\/wp\/v2\/media?parent=324572"}],"wp:term":[{"taxonomy":"category","embeddable":true,"href":"https:\/\/www.luxor.cz\/blog\/wp-json\/wp\/v2\/categories?post=324572"},{"taxonomy":"post_tag","embeddable":true,"href":"https:\/\/www.luxor.cz\/blog\/wp-json\/wp\/v2\/tags?post=324572"}],"curies":[{"name":"wp","href":"https:\/\/api.w.org\/{rel}","templated":true}]}}