{"id":324570,"date":"2024-05-22T10:00:53","date_gmt":"2024-05-22T08:00:53","guid":{"rendered":"https:\/\/www.luxor.cz\/blog\/nezarazene\/64115-kdyz-ti-zivot-rozda-spatne-karty\/"},"modified":"2024-05-22T10:00:53","modified_gmt":"2024-05-22T08:00:53","slug":"64115-kdyz-ti-zivot-rozda-spatne-karty","status":"publish","type":"post","link":"https:\/\/www.luxor.cz\/blog\/recenze\/64115-kdyz-ti-zivot-rozda-spatne-karty\/","title":{"rendered":"Kdy\u017e ti \u017eivot rozd\u00e1 \u0161patn\u00e9 karty\u2026"},"content":{"rendered":"<p style=\"font-weight: 400;\">Andrea m\u011bla t\u011b\u017ek\u00e9 d\u011btstv\u00ed. Vyr\u016fstala v chud\u00fdch pom\u011brech na rozpadaj\u00edc\u00ed se farm\u011b.\u00a0 Ot\u010d\u00edm byl dominantn\u00ed \u010dlov\u011bk, kter\u00fd nikdy ne\u0161el pro r\u00e1nu daleko. Jej\u00ed vlastn\u00ed matka byla zcela pod jeho vlivem a na Andrejce j\u00ed ani za m\u00e1k nez\u00e1le\u017eelo. Jej\u00ed jedinou sp\u0159\u00edzn\u011bnou du\u0161\u00ed byla babi\u010dka, u kter\u00e9 na\u0161la \u00fato\u010di\u0161t\u011b, kdy\u017e studovala st\u0159edn\u00ed \u0161kolu. Za sv\u016fj p\u016fvod se Andrejka velmi styd\u00ed a nikdy o sv\u00e9m d\u011btstv\u00ed nemluv\u00ed.<\/p>\n<p style=\"font-weight: 400;\">Kdy\u017e j\u00ed do \u017eivota vstoup\u00ed Ben, jej\u00ed spolu\u017e\u00e1k, v\u0161e se obrac\u00ed k lep\u0161\u00edmu. D\u00e1 j\u00ed to, co dosud nepoznala. L\u00e1sku, podporu a pevn\u00e9 rodinn\u00e9 z\u00e1zem\u00ed. Brzy po svatb\u011b se mohou radovat z vlastn\u00edch d\u011bt\u00ed, a proto\u017ee Ben je hasi\u010d, spoustu \u010dasu tr\u00e1v\u00ed mimo domov. Andrejce pom\u00e1haj\u00ed jeho rodi\u010de, Richard a Miriam. Miluj\u00edc\u00ed lid\u00e9, kte\u0159\u00ed jsou ochotni v\u017edy d\u011bti pohl\u00eddat a usnadnit Andrejce \u017eivot tak, aby se mohla v\u011bnovat i sv\u00e9 dal\u0161\u00ed l\u00e1sce, a tou je um\u011bn\u00ed.<\/p>\n<p style=\"font-weight: 400;\">Ben sv\u00e9 povol\u00e1n\u00ed hasi\u010de miluje. V\u017edy cht\u011bl b\u00fdt hrdinou a pom\u00e1hat tam, kde se \u0161t\u011bst\u00ed oto\u010dilo k lidem z\u00e1dy. Jen zapomn\u011bl na to, \u017ee i hrdinstv\u00ed m\u00e1 sv\u00e9 temn\u00e9 str\u00e1nky. \u017de kdy\u017e n\u011bkomu zachr\u00e1n\u00ed\u0161 \u017eivot, m\u016f\u017ee to znamenat, \u017ee dal\u0161\u00edmu ho rozbije\u0161 na tis\u00edce mal\u00fdch kousk\u016f. A s takov\u00fdm osudem se bude muset Andrejka vypo\u0159\u00e1dat. V jej\u00edm \u017eivot\u011b nastane dal\u0161\u00ed velk\u00fd zlom, kter\u00fd ji sraz\u00ed na kolena. Ale mus\u00ed fungovat d\u00e1l. M\u00e1 t\u0159i d\u011bti, kter\u00e9 ji pot\u0159ebuj\u00ed\u2026<\/p>\n<p style=\"font-weight: 400;\">Od sv\u00e9ho tr\u00e1pen\u00ed n\u011bkdy ut\u00edk\u00e1 k um\u011bn\u00ed. Sv\u00e9 pocity, \u00fazkosti, strach, ale i l\u00e1sku a odvahu p\u0159enese na pl\u00e1tno. Ani\u017e by to p\u0159edem pl\u00e1novala, v\u0161echny jej\u00ed malby spojuje do jednoho celku stejn\u00e1 \u010derven\u00e1 linka, kter\u00e1 se t\u00e1hne uprost\u0159ed ka\u017ed\u00e9ho z obraz\u016f. Vypad\u00e1 jako kabbalah \u2013 \u010derven\u00e9 n\u00e1ramky p\u0159\u00e1telstv\u00ed.<\/p>\n<p style=\"font-weight: 400;\"><strong><em>\u201cN\u00e1ramky p\u0159\u00e1telstv\u00ed p\u0159ipom\u00ednaj\u00ed siln\u00e9 pouto sd\u00edlen\u00e9 mezi d\u00e1rcem a p\u0159\u00edjemcem. V ka\u017ed\u00e9 kultu\u0159e \u010derven\u00e9 n\u00e1ramky znamenaj\u00ed s\u00edlu, ochranu a \u0161t\u011bst\u00ed. Podle star\u00e9 \u010d\u00ednsk\u00e9 legendy tyto n\u00e1ramky znamenaj\u00ed nevyhnuteln\u00fd osud mezi dv\u011bma lidmi, kte\u0159\u00ed jsou p\u0159edur\u010den\u00ed b\u00fdt spolu. Je dobr\u00e9 jeden z t\u011bchto n\u00e1ramk\u016f ponechat pro sebe a ten druh\u00fd darovat n\u011bkomu, koho pova\u017eujete za zvl\u00e1\u0161tn\u00edho p\u0159\u00edtele. Nemus\u00ed to b\u00fdt osoba, kterou zn\u00e1te nejd\u00e9le, ale osoba, kter\u00e1 tu je kv\u016fli v\u00e1m.\u201d<\/em><\/strong><strong><em>\u00a0<\/em><\/strong><\/p>\n<p style=\"font-weight: 400;\">Jak se popasuje Andrejka se sv\u00fdm \u017eivotem? Kdo j\u00ed bude st\u00e1t v\u017edy po boku, na koho se m\u016f\u017ee spolehnout a kdo z nich je jej\u00ed sp\u0159\u00edzn\u011bn\u00e1 osoba? Kolik t\u011b\u017ekost\u00ed v \u017eivot\u011b zakus\u00ed nejen ona, ale i jej\u00ed p\u0159\u00e1tel\u00e9 a rodina? To v\u0161e n\u00e1m odkryje p\u0159\u00edb\u011bh tak oby\u010dejn\u00fd, a p\u0159itom tak jedine\u010dn\u00fd. Je ps\u00e1n p\u0159irozen\u011b a jednodu\u0161e, \u017ee m\u00e1me pocit jako by n\u00e1m ho vypr\u00e1v\u011bla p\u0159\u00edtelkyn\u011b u sklenice v\u00edna. Je sice pln\u00fd bolesti, ale tak\u00e9 neskute\u010dn\u00e9 s\u00edly j\u00edt \u017eivotem d\u00e1l a rv\u00e1t se s t\u00edm, co osud nachyst\u00e1. V\u017edycky je nad\u011bje, \u017ee budeme op\u011bt \u0161\u0165astn\u00ed.<\/p>\n<p style=\"font-weight: 400;\">\u00a0<\/p>\n<p style=\"font-weight: 400;\">\u00a0<\/p>\n<p style=\"font-weight: 400;\">Mark\u00e9ta Posp\u00ed\u0161ilov\u00e1\u00a0\u00a0<\/p>\n<p>Autor:\u00a0Mark\u00e9ta Posp\u00ed\u0161ilov\u00e1\u00a0\u00a0<\/p>\n","protected":false},"excerpt":{"rendered":"<p>Kolik bolesti a ztr\u00e1t dok\u00e1\u017ee un\u00e9st jedna oby\u010dejn\u00e1 lidsk\u00e1 du\u0161e? T\u011b\u017ek\u00fd \u017eivotn\u00ed p\u0159\u00edb\u011bh mlad\u00e9 \u017eeny, se kterou se osud rozhodn\u011b nemazlil.<\/p>\n","protected":false},"author":2,"featured_media":324571,"comment_status":"open","ping_status":"open","sticky":false,"template":"","format":"standard","meta":{"_acf_changed":false,"_monsterinsights_skip_tracking":false,"_monsterinsights_sitenote_active":false,"_monsterinsights_sitenote_note":"","_monsterinsights_sitenote_category":0,"_EventAllDay":false,"_EventTimezone":"","_EventStartDate":"","_EventEndDate":"","_EventStartDateUTC":"","_EventEndDateUTC":"","_EventShowMap":false,"_EventShowMapLink":false,"_EventURL":"","_EventCost":"","_EventCostDescription":"","_EventCurrencySymbol":"","_EventCurrencyCode":"","_EventCurrencyPosition":"","_EventDateTimeSeparator":"","_EventTimeRangeSeparator":"","_EventOrganizerID":[],"_EventVenueID":[],"_OrganizerEmail":"","_OrganizerPhone":"","_OrganizerWebsite":"","_VenueAddress":"","_VenueCity":"","_VenueCountry":"","_VenueProvince":"","_VenueState":"","_VenueZip":"","_VenuePhone":"","_VenueURL":"","_VenueStateProvince":"","_VenueLat":"","_VenueLng":"","_VenueShowMap":false,"_VenueShowMapLink":false,"twitterCardType":"","cardImageID":0,"cardImage":"","cardTitle":"","cardDesc":"","cardImageAlt":"","cardPlayer":"","cardPlayerWidth":0,"cardPlayerHeight":0,"cardPlayerStream":"","cardPlayerCodec":"","footnotes":""},"categories":[7],"tags":[21832],"class_list":["post-324570","post","type-post","status-publish","format-standard","has-post-thumbnail","hentry","category-recenze","tag-literarni-kavarna"],"acf":{"related_products":null},"_links":{"self":[{"href":"https:\/\/www.luxor.cz\/blog\/wp-json\/wp\/v2\/posts\/324570","targetHints":{"allow":["GET"]}}],"collection":[{"href":"https:\/\/www.luxor.cz\/blog\/wp-json\/wp\/v2\/posts"}],"about":[{"href":"https:\/\/www.luxor.cz\/blog\/wp-json\/wp\/v2\/types\/post"}],"author":[{"embeddable":true,"href":"https:\/\/www.luxor.cz\/blog\/wp-json\/wp\/v2\/users\/2"}],"replies":[{"embeddable":true,"href":"https:\/\/www.luxor.cz\/blog\/wp-json\/wp\/v2\/comments?post=324570"}],"version-history":[{"count":0,"href":"https:\/\/www.luxor.cz\/blog\/wp-json\/wp\/v2\/posts\/324570\/revisions"}],"wp:featuredmedia":[{"embeddable":true,"href":"https:\/\/www.luxor.cz\/blog\/wp-json\/wp\/v2\/media\/324571"}],"wp:attachment":[{"href":"https:\/\/www.luxor.cz\/blog\/wp-json\/wp\/v2\/media?parent=324570"}],"wp:term":[{"taxonomy":"category","embeddable":true,"href":"https:\/\/www.luxor.cz\/blog\/wp-json\/wp\/v2\/categories?post=324570"},{"taxonomy":"post_tag","embeddable":true,"href":"https:\/\/www.luxor.cz\/blog\/wp-json\/wp\/v2\/tags?post=324570"}],"curies":[{"name":"wp","href":"https:\/\/api.w.org\/{rel}","templated":true}]}}