{"id":324566,"date":"2024-05-26T10:00:25","date_gmt":"2024-05-26T08:00:25","guid":{"rendered":"https:\/\/www.luxor.cz\/blog\/nezarazene\/64117-tri-divky-kazda-je-jina-presto-maji-jedno-spolecne\/"},"modified":"2024-05-26T10:00:25","modified_gmt":"2024-05-26T08:00:25","slug":"64117-tri-divky-kazda-je-jina-presto-maji-jedno-spolecne","status":"publish","type":"post","link":"https:\/\/www.luxor.cz\/blog\/recenze\/64117-tri-divky-kazda-je-jina-presto-maji-jedno-spolecne\/","title":{"rendered":"T\u0159i d\u00edvky. Ka\u017ed\u00e1 je jin\u00e1. P\u0159esto maj\u00ed jedno spole\u010dn\u00e9."},"content":{"rendered":"<div>\n<p class=\"Standard\">Hanna, osi\u0159el\u00e1 po smrti sv\u00e9 milovan\u00e9 matky, se ocit\u00e1 v Berl\u00edn\u011b u sv\u00e9 autoritativn\u00ed a bohat\u00e9 tety Charlotty a str\u00fdce Otty, kte\u0159\u00ed vid\u00ed v Hitlerovi sv\u00e9ho spasitele. Zat\u00edmco Hanna nebyla zvykl\u00e1 na \u017eivot pln\u00fd presti\u017ee, nyn\u00ed je obklopena nov\u00fdmi \u0161aty a \u0161perky, kter\u00e9 jsou odm\u011bnou za poslu\u0161nost. Je nucena spole\u010densky se st\u00fdkat pouze s vybranou a bohatou spole\u010dnost\u00ed, co\u017e pro ni p\u0159edstavuje obrovskou zm\u011bnu. Nov\u00e9 prost\u0159ed\u00ed, ciz\u00ed p\u0159\u00edbuzn\u00ed, nezn\u00e1m\u00e1 \u0161kola \u2013 to v\u0161e je pro Hannu p\u0159\u00edli\u0161. Na\u0161t\u011bst\u00ed se j\u00ed v prvn\u00ed den ve \u0161kole dostane podpory od nov\u00e9 kamar\u00e1dky Klary.<\/p>\n<\/div>\n<div>\n<p class=\"Standard\">Klara, d\u00edvka poch\u00e1zej\u00edc\u00ed z bohat\u00e9 rodiny, \u010del\u00ed tlaku sv\u00fdch rodi\u010d\u016f, aby se provdala za vysok\u00e9ho d\u016fstojn\u00edka SS, co\u017e je osud, kter\u00fd sd\u00edl\u00ed i Hanna pod vlivem sv\u00e9 ambici\u00f3zn\u00ed tety Charlotty. Hanna a Klara jsou uv\u011bzn\u011bny v p\u0159\u00edkazech nov\u00e9ho re\u017eimu, kter\u00fd po n\u00e1stupu Hitlera k moci diktuje pravidla po cel\u00e9m N\u011bmecku. Jejich jedin\u00fdm \u00fakolem je v\u00fdhodn\u00e1 s\u0148atkov\u00e1 politika.<\/p>\n<\/div>\n<div>\n<p class=\"Standard\">Tilde, kter\u00e1 je nap\u016fl \u017didovka, vede spolu se svou matkou obchod s l\u00e1tkami a \u0161ije pro Kla\u0159inu rodinu. Jej\u00ed otec je opustil, aby si zachr\u00e1nil reputaci a praxi. Otec byl N\u011bmec a matka \u017didovka. V dob\u011b, kdy byl Hitler u moci, bylo man\u017eelstv\u00ed mezi N\u011bmcem a \u017didovkou tvrd\u011b trest\u00e1no. Tilde se sna\u017e\u00ed chr\u00e1nit svou matku v nebezpe\u010dn\u00e9m prost\u0159ed\u00ed nacistick\u00e9ho N\u011bmecka a z\u00edskat pro ni v\u00fdjezdn\u00ed povolen\u00ed do Ameriky, co\u017e je v t\u00e9 dob\u011b velmi obt\u00ed\u017en\u00e9. Situace se je\u0161t\u011b v\u00edce komplikuje, kdy\u017e Tilde z\u016fstane sama a t\u011bhotn\u00e1.<\/p>\n<\/div>\n<div>\n<p class=\"Standard\">Osudy t\u011bchto t\u0159\u00ed d\u00edvek se propl\u00e9taj\u00ed v temn\u00fdch \u010dasech, kdy byl Hitler pova\u017eov\u00e1n za nejvy\u0161\u0161\u00ed autoritu a jak\u00fdkoliv odpor proti n\u011bmu byl krut\u011b potla\u010den. P\u0159\u00edb\u011bh odhaluje, jak byly \u017eivoty lid\u00ed ovlivn\u011bny politick\u00fdmi silami t\u00e9 doby a jak museli \u010delit n\u00e1ro\u010dn\u00fdm rozhodnut\u00edm bez mo\u017enosti volby.<\/p>\n<\/div>\n<div>\n<p class=\"Standard\">A jak\u00e9 bylo v t\u00e9 dob\u011b postaven\u00ed \u017eeny v nacistick\u00e9m N\u011bmecku? Nacistick\u00e1 ideologie pova\u017eovala \u017eeny za z\u00e1kladn\u00ed k\u00e1men spole\u010dnosti, ale z\u00e1rove\u0148 je omezila na roli man\u017eelky, matky a hospodyn\u011b, co\u017e bylo zvl\u00e1\u0161t\u011b v\u00fdrazn\u00e9 u \u017een z vy\u0161\u0161\u00edch vrstev a rodin d\u016fstojn\u00edk\u016f. \u017dena m\u011bla b\u00fdt ozdobou sv\u00e9ho mu\u017ee, moc nemluvit, vyjad\u0159ovat se jen tak, aby to bylo vhodn\u00e9, nem\u00edt sama \u017e\u00e1dn\u00e9 ambice a starat se jen o rodinu.<\/p>\n<\/div>\n<div>\n<p class=\"Standard\">Hanna s Klarou se ocitaj\u00ed v presti\u017en\u00ed \u0161kole pro n\u011bmeck\u00e9 nev\u011bsty nacist\u016f, kde se maj\u00ed nau\u010dit, jak b\u00fdt vzornou a poslu\u0161nou man\u017eelkou a matkou bez vlastn\u00edho n\u00e1zoru.<\/p>\n<\/div>\n<div>\n<p class=\"Standard\">Tento rom\u00e1n, m\u00e1 velice siln\u00fd p\u0159\u00edb\u011bh, kter\u00fd vypr\u00e1v\u00ed o zachov\u00e1n\u00ed lidsk\u00e9 d\u016fstojnosti a svobody v dob\u011b, kdy byl strach o vlastn\u00ed existenci b\u011b\u017enou sou\u010d\u00e1st\u00ed ka\u017edodenn\u00edho \u017eivota. Zvl\u00e1\u0161t\u011b \u017did\u00e9 \u010delili neuv\u011b\u0159iteln\u00fdm hr\u016fz\u00e1m a ti, kte\u0159\u00ed m\u011bli \u0161t\u011bst\u00ed, se sna\u017eili uniknout p\u0159ed nacistick\u00fdm re\u017eimem. Tento p\u0159\u00edb\u011bh, zasazen\u00fd do kontextu druh\u00e9 sv\u011btov\u00e9 v\u00e1lky a vzestupu Hitlera k moci, zd\u016fraz\u0148uje v\u00fdznam odvahy a odhodl\u00e1n\u00ed v obdob\u00edch utrpen\u00ed a zkou\u0161ek. P\u0159\u00edb\u011bh tak\u00e9 p\u0159ipom\u00edn\u00e1, \u017ee i v nejt\u011b\u017e\u0161\u00edch \u010dasech lze naj\u00edt s\u00edlu k udr\u017een\u00ed vlastn\u00ed identity a hodnot.<\/p>\n<\/div>\n<div>\n<p class=\"Standard\">Doporu\u010duji v\u0161em \u010dten\u00e1\u0159\u016fm historick\u00fdch rom\u00e1n\u016f z obdob\u00ed druh\u00e9 sv\u011btov\u00e9 v\u00e1lky, aby si za\u0159adili do sv\u00e9ho \u010dten\u00e1\u0159sk\u00e9ho seznamu knihu \u0160kola pro n\u011bmeck\u00e9 nev\u011bsty, nebo\u0165 je to skute\u010dn\u011b kniha, kterou byste si nem\u011bli nechat uj\u00edt.<\/p>\n<\/div>\n<div>\n<p class=\"Standard\">\u00a0<\/p>\n<p class=\"Standard\">\u00a0<\/p>\n<\/div>\n<div>\n<p class=\"Standard\">Simona Krchov\u00e1<\/p>\n<\/div>\n<p>Autor:\u00a0Simona Krchov\u00e1<\/p>\n","protected":false},"excerpt":{"rendered":"<p>\u0160kola pro n\u011bmeck\u00e9 nev\u011bsty je poutav\u00fd p\u0159\u00edb\u011bh t\u0159\u00ed mlad\u00fdch d\u00edvek, kter\u00e9 spojuje n\u011bmeck\u00e1 n\u00e1rodnost a jejich cesty se ne\u010dekan\u011b propl\u00e9taj\u00ed v dob\u011b pln\u00e9 zm\u011bn.\u00a0<\/p>\n","protected":false},"author":2,"featured_media":324567,"comment_status":"open","ping_status":"open","sticky":false,"template":"","format":"standard","meta":{"_acf_changed":false,"_monsterinsights_skip_tracking":false,"_monsterinsights_sitenote_active":false,"_monsterinsights_sitenote_note":"","_monsterinsights_sitenote_category":0,"_EventAllDay":false,"_EventTimezone":"","_EventStartDate":"","_EventEndDate":"","_EventStartDateUTC":"","_EventEndDateUTC":"","_EventShowMap":false,"_EventShowMapLink":false,"_EventURL":"","_EventCost":"","_EventCostDescription":"","_EventCurrencySymbol":"","_EventCurrencyCode":"","_EventCurrencyPosition":"","_EventDateTimeSeparator":"","_EventTimeRangeSeparator":"","_EventOrganizerID":[],"_EventVenueID":[],"_OrganizerEmail":"","_OrganizerPhone":"","_OrganizerWebsite":"","_VenueAddress":"","_VenueCity":"","_VenueCountry":"","_VenueProvince":"","_VenueState":"","_VenueZip":"","_VenuePhone":"","_VenueURL":"","_VenueStateProvince":"","_VenueLat":"","_VenueLng":"","_VenueShowMap":false,"_VenueShowMapLink":false,"twitterCardType":"","cardImageID":0,"cardImage":"","cardTitle":"","cardDesc":"","cardImageAlt":"","cardPlayer":"","cardPlayerWidth":0,"cardPlayerHeight":0,"cardPlayerStream":"","cardPlayerCodec":"","footnotes":""},"categories":[7],"tags":[21832],"class_list":["post-324566","post","type-post","status-publish","format-standard","has-post-thumbnail","hentry","category-recenze","tag-literarni-kavarna"],"acf":{"related_products":null},"_links":{"self":[{"href":"https:\/\/www.luxor.cz\/blog\/wp-json\/wp\/v2\/posts\/324566","targetHints":{"allow":["GET"]}}],"collection":[{"href":"https:\/\/www.luxor.cz\/blog\/wp-json\/wp\/v2\/posts"}],"about":[{"href":"https:\/\/www.luxor.cz\/blog\/wp-json\/wp\/v2\/types\/post"}],"author":[{"embeddable":true,"href":"https:\/\/www.luxor.cz\/blog\/wp-json\/wp\/v2\/users\/2"}],"replies":[{"embeddable":true,"href":"https:\/\/www.luxor.cz\/blog\/wp-json\/wp\/v2\/comments?post=324566"}],"version-history":[{"count":0,"href":"https:\/\/www.luxor.cz\/blog\/wp-json\/wp\/v2\/posts\/324566\/revisions"}],"wp:featuredmedia":[{"embeddable":true,"href":"https:\/\/www.luxor.cz\/blog\/wp-json\/wp\/v2\/media\/324567"}],"wp:attachment":[{"href":"https:\/\/www.luxor.cz\/blog\/wp-json\/wp\/v2\/media?parent=324566"}],"wp:term":[{"taxonomy":"category","embeddable":true,"href":"https:\/\/www.luxor.cz\/blog\/wp-json\/wp\/v2\/categories?post=324566"},{"taxonomy":"post_tag","embeddable":true,"href":"https:\/\/www.luxor.cz\/blog\/wp-json\/wp\/v2\/tags?post=324566"}],"curies":[{"name":"wp","href":"https:\/\/api.w.org\/{rel}","templated":true}]}}