{"id":324564,"date":"2024-05-30T10:00:26","date_gmt":"2024-05-30T08:00:26","guid":{"rendered":"https:\/\/www.luxor.cz\/blog\/nezarazene\/64121-vanilkove-dny-vystridaji-cukrove-roky\/"},"modified":"2024-05-30T10:00:26","modified_gmt":"2024-05-30T08:00:26","slug":"64121-vanilkove-dny-vystridaji-cukrove-roky","status":"publish","type":"post","link":"https:\/\/www.luxor.cz\/blog\/recenze\/64121-vanilkove-dny-vystridaji-cukrove-roky\/","title":{"rendered":"Vanilkov\u00e9 dny vyst\u0159\u00eddaj\u00ed cukrov\u00e9 roky"},"content":{"rendered":"<div>\n<p class=\"Standard\">Meisterovy z\u00e1vody pro\u017e\u00edvaj\u00ed obdob\u00ed rozkv\u011btu, kdy\u017e se roz\u0161i\u0159uj\u00ed o novou halu pro v\u00fdrobu pudinkov\u00e9ho pr\u00e1\u0161ku. Syn majitele, Julius, se po ukon\u010den\u00ed studi\u00ed vrac\u00ed dom\u016f jako chemik, p\u0159ipraven p\u0159evz\u00edt rodinn\u00fd podnik po sv\u00e9m otci. Julius se nejen t\u011b\u0161\u00ed na spolupr\u00e1ci v rodinn\u00e9 firm\u011b, ale tak\u00e9 p\u0159iv\u00e1\u017e\u00ed dom\u016f svou snoubenku Lotte. P\u0159es po\u010d\u00e1te\u010dn\u00ed nedorozum\u011bn\u00ed mezi Lotte a Juliusov\u00fdm otcem Carlem se kon\u00e1 svatba, kter\u00e1 je z\u00e1hy zast\u00edn\u011bna vypuknut\u00edm prvn\u00ed sv\u011btov\u00e9 v\u00e1lky. Julius a jeho nejlep\u0161\u00ed p\u0159\u00edtel Richard, sv\u011bdek na svatb\u011b, jsou povol\u00e1ni do arm\u00e1dy. Lotte ani nestihne man\u017eelovi sd\u011blit, \u017ee \u010dekaj\u00ed d\u00edt\u011b. Kdy\u017e se Julius vr\u00e1t\u00ed z fronty na dovolenou, setk\u00e1v\u00e1 se se svou osmim\u011bs\u00ed\u010dn\u00ed dcerou. Friederika, Juliusova sestra a dcera Josef\u00edny a Carla, odch\u00e1z\u00ed v dob\u011b v\u00e1lky pracovat jako zdravotn\u00ed sestra do poln\u00ed nemocnice. Jej\u00ed partner Franz, zam\u011bstnanec firmy, se v\u00e1lky ne\u00fa\u010dastn\u00ed kv\u016fli zdravotn\u00edm probl\u00e9m\u016fm, co\u017e ho psychicky velmi t\u00ed\u017e\u00ed. Navzdory t\u011b\u017ek\u00fdm \u010das\u016fm se firm\u011b da\u0159\u00ed d\u00edky Franzov\u011b n\u00e1padu na v\u00fdrobu su\u0161en\u00fdch potravin, kter\u00e9 usnad\u0148uj\u00ed va\u0159en\u00ed v dob\u011b nedostatku.<\/p>\n<\/div>\n<div>\n<p class=\"Standard\">Lotte ka\u017ed\u00fd den proch\u00e1z\u00ed seznamy padl\u00fdch voj\u00e1k\u016f, kdy\u017e Richard p\u0159inese zpr\u00e1vu o Juliusov\u011b \u00famrt\u00ed. Trag\u00e9die zas\u00e1hne Lotte hluboko, nebo\u0165 se Julius nedo\u017eije okam\u017eik\u016f, kdy jeho d\u011bti vyr\u016fstaj\u00ed, a nav\u00edc se nedozv\u00ed o narozen\u00ed sv\u00e9ho syna. V\u00e1lka, kterou mnoz\u00ed o\u010dek\u00e1vali jako kr\u00e1tkodobou, se prot\u00e1hla, a Lotte se mus\u00ed vyrovnat nejen se ztr\u00e1tou man\u017eela, ale mus\u00ed pomoci i s veden\u00edm firmy a podporou \u017een, kter\u00e9 nahradily sv\u00e9 mu\u017ee na front\u011b. Carl\u016fv smutek po ztr\u00e1t\u011b syna je tak velk\u00fd, \u017ee se z n\u011bj nevzpamatuje a zem\u0159e ve v\u011bku 54 let.<\/p>\n<\/div>\n<div>\n<p class=\"Standard\">Po v\u00e1lce, kdy\u017e se zd\u00e1, \u017ee se \u017eivot pomalu vrac\u00ed do norm\u00e1lu, Josef\u00edna odhal\u00ed, \u017ee rodinn\u00e1 firma stoj\u00ed na pokraji bankrotu. Franz, jako \u0159editel a man\u017eel Friederiky, \u010del\u00ed t\u011b\u017ek\u00fdm ot\u00e1zk\u00e1m. Josef\u00edna stoj\u00ed p\u0159ed rozhodnut\u00edm, zda dok\u00e1\u017ee zachr\u00e1nit Meisterovi z\u00e1vody, nebo bude nucena prodat d\u011bdictv\u00ed, kter\u00e9 spole\u010dn\u011b s man\u017eelem budovali. Tento p\u0159\u00edb\u011bh o s\u00edle, ztr\u00e1t\u011b a nad\u011bji vyz\u00fdv\u00e1 \u010dten\u00e1\u0159e, aby se zamysleli nad v\u00fdznamem rodiny, odvahy a odolnosti v nejt\u011b\u017e\u0161\u00edch \u010dasech.<\/p>\n<\/div>\n<div>\n<p class=\"Standard\">Tento d\u00edl byl nabit\u00fd emocemi. Ka\u017ed\u00e1 postava p\u0159in\u00e1\u0161\u00ed sv\u00e9 osobn\u00ed p\u0159\u00edb\u011bhy pln\u00e9 ztr\u00e1t i radostn\u00fdch okam\u017eik\u016f, jako je narozen\u00ed nov\u00fdch \u010dlen\u016f rodiny. Kniha je naps\u00e1na tak poutav\u011b, \u017ee se od n\u00ed nedok\u00e1\u017eete odtrhnout. Odehr\u00e1v\u00e1 se v Bielefeldu a je inspirov\u00e1na historick\u00fdmi ud\u00e1lostmi a rodinou, kter\u00e1 vynalezla kyp\u0159\u00edc\u00ed pr\u00e1\u0161ek. Postavy jsou vykresleny tak, \u017ee si je \u010dten\u00e1\u0159 nem\u016f\u017ee neobl\u00edbit a snadno se s nimi ztoto\u017en\u00ed. P\u0159\u00edb\u011bh je mozaikou \u0161t\u011bst\u00ed, smutku, bolesti, ztr\u00e1ty a nov\u00e9 nad\u011bje. P\u0159ipravte si tedy kapesn\u00ed\u010dky, proto\u017ee v\u00e1s \u010dek\u00e1 emocion\u00e1ln\u00ed j\u00edzda. A co n\u00e1s \u010dek\u00e1 v z\u00e1v\u011bre\u010dn\u00e9m d\u00edle? To z\u016fst\u00e1v\u00e1 z\u00e1hadou, ale doufejme, \u017ee nebudeme muset \u010dekat p\u0159\u00edli\u0161 dlouho.<\/p>\n<\/div>\n<div>\n<p class=\"Standard\">\u00a0<\/p>\n<p class=\"Standard\">\u00a0<\/p>\n<\/div>\n<div>\n<p class=\"Standard\">Simona Krchov\u00e1<\/p>\n<\/div>\n<p>Autor:\u00a0Simona Krchov\u00e1<\/p>\n","protected":false},"excerpt":{"rendered":"<p>Jak k\u0159ehk\u00fd m\u016f\u017ee b\u00fdt lidsk\u00fd \u017eivot? Rodina Meisterov\u00fdch, kter\u00e1 si vybudovala imp\u00e9rium od z\u00e1klad\u016f, to v\u00ed a\u017e p\u0159\u00edli\u0161 dob\u0159e. Jsou siln\u00ed a nevzd\u00e1vaj\u00ed se snadno.\u00a0<\/p>\n","protected":false},"author":2,"featured_media":324565,"comment_status":"open","ping_status":"open","sticky":false,"template":"","format":"standard","meta":{"_acf_changed":false,"_monsterinsights_skip_tracking":false,"_monsterinsights_sitenote_active":false,"_monsterinsights_sitenote_note":"","_monsterinsights_sitenote_category":0,"_EventAllDay":false,"_EventTimezone":"","_EventStartDate":"","_EventEndDate":"","_EventStartDateUTC":"","_EventEndDateUTC":"","_EventShowMap":false,"_EventShowMapLink":false,"_EventURL":"","_EventCost":"","_EventCostDescription":"","_EventCurrencySymbol":"","_EventCurrencyCode":"","_EventCurrencyPosition":"","_EventDateTimeSeparator":"","_EventTimeRangeSeparator":"","_EventOrganizerID":[],"_EventVenueID":[],"_OrganizerEmail":"","_OrganizerPhone":"","_OrganizerWebsite":"","_VenueAddress":"","_VenueCity":"","_VenueCountry":"","_VenueProvince":"","_VenueState":"","_VenueZip":"","_VenuePhone":"","_VenueURL":"","_VenueStateProvince":"","_VenueLat":"","_VenueLng":"","_VenueShowMap":false,"_VenueShowMapLink":false,"twitterCardType":"","cardImageID":0,"cardImage":"","cardTitle":"","cardDesc":"","cardImageAlt":"","cardPlayer":"","cardPlayerWidth":0,"cardPlayerHeight":0,"cardPlayerStream":"","cardPlayerCodec":"","footnotes":""},"categories":[7],"tags":[21832],"class_list":["post-324564","post","type-post","status-publish","format-standard","has-post-thumbnail","hentry","category-recenze","tag-literarni-kavarna"],"acf":{"related_products":null},"_links":{"self":[{"href":"https:\/\/www.luxor.cz\/blog\/wp-json\/wp\/v2\/posts\/324564","targetHints":{"allow":["GET"]}}],"collection":[{"href":"https:\/\/www.luxor.cz\/blog\/wp-json\/wp\/v2\/posts"}],"about":[{"href":"https:\/\/www.luxor.cz\/blog\/wp-json\/wp\/v2\/types\/post"}],"author":[{"embeddable":true,"href":"https:\/\/www.luxor.cz\/blog\/wp-json\/wp\/v2\/users\/2"}],"replies":[{"embeddable":true,"href":"https:\/\/www.luxor.cz\/blog\/wp-json\/wp\/v2\/comments?post=324564"}],"version-history":[{"count":0,"href":"https:\/\/www.luxor.cz\/blog\/wp-json\/wp\/v2\/posts\/324564\/revisions"}],"wp:featuredmedia":[{"embeddable":true,"href":"https:\/\/www.luxor.cz\/blog\/wp-json\/wp\/v2\/media\/324565"}],"wp:attachment":[{"href":"https:\/\/www.luxor.cz\/blog\/wp-json\/wp\/v2\/media?parent=324564"}],"wp:term":[{"taxonomy":"category","embeddable":true,"href":"https:\/\/www.luxor.cz\/blog\/wp-json\/wp\/v2\/categories?post=324564"},{"taxonomy":"post_tag","embeddable":true,"href":"https:\/\/www.luxor.cz\/blog\/wp-json\/wp\/v2\/tags?post=324564"}],"curies":[{"name":"wp","href":"https:\/\/api.w.org\/{rel}","templated":true}]}}