{"id":324562,"date":"2024-06-02T10:00:30","date_gmt":"2024-06-02T08:00:30","guid":{"rendered":"https:\/\/www.luxor.cz\/blog\/nezarazene\/64122-jeden-vylet-ovlivni-zivoty-cele-rodiny\/"},"modified":"2024-06-02T10:00:30","modified_gmt":"2024-06-02T08:00:30","slug":"64122-jeden-vylet-ovlivni-zivoty-cele-rodiny","status":"publish","type":"post","link":"https:\/\/www.luxor.cz\/blog\/recenze\/64122-jeden-vylet-ovlivni-zivoty-cele-rodiny\/","title":{"rendered":"Jeden v\u00fdlet ovlivn\u00ed \u017eivoty cel\u00e9 rodiny"},"content":{"rendered":"<p style=\"font-weight: 400;\">Renata, matka od rodiny, se d\u00edky sv\u00e9 pr\u00e1ci dostane do Rakouska. Ani\u017e by o tom n\u011bkomu n\u011bco \u0159ekla, rozhodne se tam z\u016fstat a do \u010ceskoslovenska se ji\u017e nevr\u00e1tit. Zanech\u00e1 za sebou celou svou rodinu \u2013 man\u017eela Richarda, kter\u00fd je p\u0159id\u011blen na hor\u0161\u00ed pracovn\u00ed m\u00edsto, syna Marka, kter\u00fd je vylou\u010den ze studi\u00ed medic\u00edny a dceru Simonu, kter\u00e1 jej\u00ed odchod pro\u017e\u00edv\u00e1 nejh\u016f\u0159e, a nav\u00edc se nedostane na vysn\u011bnou st\u0159edn\u00ed \u0161kolu.<\/p>\n<p style=\"font-weight: 400;\">Je mo\u017en\u00e9, aby po \u0161esti letech, kdy se otev\u0159ou hranice, nav\u00e1zali na sv\u016fj tehdej\u0161\u00ed rodinn\u00fd \u017eivot?<\/p>\n<p style=\"font-weight: 400;\">Autor\u010dina prvotina, N\u00e1vrat ne\u017e\u00e1douc\u00ed, si z\u00edskala spousty fanou\u0161k\u016f. Tentokr\u00e1t autorka zvolila pozd\u011bj\u0161\u00ed obdob\u00ed (p\u0159\u00edb\u011bh se odehr\u00e1v\u00e1 v\u00a0letech 1984-1990), ale op\u011bt je zasazen do na\u0161\u00ed nelehk\u00e9 historie.<\/p>\n<p style=\"font-weight: 400;\">Hned od za\u010d\u00e1tku v\u00e1s prostoup\u00ed emoce. Ztr\u00e1ta matky a man\u017eelky, i kdy\u017e \u201ejen t\u00edm\u201c, \u017ee odjela za hranice, se d\u00e1 t\u011b\u017eko p\u0159ekonat. \u0160ok, bezmoc a StB v\u00a0z\u00e1dech. Nep\u0159edstaviteln\u00e9 ud\u00e1losti, kter\u00e9 se t\u00edm rozjedou.<\/p>\n<p style=\"font-weight: 400;\">Kniha je ps\u00e1na z\u00a0pohledu cel\u00e9 rodiny, st\u0159\u00eddaj\u00ed se tu vyprav\u011b\u010di a \u010dten\u00e1\u0159 si tak m\u016f\u017ee ud\u011blat obr\u00e1zek, jak kdo pro\u017e\u00edv\u00e1 nelehk\u00e9 chv\u00edle. Je tu vykreslena doba na\u0161\u00ed ned\u00e1vn\u00e9 minulosti, jak to tenkr\u00e1t chodilo \u2013 udava\u010di, vojensk\u00e1 slu\u017eba, tuzex, \u0161koly, ale i listopadov\u00e9 ud\u00e1losti a p\u0159\u00edchod nov\u00e9 doby.<\/p>\n<p style=\"font-weight: 400;\">Je to rozhodn\u011b zaj\u00edmav\u00e9 a origin\u00e1ln\u011b pojat\u00e9 t\u00e9ma z\u00a0na\u0161\u00ed minulosti. Pokud r\u00e1di \u010dtete o historii na\u0161\u00ed zem\u011b, rozhodn\u011b by v\u00e1s kniha nem\u011bla minout.<\/p>\n<p style=\"font-weight: 400;\">\u00a0<\/p>\n<p style=\"font-weight: 400;\">\u00a0<\/p>\n<p style=\"font-weight: 400;\">Eva Francov\u00e1<\/p>\n<p>Autor:\u00a0Eva Francov\u00e1<\/p>\n","protected":false},"excerpt":{"rendered":"<p>Kdo z\u00a0n\u00e1s pamatuje dobu, kdy z\u00e1pad pro n\u00e1s bylo n\u011bco l\u00e1kav\u00e9ho a nedostupn\u00e9ho, dok\u00e1\u017ee si snadno p\u0159edstavit, jak velk\u00e9 l\u00e1kadlo bylo, pokud se tam dostal, u\u017e se v\u00edce nevr\u00e1tit.<\/p>\n","protected":false},"author":2,"featured_media":324563,"comment_status":"open","ping_status":"open","sticky":false,"template":"","format":"standard","meta":{"_acf_changed":false,"_monsterinsights_skip_tracking":false,"_monsterinsights_sitenote_active":false,"_monsterinsights_sitenote_note":"","_monsterinsights_sitenote_category":0,"_EventAllDay":false,"_EventTimezone":"","_EventStartDate":"","_EventEndDate":"","_EventStartDateUTC":"","_EventEndDateUTC":"","_EventShowMap":false,"_EventShowMapLink":false,"_EventURL":"","_EventCost":"","_EventCostDescription":"","_EventCurrencySymbol":"","_EventCurrencyCode":"","_EventCurrencyPosition":"","_EventDateTimeSeparator":"","_EventTimeRangeSeparator":"","_EventOrganizerID":[],"_EventVenueID":[],"_OrganizerEmail":"","_OrganizerPhone":"","_OrganizerWebsite":"","_VenueAddress":"","_VenueCity":"","_VenueCountry":"","_VenueProvince":"","_VenueState":"","_VenueZip":"","_VenuePhone":"","_VenueURL":"","_VenueStateProvince":"","_VenueLat":"","_VenueLng":"","_VenueShowMap":false,"_VenueShowMapLink":false,"twitterCardType":"","cardImageID":0,"cardImage":"","cardTitle":"","cardDesc":"","cardImageAlt":"","cardPlayer":"","cardPlayerWidth":0,"cardPlayerHeight":0,"cardPlayerStream":"","cardPlayerCodec":"","footnotes":""},"categories":[7],"tags":[21832],"class_list":["post-324562","post","type-post","status-publish","format-standard","has-post-thumbnail","hentry","category-recenze","tag-literarni-kavarna"],"acf":{"related_products":null},"_links":{"self":[{"href":"https:\/\/www.luxor.cz\/blog\/wp-json\/wp\/v2\/posts\/324562","targetHints":{"allow":["GET"]}}],"collection":[{"href":"https:\/\/www.luxor.cz\/blog\/wp-json\/wp\/v2\/posts"}],"about":[{"href":"https:\/\/www.luxor.cz\/blog\/wp-json\/wp\/v2\/types\/post"}],"author":[{"embeddable":true,"href":"https:\/\/www.luxor.cz\/blog\/wp-json\/wp\/v2\/users\/2"}],"replies":[{"embeddable":true,"href":"https:\/\/www.luxor.cz\/blog\/wp-json\/wp\/v2\/comments?post=324562"}],"version-history":[{"count":0,"href":"https:\/\/www.luxor.cz\/blog\/wp-json\/wp\/v2\/posts\/324562\/revisions"}],"wp:featuredmedia":[{"embeddable":true,"href":"https:\/\/www.luxor.cz\/blog\/wp-json\/wp\/v2\/media\/324563"}],"wp:attachment":[{"href":"https:\/\/www.luxor.cz\/blog\/wp-json\/wp\/v2\/media?parent=324562"}],"wp:term":[{"taxonomy":"category","embeddable":true,"href":"https:\/\/www.luxor.cz\/blog\/wp-json\/wp\/v2\/categories?post=324562"},{"taxonomy":"post_tag","embeddable":true,"href":"https:\/\/www.luxor.cz\/blog\/wp-json\/wp\/v2\/tags?post=324562"}],"curies":[{"name":"wp","href":"https:\/\/api.w.org\/{rel}","templated":true}]}}