{"id":324560,"date":"2024-06-05T10:00:41","date_gmt":"2024-06-05T08:00:41","guid":{"rendered":"https:\/\/www.luxor.cz\/blog\/nezarazene\/64123-lucemburska-saga-pokracuje-a-hrdinove-z-hradu-i-podhradi-jsou-zpet\/"},"modified":"2024-06-05T10:00:41","modified_gmt":"2024-06-05T08:00:41","slug":"64123-lucemburska-saga-pokracuje-a-hrdinove-z-hradu-i-podhradi-jsou-zpet","status":"publish","type":"post","link":"https:\/\/www.luxor.cz\/blog\/recenze\/64123-lucemburska-saga-pokracuje-a-hrdinove-z-hradu-i-podhradi-jsou-zpet\/","title":{"rendered":"Lucembursk\u00e1 s\u00e1ga pokra\u010duje a hrdinov\u00e9 z hradu i podhrad\u00ed jsou zp\u011bt\u2026"},"content":{"rendered":"<p style=\"font-weight: 400;\">Na pozad\u00ed historick\u00fdch ud\u00e1lost\u00ed z\u00a0doby vl\u00e1dy \u010desk\u00e9ho kr\u00e1le a c\u00edsa\u0159e \u0159\u00edmsk\u00e9ho Karla IV. se odv\u00edj\u00ed p\u0159\u00edb\u011bhy postav z\u00a0r\u016fzn\u00fdch spole\u010densk\u00fdch vrstev. Pozn\u00e1v\u00e1me obdob\u00ed, kdy vy\u0161\u0161\u00ed postaven\u00ed m\u011blo tak\u00e9 vy\u0161\u0161\u00ed slovo a velmi \u010dasto i nad z\u00e1konem. Kdy se \u017eilo na hradech a tvrz\u00edch a Praha za\u010d\u00ednala b\u00fdt d\u00edky Karlu IV. m\u011bstem pln\u00fdm nov\u00fdch staveb a d\u011bn\u00ed.<\/p>\n<p style=\"font-weight: 400;\">V\u00a0tu dobu se dozv\u00edd\u00e1me o p\u0159\u00edb\u011bhu Karla Rozoumka, velitele osobn\u00ed dru\u017einy kr\u00e1le Karla IV., kter\u00fd se rozhodne hledat svou man\u017eelku Barborku. Okolnosti ale nejsou v\u016fbec jednoduch\u00e9. Barborka se mu p\u0159iznala, \u017ee si na n\u00ed pod pohr\u016f\u017ekou vynutil pohlavn\u00ed styk kr\u00e1l\u016fv komo\u0159\u00ed Podskalsk\u00fd a z\u00a0aktu vze\u0161la dcerka Kl\u00e1rka. Karel, kter\u00fd se vr\u00e1til po dvou letech cest s\u00a0c\u00edsa\u0159em dom\u016f, j\u00ed ale nev\u011b\u0159\u00ed a odm\u00edt\u00e1 ji. Po\u0161le ji na K\u0159ivokl\u00e1t k\u00a0rodi\u010d\u016fm a tam je n\u00e1sledn\u011b unesena. Hledat se ji vyd\u00e1 jeho otec Matou\u0161 Rozoumek, kter\u00fd d\u0159\u00edve zast\u00e1val stejnou pozici, jako nyn\u00ed jeho syn.<\/p>\n<p style=\"font-weight: 400;\">Dal\u0161\u00ed p\u0159\u00edb\u011bh l\u00ed\u010d\u00ed osudy kr\u00e1lova komo\u0159\u00edho Franti\u0161ka Jana Podskalsk\u00e9ho, kter\u00fd zneu\u017eil Barborku, ale n\u00e1sledn\u011b zjistil, \u017ee zat\u00edmco pracoval pro kr\u00e1le, jeho rodinnou tvrz obsadil mu\u017e, kter\u00e9ho pov\u011b\u0159il jej\u00edm spravov\u00e1n\u00edm a nehodl\u00e1 ho do n\u00ed pustit. N\u00e1pravu mu p\u0159ekvapiv\u011b pom\u016f\u017ee zjednat Matou\u0161 Rozoumek, ale neobejde se to bez ur\u010dit\u00fdch ztr\u00e1t.<\/p>\n<p style=\"font-weight: 400;\">Mezit\u00edm se tak\u00e9 dost\u00e1v\u00e1me spole\u010dn\u011b s\u00a0Karlem IV. na Pra\u017esk\u00fd hrad a postupn\u011b i do Evropy, kde se sna\u017e\u00ed vyjedn\u00e1vat o nov\u00e9m z\u00e1kon\u00edku a \u0159e\u0161\u00ed dal\u0161\u00ed st\u00e1tnick\u00e9 povinnosti. Doba m\u00e1 sv\u00e1 specifika, ale Jarom\u00edr Jindra dok\u00e1\u017ee \u010dlov\u011bka vt\u00e1hnout do d\u011bje a zaujmout zaj\u00edmav\u00fdm vypr\u00e1v\u011bn\u00edm, kter\u00e9 se prol\u00edn\u00e1 s\u00a0historick\u00fdmi fakty. D\u011bj m\u00edsty p\u0159ipom\u00edn\u00e1 detektivn\u00ed p\u00e1tr\u00e1n\u00ed, ov\u0161em za doby, kdy lid\u00e9 nem\u011bli je\u0161t\u011b tolik technick\u00fdch vymo\u017eenost\u00ed, to jde mnohem slo\u017eit\u011bji. Karel IV.\u00a0 Proklet\u00e9 d\u011bdictv\u00ed je dal\u0161\u00edm z\u00a0\u0159ady autorov\u00fdch skv\u011bl\u00fdch historick\u00fdch rom\u00e1n\u016f, kter\u00e9 p\u0159e\u010dtete jedn\u00edm dechem.<\/p>\n<p style=\"font-weight: 400;\">\u00a0<\/p>\n<p style=\"font-weight: 400;\">\u00a0<\/p>\n<p style=\"font-weight: 400;\">Zuzana Erbenov\u00e1<\/p>\n<p>Autor:\u00a0Zuzana Erbenov\u00e1<\/p>\n","protected":false},"excerpt":{"rendered":"<p>Najde velitel osobn\u00ed dru\u017einy kr\u00e1le svoji unesenou \u017eenu a d\u00edt\u011b? A jak si porad\u00ed s\u00e1m Karel IV. s\u00a0chamtiv\u00fdmi \u0161lechtici? S\u00e1ga z\u00a0doby Lucemburk\u016f nab\u00edr\u00e1 obr\u00e1tky.<\/p>\n","protected":false},"author":2,"featured_media":324561,"comment_status":"open","ping_status":"open","sticky":false,"template":"","format":"standard","meta":{"_acf_changed":false,"_monsterinsights_skip_tracking":false,"_monsterinsights_sitenote_active":false,"_monsterinsights_sitenote_note":"","_monsterinsights_sitenote_category":0,"_EventAllDay":false,"_EventTimezone":"","_EventStartDate":"","_EventEndDate":"","_EventStartDateUTC":"","_EventEndDateUTC":"","_EventShowMap":false,"_EventShowMapLink":false,"_EventURL":"","_EventCost":"","_EventCostDescription":"","_EventCurrencySymbol":"","_EventCurrencyCode":"","_EventCurrencyPosition":"","_EventDateTimeSeparator":"","_EventTimeRangeSeparator":"","_EventOrganizerID":[],"_EventVenueID":[],"_OrganizerEmail":"","_OrganizerPhone":"","_OrganizerWebsite":"","_VenueAddress":"","_VenueCity":"","_VenueCountry":"","_VenueProvince":"","_VenueState":"","_VenueZip":"","_VenuePhone":"","_VenueURL":"","_VenueStateProvince":"","_VenueLat":"","_VenueLng":"","_VenueShowMap":false,"_VenueShowMapLink":false,"twitterCardType":"","cardImageID":0,"cardImage":"","cardTitle":"","cardDesc":"","cardImageAlt":"","cardPlayer":"","cardPlayerWidth":0,"cardPlayerHeight":0,"cardPlayerStream":"","cardPlayerCodec":"","footnotes":""},"categories":[7],"tags":[21832],"class_list":["post-324560","post","type-post","status-publish","format-standard","has-post-thumbnail","hentry","category-recenze","tag-literarni-kavarna"],"acf":{"related_products":null},"_links":{"self":[{"href":"https:\/\/www.luxor.cz\/blog\/wp-json\/wp\/v2\/posts\/324560","targetHints":{"allow":["GET"]}}],"collection":[{"href":"https:\/\/www.luxor.cz\/blog\/wp-json\/wp\/v2\/posts"}],"about":[{"href":"https:\/\/www.luxor.cz\/blog\/wp-json\/wp\/v2\/types\/post"}],"author":[{"embeddable":true,"href":"https:\/\/www.luxor.cz\/blog\/wp-json\/wp\/v2\/users\/2"}],"replies":[{"embeddable":true,"href":"https:\/\/www.luxor.cz\/blog\/wp-json\/wp\/v2\/comments?post=324560"}],"version-history":[{"count":0,"href":"https:\/\/www.luxor.cz\/blog\/wp-json\/wp\/v2\/posts\/324560\/revisions"}],"wp:featuredmedia":[{"embeddable":true,"href":"https:\/\/www.luxor.cz\/blog\/wp-json\/wp\/v2\/media\/324561"}],"wp:attachment":[{"href":"https:\/\/www.luxor.cz\/blog\/wp-json\/wp\/v2\/media?parent=324560"}],"wp:term":[{"taxonomy":"category","embeddable":true,"href":"https:\/\/www.luxor.cz\/blog\/wp-json\/wp\/v2\/categories?post=324560"},{"taxonomy":"post_tag","embeddable":true,"href":"https:\/\/www.luxor.cz\/blog\/wp-json\/wp\/v2\/tags?post=324560"}],"curies":[{"name":"wp","href":"https:\/\/api.w.org\/{rel}","templated":true}]}}