{"id":324558,"date":"2024-06-07T11:28:29","date_gmt":"2024-06-07T09:28:29","guid":{"rendered":"https:\/\/www.luxor.cz\/blog\/nezarazene\/64127-dalnice-aneb-jak-se-srovnat-s-tim-kdyz-jste-v-hledacku-stb\/"},"modified":"2024-06-07T11:28:29","modified_gmt":"2024-06-07T09:28:29","slug":"64127-dalnice-aneb-jak-se-srovnat-s-tim-kdyz-jste-v-hledacku-stb","status":"publish","type":"post","link":"https:\/\/www.luxor.cz\/blog\/recenze\/64127-dalnice-aneb-jak-se-srovnat-s-tim-kdyz-jste-v-hledacku-stb\/","title":{"rendered":"D\u00e1lnice aneb jak se srovnat s t\u00edm, kdy\u017e jste v hled\u00e1\u010dku StB"},"content":{"rendered":"<p>Pluj\u00ed s hlavn\u00edm proudem a vyu\u017e\u00edvaj\u00ed v\u00fdhod spo\u0159\u00e1dan\u00fdch ob\u010dan\u016f. Zlom nastane, kdy\u017e se zni\u010dehonic nevr\u00e1t\u00ed man\u017eelka z podnikov\u00e9ho z\u00e1jezdu do Rakouska, kde se rozhodla z\u016fstat se sv\u00fdm \u0161\u00e9fem a z\u00e1rove\u0148 utajen\u00fdm milencem. Pro zbytek rodiny v \u010cSSR z jejich pohledu jej\u00ed bezohledn\u00fd \u010din rozt\u00e1\u010d\u00ed koloto\u010d razantn\u00edch zm\u011bn k hor\u0161\u00edmu.<\/p>\n<p>\u00a0<\/p>\n<p>St\u00e1tn\u00ed bezpe\u010dnost je vid\u00ed jako nep\u0159\u00e1tel\u00e9 st\u00e1tu a rozjede proti nim \u0161ikan\u00f3zn\u00ed akce, rodina se dost\u00e1v\u00e1 na okraj spole\u010dnosti. Jejich sny a ambice berou za sv\u00e9. Tyto zm\u011bny p\u016fsob\u00ed na jejich charaktery, zji\u0161\u0165uj\u00ed, \u017ee jejich p\u0159edchoz\u00ed \u017eivot byl malichern\u00fd a povrchn\u00ed, m\u011bn\u00ed se. Ka\u017ed\u00fd se vypo\u0159\u00e1d\u00e1v\u00e1 s nastal\u00fdmi pom\u011bry po sv\u00e9m. N\u011bkdo dosp\u011bje a stane se poctiv\u00fdm \u010dlov\u011bkem, z jin\u00e9ho se st\u00e1v\u00e1 gr\u00e1zl, dal\u0161\u00ed nic nepochopil a \u017eije sv\u016fj povrchn\u00ed \u017eivot d\u00e1le.<\/p>\n<p>\u00a0<\/p>\n<p>Kn\u00ed\u017eku jsem p\u0159e\u010detl jedn\u00edm dechem p\u0159ed p\u00e1r dny a st\u00e1le ji vst\u0159eb\u00e1v\u00e1m. Pecka\u2026 S\u00e1m jako \u010derstv\u00fd \u010dty\u0159ic\u00e1tn\u00edk jsem to obdob\u00ed, kdy se kniha odehr\u00e1v\u00e1, za\u017eil jen okrajov\u011b a n\u011bkter\u00e9 v\u011bci si pamatuji jen matn\u011b, zkreslen\u00e9 d\u011btsk\u00fdm, optimistick\u00fdm le\u010d zna\u010dn\u011b naivn\u00edm pohledem. Proto jsem po kn\u00ed\u017ece \u201es\u00e1hl\u201c, abych si roz\u0161\u00ed\u0159il obzory\u2026<\/p>\n<p>\u00a0<\/p>\n<p>Kniha je naps\u00e1na velmi \u010dtiv\u011b, popisuje r\u016fzn\u00e1 obdob\u00ed od roku 1984 do ran\u00fdch 90. let pohledy hlavn\u00edch protagonist\u016f, jejich pocity nad zradou matky i ztr\u00e1tou idej\u00ed a ambic\u00ed. Autorka nut\u00ed v dobr\u00e9m slova smyslu \u010dten\u00e1\u0159e p\u0159em\u00fd\u0161let nad \u201ebezmocnost\u00ed oby\u010dejn\u00fdch\u201c lid\u00ed t\u00e9 doby, co by \u010dten\u00e1\u0159 d\u011blal v jejich k\u016f\u017ei. Doba se m\u011bn\u00ed, lid\u00e9 z\u016fst\u00e1vaj\u00ed st\u00e1le stejn\u00ed.. Byl to z\u00e1\u017eitek, v\u0159ele doporu\u010duji.<\/p>\n<p>\u00a0<\/p>\n<p>Anotace:<\/p>\n<p>Autorka \u00fasp\u011b\u0161n\u00e9 knihy N\u00e1vrat ne\u017e\u00e1douc\u00ed tentokr\u00e1t sleduje osudy jedn\u00e9 \u010desk\u00e9 rodiny v letech 1984\u20131990. Matka Renata se nevr\u00e1t\u00ed ze z\u00e1jezdu do Rakouska, ani\u017e o jej\u00ed emigraci v\u011bd\u011bli jej\u00ed man\u017eel Richard, dcera Simona a syn Marek. Cel\u00e9 rodin\u011b se tak p\u0159evr\u00e1t\u00ed \u017eivot naruby. Octnou se v hled\u00e1\u010dku StB \u2013 Richard je \u0161ikanov\u00e1n bezpe\u010dnost\u00ed a p\u0159e\u0159azen na hor\u0161\u00ed m\u00edsto, Simona t\u011b\u017ece sn\u00e1\u0161\u00ed odchod matky, zanedb\u00e1v\u00e1 u\u010den\u00ed, a nakonec nen\u00ed p\u0159ijata na od\u011bvn\u00ed pr\u016fmyslovku, po n\u00ed\u017e tou\u017eila, Marek, studuj\u00edc\u00ed na UK medic\u00ednu, je vylou\u010den ze \u0161koly a mus\u00ed nastoupit na vojnu. Ka\u017ed\u00fd se se ztr\u00e1tou Renaty vyrovn\u00e1v\u00e1 po sv\u00e9m, nejh\u016f\u0159e dopadne Marek, jen\u017e na konci vojny kv\u016fli osobn\u00edm v\u00fdhod\u00e1m podep\u00ed\u0161e spolupr\u00e1ci s StB. V roce 1990 Renata p\u0159ij\u00ed\u017ed\u00ed do Prahy. Jak\u00e9 bude jej\u00ed setk\u00e1n\u00ed s b\u00fdval\u00fdm man\u017eelem a d\u011btmi?<\/p>\n<p>\u00a0<\/p>\n<p>\u00a0<\/p>\n<p>Autor:\u00a0Vyb\u00edr\u00e1me z m\u00e9di\u00ed: Kultura21.cz<\/p>\n","protected":false},"excerpt":{"rendered":"<p>Rodina in\u017een\u00fdra Tomana si \u017eije v roce 1984 sv\u016fj socialistick\u00fd sen. On je vedouc\u00ed pracovn\u00edk u \u0159editelstv\u00ed d\u00e1lnic, man\u017eelka pracuje v odd\u011blen\u00ed zahrani\u010dn\u00edho obchodu \u0160kodovky, syn Marek je ambici\u00f3zn\u00ed student medic\u00edny.<\/p>\n","protected":false},"author":2,"featured_media":324559,"comment_status":"open","ping_status":"open","sticky":false,"template":"","format":"standard","meta":{"_acf_changed":false,"_monsterinsights_skip_tracking":false,"_monsterinsights_sitenote_active":false,"_monsterinsights_sitenote_note":"","_monsterinsights_sitenote_category":0,"_EventAllDay":false,"_EventTimezone":"","_EventStartDate":"","_EventEndDate":"","_EventStartDateUTC":"","_EventEndDateUTC":"","_EventShowMap":false,"_EventShowMapLink":false,"_EventURL":"","_EventCost":"","_EventCostDescription":"","_EventCurrencySymbol":"","_EventCurrencyCode":"","_EventCurrencyPosition":"","_EventDateTimeSeparator":"","_EventTimeRangeSeparator":"","_EventOrganizerID":[],"_EventVenueID":[],"_OrganizerEmail":"","_OrganizerPhone":"","_OrganizerWebsite":"","_VenueAddress":"","_VenueCity":"","_VenueCountry":"","_VenueProvince":"","_VenueState":"","_VenueZip":"","_VenuePhone":"","_VenueURL":"","_VenueStateProvince":"","_VenueLat":"","_VenueLng":"","_VenueShowMap":false,"_VenueShowMapLink":false,"twitterCardType":"","cardImageID":0,"cardImage":"","cardTitle":"","cardDesc":"","cardImageAlt":"","cardPlayer":"","cardPlayerWidth":0,"cardPlayerHeight":0,"cardPlayerStream":"","cardPlayerCodec":"","footnotes":""},"categories":[7],"tags":[21832],"class_list":["post-324558","post","type-post","status-publish","format-standard","has-post-thumbnail","hentry","category-recenze","tag-literarni-kavarna"],"acf":{"related_products":null},"_links":{"self":[{"href":"https:\/\/www.luxor.cz\/blog\/wp-json\/wp\/v2\/posts\/324558","targetHints":{"allow":["GET"]}}],"collection":[{"href":"https:\/\/www.luxor.cz\/blog\/wp-json\/wp\/v2\/posts"}],"about":[{"href":"https:\/\/www.luxor.cz\/blog\/wp-json\/wp\/v2\/types\/post"}],"author":[{"embeddable":true,"href":"https:\/\/www.luxor.cz\/blog\/wp-json\/wp\/v2\/users\/2"}],"replies":[{"embeddable":true,"href":"https:\/\/www.luxor.cz\/blog\/wp-json\/wp\/v2\/comments?post=324558"}],"version-history":[{"count":0,"href":"https:\/\/www.luxor.cz\/blog\/wp-json\/wp\/v2\/posts\/324558\/revisions"}],"wp:featuredmedia":[{"embeddable":true,"href":"https:\/\/www.luxor.cz\/blog\/wp-json\/wp\/v2\/media\/324559"}],"wp:attachment":[{"href":"https:\/\/www.luxor.cz\/blog\/wp-json\/wp\/v2\/media?parent=324558"}],"wp:term":[{"taxonomy":"category","embeddable":true,"href":"https:\/\/www.luxor.cz\/blog\/wp-json\/wp\/v2\/categories?post=324558"},{"taxonomy":"post_tag","embeddable":true,"href":"https:\/\/www.luxor.cz\/blog\/wp-json\/wp\/v2\/tags?post=324558"}],"curies":[{"name":"wp","href":"https:\/\/api.w.org\/{rel}","templated":true}]}}