{"id":324556,"date":"2024-06-08T10:00:16","date_gmt":"2024-06-08T08:00:16","guid":{"rendered":"https:\/\/www.luxor.cz\/blog\/nezarazene\/64124-tisickrat-obejit-strach\/"},"modified":"2024-06-08T10:00:16","modified_gmt":"2024-06-08T08:00:16","slug":"64124-tisickrat-obejit-strach","status":"publish","type":"post","link":"https:\/\/www.luxor.cz\/blog\/recenze\/64124-tisickrat-obejit-strach\/","title":{"rendered":"Tis\u00edckr\u00e1t obej\u00edt strach"},"content":{"rendered":"<p style=\"font-weight: 400;\">T\u00e9m\u011b\u0159 okam\u017eit\u011b, po p\u0159e\u010dten\u00ed p\u00e1r str\u00e1nek, jsem si velice obl\u00edbila hlavn\u00ed hrdinku t\u00e9to knihy Tis\u00edckr\u00e1t obej\u00edt strach. Nem\u00e1 to v\u00a0\u017eivot\u011b jednoduch\u00e9, proto\u017ee spole\u010dnost je jak\u00e1 je (v\u0161ichni to zn\u00e1me) a nelze lidi m\u011bnit. Ale a\u0165 u\u017e ve spole\u010dnosti, tak i v\u00a0rodinn\u00fdch vztaz\u00edch s\u00a0t\u011bmi nejbli\u017e\u0161\u00edmi je \u201eztracen\u00e1\u201c, hledaj\u00edc\u00ed vlastn\u00ed identitu a sebe sama. V\u00a0tom se s\u00a0hrdinkou velice ztoto\u017e\u0148uji. D\u00edvka ze sm\u00ed\u0161en\u00e9 rodiny, rasismus a WP hnut\u00ed. V\u0161e je pops\u00e1no velice realisticky, a\u017e z\u00a0toho \u010dten\u00e1\u0159e mraz\u00ed po cel\u00e9m t\u011ble. Bohu\u017eel je ale pr\u00e1v\u011b toto n\u00e1\u0161 nedokonal\u00fd sv\u011bt a realita v\u0161edn\u00edch dn\u00ed. A nelze tomu uniknout. Hlavn\u00ed hrdinky je mi kolikr\u00e1t velice l\u00edto, \u010d\u00edm v\u0161\u00edm si mus\u00ed proch\u00e1zet. Je i velice zaj\u00edmav\u00e9, jak\u00fdm stylem je kniha psan\u00e1. Vlastn\u011b celou dobu jsem se ptala sama sebe, s\u00a0k\u00fdm celou dobu hlavn\u00ed hrdinka mluv\u00ed a komu vypr\u00e1v\u00ed sv\u016fj \u017eivotn\u00ed p\u0159\u00edb\u011bh. Je zde plno zaj\u00edmav\u00fdch t\u00e9mat, jako pr\u00e1v\u011b zmi\u0148ovan\u00fd rasismus, ztr\u00e1ta bl\u00edzk\u00e9 osoby i pravicov\u00fd extremismus.<\/p>\n<p style=\"font-weight: 400;\">Srdceryvn\u00fd p\u0159\u00edb\u011bh, kter\u00fd dostane ka\u017ed\u00e9ho z\u00a0n\u00e1s. Je zde v\u0161e, co od takov\u00e9 knihy o\u010dek\u00e1v\u00e1me. Radost i smutek, \u017eivot a smrt, p\u0159\u00edb\u011bh o pochopen\u00ed a hled\u00e1n\u00ed sebe sama, o lidskosti, o \u0161t\u011bst\u00ed i osam\u011blosti.<\/p>\n<p style=\"font-weight: 400;\">Olivia Wenzel se stala jednou z\u00a0m\u00fdch nejobl\u00edben\u011bj\u0161\u00edch autorek a douf\u00e1m, \u017ee v\u00a0brzk\u00e9 dob\u011b vyjde dal\u0161\u00ed z\u00a0jejich d\u011bl. Tuto knihu Tis\u00edckr\u00e1t obej\u00edt strach hodnot\u00edm velice kladn\u011b. Rozhodn\u011b si zaslou\u017e\u00ed to nejlep\u0161\u00ed mo\u017en\u00e9 hodnocen\u00ed, p\u011bt hv\u011bzdi\u010dek z\u00a0p\u011bti. Pro m\u011b osobn\u011b se stala jednou z\u00a0nejlep\u0161\u00edch knih z\u00a0\u017e\u00e1nru sv\u011btov\u00e9 literatury a autorce vzd\u00e1v\u00e1m hold.<\/p>\n<p style=\"font-weight: 400;\">Fenomen\u00e1ln\u00ed, fascinuj\u00edc\u00ed a poutav\u00fd rom\u00e1n s\u00a0velk\u00fdm R.<\/p>\n<p style=\"font-weight: 400;\">\u00a0<\/p>\n<p style=\"font-weight: 400;\">\u00a0<\/p>\n<p style=\"font-weight: 400;\">Andrea \u0160m\u00eddov\u00e1<\/p>\n<p>Autor:\u00a0Andrea \u0160m\u00eddov\u00e1<\/p>\n","protected":false},"excerpt":{"rendered":"<p>Rom\u00e1nov\u00fd debut t\u00e9to autorky mi vyrazil dech. Je dokonalou sm\u011bsic\u00ed v\u0161eho a v\u0161ech.<\/p>\n","protected":false},"author":2,"featured_media":324557,"comment_status":"open","ping_status":"open","sticky":false,"template":"","format":"standard","meta":{"_acf_changed":false,"_monsterinsights_skip_tracking":false,"_monsterinsights_sitenote_active":false,"_monsterinsights_sitenote_note":"","_monsterinsights_sitenote_category":0,"_EventAllDay":false,"_EventTimezone":"","_EventStartDate":"","_EventEndDate":"","_EventStartDateUTC":"","_EventEndDateUTC":"","_EventShowMap":false,"_EventShowMapLink":false,"_EventURL":"","_EventCost":"","_EventCostDescription":"","_EventCurrencySymbol":"","_EventCurrencyCode":"","_EventCurrencyPosition":"","_EventDateTimeSeparator":"","_EventTimeRangeSeparator":"","_EventOrganizerID":[],"_EventVenueID":[],"_OrganizerEmail":"","_OrganizerPhone":"","_OrganizerWebsite":"","_VenueAddress":"","_VenueCity":"","_VenueCountry":"","_VenueProvince":"","_VenueState":"","_VenueZip":"","_VenuePhone":"","_VenueURL":"","_VenueStateProvince":"","_VenueLat":"","_VenueLng":"","_VenueShowMap":false,"_VenueShowMapLink":false,"twitterCardType":"","cardImageID":0,"cardImage":"","cardTitle":"","cardDesc":"","cardImageAlt":"","cardPlayer":"","cardPlayerWidth":0,"cardPlayerHeight":0,"cardPlayerStream":"","cardPlayerCodec":"","footnotes":""},"categories":[7],"tags":[21832],"class_list":["post-324556","post","type-post","status-publish","format-standard","has-post-thumbnail","hentry","category-recenze","tag-literarni-kavarna"],"acf":{"related_products":null},"_links":{"self":[{"href":"https:\/\/www.luxor.cz\/blog\/wp-json\/wp\/v2\/posts\/324556","targetHints":{"allow":["GET"]}}],"collection":[{"href":"https:\/\/www.luxor.cz\/blog\/wp-json\/wp\/v2\/posts"}],"about":[{"href":"https:\/\/www.luxor.cz\/blog\/wp-json\/wp\/v2\/types\/post"}],"author":[{"embeddable":true,"href":"https:\/\/www.luxor.cz\/blog\/wp-json\/wp\/v2\/users\/2"}],"replies":[{"embeddable":true,"href":"https:\/\/www.luxor.cz\/blog\/wp-json\/wp\/v2\/comments?post=324556"}],"version-history":[{"count":0,"href":"https:\/\/www.luxor.cz\/blog\/wp-json\/wp\/v2\/posts\/324556\/revisions"}],"wp:featuredmedia":[{"embeddable":true,"href":"https:\/\/www.luxor.cz\/blog\/wp-json\/wp\/v2\/media\/324557"}],"wp:attachment":[{"href":"https:\/\/www.luxor.cz\/blog\/wp-json\/wp\/v2\/media?parent=324556"}],"wp:term":[{"taxonomy":"category","embeddable":true,"href":"https:\/\/www.luxor.cz\/blog\/wp-json\/wp\/v2\/categories?post=324556"},{"taxonomy":"post_tag","embeddable":true,"href":"https:\/\/www.luxor.cz\/blog\/wp-json\/wp\/v2\/tags?post=324556"}],"curies":[{"name":"wp","href":"https:\/\/api.w.org\/{rel}","templated":true}]}}