{"id":324552,"date":"2024-06-20T10:00:06","date_gmt":"2024-06-20T08:00:06","guid":{"rendered":"https:\/\/www.luxor.cz\/blog\/nezarazene\/64134-hospodyne-agathy-christie-resi-zapeklity-pripad\/"},"modified":"2024-06-20T10:00:06","modified_gmt":"2024-06-20T08:00:06","slug":"64134-hospodyne-agathy-christie-resi-zapeklity-pripad","status":"publish","type":"post","link":"https:\/\/www.luxor.cz\/blog\/recenze\/64134-hospodyne-agathy-christie-resi-zapeklity-pripad\/","title":{"rendered":"Hospodyn\u011b Agathy Christie \u0159e\u0161\u00ed zapeklit\u00fd p\u0159\u00edpad"},"content":{"rendered":"<p style=\"font-weight: 400;\">Mallowen Hall je honosn\u00e9 s\u00eddlo, kde \u017eije Agatha Christie se sv\u00fdm man\u017eelem Maxem a jejich slu\u017eebnictvem. Se svou hospodyn\u00ed Phyllidou Brightovou jsou p\u0159\u00edtelkyn\u011b a \u010dasto spolu hovo\u0159\u00ed o zlo\u010dinech. Nav\u00edc Phyllia u\u017e jednu skute\u010dnou vra\u017edu opravdu vy\u0159e\u0161ila.<\/p>\n<p style=\"font-weight: 400;\">Klub slavn\u00fdch autor\u016f detektivek po\u0159\u00e1d\u00e1 v sousedn\u00ed vesnici vra\u017eedn\u00fd festival, kter\u00fd m\u00e1 umo\u017enit za\u010d\u00ednaj\u00edc\u00edm autor\u016fm detektivek setk\u00e1n\u00ed s \u00fasp\u011b\u0161n\u00fdmi spisovateli t\u00e9to literatury. Krom\u011b nich m\u016f\u017ee ale p\u0159ij\u00edt kdokoliv, kdo si chce koupit knihu s autogramem \u010di se \u00fa\u010dastnit besed a p\u0159edn\u00e1\u0161ek. Prob\u00edh\u00e1 zde tak\u00e9 dobro\u010dinn\u00e1 akce ur\u010den\u00e1 na podporu m\u00edstn\u00edho sirot\u010dince a \u0161koly pro nezvladateln\u00e9 d\u011bti. T\u0159e\u0161ni\u010dkou na dortu je rozhodn\u011b sout\u011b\u017e o nejlep\u0161\u00ed pov\u00eddku. Cenou bude smlouva na zve\u0159ejn\u011bn\u00ed pov\u00eddky v Anglii a ve Spojen\u00fdch St\u00e1tech. Takov\u00e1 akce rozhodn\u011b slibovala spisovatel\u016fm dobrou publicitu.<\/p>\n<p style=\"font-weight: 400;\">Proto\u017ee se tato akce t\u00fdkala i Agathy, jej\u00ed hospodyn\u011b Phyllida se s radost\u00ed pustila do pl\u00e1nov\u00e1n\u00ed a p\u0159\u00edprav. Byla v tom v\u00e1\u017en\u011b dobr\u00e1. Nav\u00edc jako dokonal\u00e1 profesion\u00e1lka se nau\u010dila vych\u00e1zet s ka\u017ed\u00fdm, by\u0165 j\u00ed lezl sebev\u00edc na nervy.<\/p>\n<p style=\"font-weight: 400;\"><strong>\u201c<em>Ale za\u017eila u\u017e p\u0159\u00edpady, kdy ji Agathiny komplikovan\u00e9 z\u00e1pletky p\u0159ekvapily, tak\u017ee dob\u0159e v\u011bd\u011bla, \u017ee nen\u00ed dobr\u00e9 jen tak n\u011bkoho pustit ze z\u0159etele. Skute\u010dnost b\u00fdv\u00e1 podivn\u011bj\u0161\u00ed ne\u017e fikce, to v\u00ed ka\u017ed\u00fd.\u201d<\/em><\/strong><\/p>\n<p style=\"font-weight: 400;\">Kdy\u017e b\u011bhem koktejlov\u00e9ho ve\u010d\u00edrku pad\u00e1 otec Tooley k zemi, st\u00e9n\u00e1 a dr\u017e\u00ed se za b\u0159icho, v\u011bt\u0161ina p\u0159\u00edtomn\u00fdch si mysl\u00ed, \u017ee je to zinscenovan\u00e1 hra, kter\u00e1 je sou\u010d\u00e1st\u00ed vra\u017eedn\u00e9ho festivalu. Ozve se aplaus\u2026Otec Tooley v\u0161ak znehybn\u00ed a vydechne naposled.<\/p>\n<p style=\"font-weight: 400;\">Byl to jed? Tak obl\u00edben\u00fd n\u00e1stroj vra\u017edy v mnoh\u00fdch detektivk\u00e1ch? A co motiv? Je v\u00e1\u017en\u011b tak jednozna\u010dn\u00fd? Pro\u010d by m\u011bl n\u011bkdo z\u00e1jem zab\u00edt kn\u011bze? Je snad n\u011bkdo z t\u011bch, co p\u00ed\u0161ou o vra\u017ed\u00e1ch, opravdov\u00fd vrah?<\/p>\n<p style=\"font-weight: 400;\"><strong><em>\u201cPhyllida v\u011b\u0159ila, \u017ee festival sklid\u00ed \u00fasp\u011bch\u2026i kdy\u017e jej halil p\u0159\u00edkrov skute\u010dn\u00e9 vra\u017edy. <\/em><\/strong><\/p>\n<p style=\"font-weight: 400;\"><strong><em>Kdy\u017e nad t\u00edm tak uva\u017eovala, zpr\u00e1va o tom stra\u0161n\u00e9m zlo\u010dinu a zamy\u0161len\u00e9 ob\u011bti dost mo\u017en\u00e1 p\u0159ivede na vra\u017eedn\u00fd festival v\u00edc n\u00e1v\u0161t\u011bvn\u00edk\u016f. N\u00e1siln\u00e1 smrt lidi p\u0159itahuje.\u201d<\/em><\/strong><\/p>\n<p style=\"font-weight: 400;\">Kniha Jedovat\u00e1 stopa je fantastick\u00e1 detektivka, kter\u00e1 si m\u011b naprosto z\u00edskala. Hospodyn\u011b Phyllida je kouzeln\u00fdm mixem Poirota a sle\u010dny Marplov\u00e9. Po\u0159\u00e1d do v\u0161eho strk\u00e1 nos, je v\u017edy o krok nap\u0159ed p\u0159ed polici\u00ed a ka\u017ed\u00fd ji mile r\u00e1d sd\u011bl\u00ed nov\u00e9 drby. Z\u00e1v\u011brem si v\u0161echny podez\u0159el\u00e9 pozve do spole\u010dn\u00e9 m\u00edstnosti a ozna\u010d\u00ed vraha. Nav\u00edc zde nen\u00ed nouze ani o mil\u00e9 a humorn\u00e9 okam\u017eiky. A jako extra bonus m\u00e1 kniha p\u0159ekr\u00e1snou o\u0159\u00edzku, kter\u00e1 v\u00e1s jist\u011b zaujme na prvn\u00ed pohled.<\/p>\n<p style=\"font-weight: 400;\"><strong><em>\u201cSpisovatel\u00e9 jsou sout\u011b\u017eiv\u00ed a tou\u017e\u00ed po publikaci. A ti, co p\u00ed\u0161ou o vra\u017ed\u00e1ch, jsou nejhor\u0161\u00ed. Jsou hrozn\u011b krve\u017e\u00edzniv\u00ed \u2013 a v\u011b\u010dn\u011b jen uva\u017euj\u00ed o tom, jak n\u011bkoho sprovodit ze sv\u011bta.\u201d<\/em><\/strong><\/p>\n<p style=\"font-weight: 400;\">\u00a0<\/p>\n<p style=\"font-weight: 400;\">\u00a0<\/p>\n<p style=\"font-weight: 400;\">Mark\u00e9ta Posp\u00ed\u0161ilov\u00e1<\/p>\n<p>Autor:\u00a0Mark\u00e9ta Posp\u00ed\u0161ilov\u00e1<\/p>\n","protected":false},"excerpt":{"rendered":"<p>Kniha Jedovat\u00e1 stopa pot\u011b\u0161\u00ed v\u0161echny fanou\u0161ky typick\u00e9 anglick\u00e9 detektivky. Se z\u00e1pletkou i zp\u016fsobem vra\u017edy by byla jist\u011b spokojen\u00e1 i kr\u00e1lovna detektivek Agatha Christie, kter\u00e1 se v knize nav\u00edc objevuje i p\u0159\u00edmo uprost\u0159ed d\u011bn\u00ed.<\/p>\n","protected":false},"author":2,"featured_media":324553,"comment_status":"open","ping_status":"open","sticky":false,"template":"","format":"standard","meta":{"_acf_changed":false,"_monsterinsights_skip_tracking":false,"_monsterinsights_sitenote_active":false,"_monsterinsights_sitenote_note":"","_monsterinsights_sitenote_category":0,"_EventAllDay":false,"_EventTimezone":"","_EventStartDate":"","_EventEndDate":"","_EventStartDateUTC":"","_EventEndDateUTC":"","_EventShowMap":false,"_EventShowMapLink":false,"_EventURL":"","_EventCost":"","_EventCostDescription":"","_EventCurrencySymbol":"","_EventCurrencyCode":"","_EventCurrencyPosition":"","_EventDateTimeSeparator":"","_EventTimeRangeSeparator":"","_EventOrganizerID":[],"_EventVenueID":[],"_OrganizerEmail":"","_OrganizerPhone":"","_OrganizerWebsite":"","_VenueAddress":"","_VenueCity":"","_VenueCountry":"","_VenueProvince":"","_VenueState":"","_VenueZip":"","_VenuePhone":"","_VenueURL":"","_VenueStateProvince":"","_VenueLat":"","_VenueLng":"","_VenueShowMap":false,"_VenueShowMapLink":false,"twitterCardType":"","cardImageID":0,"cardImage":"","cardTitle":"","cardDesc":"","cardImageAlt":"","cardPlayer":"","cardPlayerWidth":0,"cardPlayerHeight":0,"cardPlayerStream":"","cardPlayerCodec":"","footnotes":""},"categories":[7],"tags":[21832],"class_list":["post-324552","post","type-post","status-publish","format-standard","has-post-thumbnail","hentry","category-recenze","tag-literarni-kavarna"],"acf":{"related_products":null},"_links":{"self":[{"href":"https:\/\/www.luxor.cz\/blog\/wp-json\/wp\/v2\/posts\/324552","targetHints":{"allow":["GET"]}}],"collection":[{"href":"https:\/\/www.luxor.cz\/blog\/wp-json\/wp\/v2\/posts"}],"about":[{"href":"https:\/\/www.luxor.cz\/blog\/wp-json\/wp\/v2\/types\/post"}],"author":[{"embeddable":true,"href":"https:\/\/www.luxor.cz\/blog\/wp-json\/wp\/v2\/users\/2"}],"replies":[{"embeddable":true,"href":"https:\/\/www.luxor.cz\/blog\/wp-json\/wp\/v2\/comments?post=324552"}],"version-history":[{"count":0,"href":"https:\/\/www.luxor.cz\/blog\/wp-json\/wp\/v2\/posts\/324552\/revisions"}],"wp:featuredmedia":[{"embeddable":true,"href":"https:\/\/www.luxor.cz\/blog\/wp-json\/wp\/v2\/media\/324553"}],"wp:attachment":[{"href":"https:\/\/www.luxor.cz\/blog\/wp-json\/wp\/v2\/media?parent=324552"}],"wp:term":[{"taxonomy":"category","embeddable":true,"href":"https:\/\/www.luxor.cz\/blog\/wp-json\/wp\/v2\/categories?post=324552"},{"taxonomy":"post_tag","embeddable":true,"href":"https:\/\/www.luxor.cz\/blog\/wp-json\/wp\/v2\/tags?post=324552"}],"curies":[{"name":"wp","href":"https:\/\/api.w.org\/{rel}","templated":true}]}}