{"id":324546,"date":"2024-06-30T10:00:41","date_gmt":"2024-06-30T08:00:41","guid":{"rendered":"https:\/\/www.luxor.cz\/blog\/nezarazene\/64137-da-se-zapomenout-na-zivotni-lasku\/"},"modified":"2024-06-30T10:00:41","modified_gmt":"2024-06-30T08:00:41","slug":"64137-da-se-zapomenout-na-zivotni-lasku","status":"publish","type":"post","link":"https:\/\/www.luxor.cz\/blog\/recenze\/64137-da-se-zapomenout-na-zivotni-lasku\/","title":{"rendered":"D\u00e1 se zapomenout na \u017eivotn\u00ed l\u00e1sku?"},"content":{"rendered":"<p style=\"font-weight: 400;\">Hlavn\u00ed hrdinka Stevie Greenov\u00e1 \u017eije se sv\u00fdmi konzervativn\u00edmi rodi\u010di v\u00a0konzervativn\u00ed komunit\u011b m\u011bsta Wyatt. M\u00e1 b\u00fdt poslu\u0161n\u00e1 dcera, chodit do kostela a \u017e\u00edt podle bo\u017e\u00edch p\u0159ik\u00e1z\u00e1n\u00ed. A Stevie to skute\u010dn\u011b d\u011bl\u00e1. Aspo\u0148 dokud nepozn\u00e1 Noru Martinovou. Kv\u016fli \u00fazkoprs\u00e9 spole\u010dnosti ob\u011b d\u00edvky mus\u00ed sv\u016fj vztah tajit i p\u0159ed t\u011bmi nejbli\u017e\u0161\u00edmi. A proto pl\u00e1nuj\u00ed po maturit\u011b ut\u00e9ct z\u00a0m\u011bsta, p\u0159est\u011bhovat se do Kalifornie a kone\u010dn\u011b spolu moci ve\u0159ejn\u011b b\u00fdt.<\/p>\n<p style=\"font-weight: 400;\">Jen\u017ee pak Stevie potk\u00e1 tragick\u00e1 nehoda. Na tajn\u00e9m rande v\u00a0lese se z\u0159\u00edt\u00ed do rokle a rozbije si hlavu. Nora j\u00ed sice zachr\u00e1n\u00ed \u017eivot, ale Stevie z\u016fst\u00e1v\u00e1 v\u00a0k\u00f3matu. Kdy\u017e se po dvan\u00e1cti dnech kone\u010dn\u011b probud\u00ed, uk\u00e1\u017ee se, \u017ee nejen \u017ee si nepamatuje, co se j\u00ed stalo, ale zapomn\u011bla i posledn\u00ed dva roky sv\u00e9ho \u017eivota!<\/p>\n<p style=\"font-weight: 400;\">Vr\u00e1tila se do sv\u00fdch patn\u00e1cti let a nech\u00e1pe, pro\u010d si najednou nerozum\u00ed s\u00a0rodi\u010di ani s\u00a0nejlep\u0161\u00edmi kamar\u00e1dkami. Pro\u010d se rozhodla nastoupit na m\u00edstn\u00ed n\u00e1stavbu, kdy\u017e p\u0159edt\u00edm snila o odchodu z\u00a0m\u011bsta? Pro\u010d ne\u0161la na sv\u016fj maturitn\u00ed ples? Pro\u010d si na\u0161la pr\u00e1ci ve vzd\u00e1len\u00e9 kav\u00e1rn\u011b a pro\u010d v\u0161em lhala, \u017ee tam tr\u00e1v\u00ed v\u00edce \u010dasu, ne\u017e tomu bylo ve skute\u010dnosti? A hlavn\u011b, co d\u011blala v\u00a0lese pobl\u00ed\u017e farmy Martinov\u00fdch?<\/p>\n<p style=\"font-weight: 400;\">Stevie je ve sv\u00e9m \u017eivot\u011b naprosto ztracen\u00e1, nic nen\u00ed tak, jak si to pamatuje, dokonce ani jej\u00ed pokoj ne. N\u00e1vrat do b\u011b\u017en\u00e9 rutiny j\u00ed nepom\u00e1h\u00e1, vzpom\u00ednky se st\u00e1le nevracej\u00ed. V\u00a0jej\u00edm stavu se j\u00ed st\u00e1v\u00e1 oporou pr\u00e1v\u011b Nora, kterou pova\u017euje za \u00fapln\u011b ciz\u00ed holku, j\u00ed\u017e se m\u016f\u017ee sv\u011b\u0159it se v\u0161\u00edm, co ji tr\u00e1p\u00ed, proto\u017ee ona p\u0159ece starou Stevie neznala. Netu\u0161\u00ed v\u0161ak, \u017ee Nora m\u00e1 zlomen\u00e9 srdce. D\u00e1v\u00e1 si Steviino zran\u011bn\u00ed za vinu a p\u0159em\u00fd\u0161l\u00ed, jak j\u00ed \u0161etrn\u011b sd\u011blit, \u017ee se spolu nejen znaly, ale \u017ee jedna pro duhou znamenaly cel\u00fd sv\u011bt. Ne\u017e se v\u0161ak k n\u011b\u010demu odhodl\u00e1, Stevie za\u010dne randit s\u00a0Ryanem, do n\u011bho\u017e pr\u00fd byla podle sv\u00fdch kamar\u00e1dek p\u0159ed nehodou zamilovan\u00e1.<\/p>\n<p style=\"font-weight: 400;\">A\u010dkoli Nora netou\u017e\u00ed po ni\u010dem jin\u00e9m ne\u017e z\u00edskat svou l\u00e1sku zp\u00e1tky, m\u00e1 pr\u00e1vo \u017e\u00e1dat ji, aby znovu zpochybnila cel\u00fd sv\u016fj \u017eivot, vn\u00edm\u00e1n\u00ed sebe sama i sv\u00e9 rodiny? Aby s\u00a0n\u00ed v\u0161echno opustila?<\/p>\n<p style=\"font-weight: 400;\">Kniha je \u00fa\u017easn\u011b napsan\u00e1, je dojemn\u00e1, laskav\u00e1, ale i d\u011bsiv\u00e1. Nikdo z\u00a0n\u00e1s by si jist\u011b nep\u0159\u00e1l ztratit svoje vzpom\u00ednky (rozhodn\u011b ne ty kr\u00e1sn\u00e9), a u\u017e v\u016fbec si nedok\u00e1\u017eeme p\u0159edstavit, \u017ee by na n\u00e1s zapomn\u011bl n\u011bkdo, na kom n\u00e1m z\u00e1le\u017e\u00ed. U\u017e jen proto jsem od za\u010d\u00e1tku d\u00edvk\u00e1m fandila a p\u0159\u00e1la si, aby si Stevie co nejd\u0159\u00edv vzpomn\u011bla, anebo se znovu zamilovala. Proto\u017ee m\u016f\u017ee prav\u00e1 l\u00e1ska opravdu zmizet?<\/p>\n<p style=\"font-weight: 400;\">N\u00e1m\u011bt mi p\u0159ipomn\u011bl film <em>Nav\u017edy spolu<\/em>, jeho\u017e hrdinka po autonehod\u011b rovn\u011b\u017e ztrat\u00ed n\u011bkolik let \u017eivota a \u00fapln\u011b zapomene na sv\u00e9ho man\u017eela, a tak jsem doufala, \u017ee stejn\u011b jako v\u00a0onom filmu, i zde se do\u010dk\u00e1m happy endu.<\/p>\n<p style=\"font-weight: 400;\">Obou d\u00edvek mi ov\u0161em bylo neskute\u010dn\u011b l\u00edto i z\u00a0jin\u00e9ho d\u016fvodu. Mus\u00ed b\u00fdt p\u0159\u00ed\u0161ern\u00e9 \u017e\u00edt ve m\u011bst\u011b, kter\u00e9 v\u00e1s odsuzuje jen proto, \u017ee se n\u011bjak li\u0161\u00edte, a\u0165 u\u017e je to z\u00a0rasov\u00fdch d\u016fvod\u016f, jako u Ryana, nebo z\u00a0d\u016fvodu sexu\u00e1ln\u00ed orientace. Nora m\u00e1 nav\u00edc na rozd\u00edl od Stevie velmi nep\u0159\u00edjemnou matku, pro\u010de\u017e je v\u0161ak pro ni snaz\u0161\u00ed rodinu opustit. Zato Stevie m\u00e1 se svou matkou pom\u011brn\u011b dobr\u00fd vztah, kde\u017eto s\u00a0otcem se kv\u016fli jeho n\u00e1zor\u016fm zna\u010dn\u011b odcizili. Ob\u011b d\u00edvky tak mus\u00ed bojovat s\u00a0p\u0159edsudky i omezenost\u00ed m\u00edstn\u00ed komunity. Skute\u010dn\u011b je v\u0161ak jejich rodina zavrhne, nebo je bude nakonec schopn\u00e1 p\u0159ijmout? Je rodi\u010dovsk\u00e1 l\u00e1ska siln\u011bj\u0161\u00ed ne\u017e v\u00edra?<\/p>\n<p style=\"font-weight: 400;\">P\u0159\u00edb\u011bh m\u011b chytil od sam\u00e9ho za\u010d\u00e1tku. U\u017e\u00edvala jsem si ka\u017edou sc\u00e9nu, ka\u017ed\u00fd zvrat. Autorka skv\u011ble vykreslila psychologii postav, v\u0161ech, i t\u011bch vedlej\u0161\u00edch, co\u017e textu dod\u00e1valo na realisti\u010dnosti. P\u0159\u00edb\u011bh je sice vypr\u00e1v\u011bn\u00fd z\u00a0pohledu Stevie, ale do No\u0159iny hlavy m\u016f\u017eeme nahl\u00e9dnout prost\u0159ednictv\u00edm den\u00edkov\u00fdch z\u00e1pis\u016f adresovan\u00fdch jej\u00ed p\u0159\u00edtelkyni, kter\u00e9 si od jej\u00ed nehody vedla. Z\u00a0t\u011bch p\u00e1r odstavc\u016f \u010di\u0161\u00ed ohromn\u00e1 bolest, pocit ztr\u00e1ty, osam\u011blosti a bezradnosti. Opravdu b\u00e1je\u010dn\u011b napsan\u00e1 kniha, kterou v\u0161em v\u0159ele doporu\u010duji.<\/p>\n<p style=\"font-weight: 400;\">\u00a0<\/p>\n<p style=\"font-weight: 400;\">\u00a0<\/p>\n<p style=\"font-weight: 400;\">Petra Kamlachov\u00e1<\/p>\n<p>Autor:\u00a0Petra Kamlachov\u00e1<\/p>\n","protected":false},"excerpt":{"rendered":"<p>Na\u0161li jste jeden druh\u00e9ho, m\u00e1te spole\u010dn\u00e9 pl\u00e1ny, v\u00e1\u0161 vysn\u011bn\u00fd \u017eivot pr\u00e1v\u011b za\u010d\u00edn\u00e1\u2026 A pak se v\u0161echno najednou zm\u011bn\u00ed. Tak p\u0159esn\u011b o tom vypr\u00e1v\u00ed kniha Alyson Derrickov\u00e9 Vzpome\u0148 si na m\u011b.<\/p>\n","protected":false},"author":2,"featured_media":324547,"comment_status":"open","ping_status":"open","sticky":false,"template":"","format":"standard","meta":{"_acf_changed":false,"_monsterinsights_skip_tracking":false,"_monsterinsights_sitenote_active":false,"_monsterinsights_sitenote_note":"","_monsterinsights_sitenote_category":0,"_EventAllDay":false,"_EventTimezone":"","_EventStartDate":"","_EventEndDate":"","_EventStartDateUTC":"","_EventEndDateUTC":"","_EventShowMap":false,"_EventShowMapLink":false,"_EventURL":"","_EventCost":"","_EventCostDescription":"","_EventCurrencySymbol":"","_EventCurrencyCode":"","_EventCurrencyPosition":"","_EventDateTimeSeparator":"","_EventTimeRangeSeparator":"","_EventOrganizerID":[],"_EventVenueID":[],"_OrganizerEmail":"","_OrganizerPhone":"","_OrganizerWebsite":"","_VenueAddress":"","_VenueCity":"","_VenueCountry":"","_VenueProvince":"","_VenueState":"","_VenueZip":"","_VenuePhone":"","_VenueURL":"","_VenueStateProvince":"","_VenueLat":"","_VenueLng":"","_VenueShowMap":false,"_VenueShowMapLink":false,"twitterCardType":"","cardImageID":0,"cardImage":"","cardTitle":"","cardDesc":"","cardImageAlt":"","cardPlayer":"","cardPlayerWidth":0,"cardPlayerHeight":0,"cardPlayerStream":"","cardPlayerCodec":"","footnotes":""},"categories":[7],"tags":[21832],"class_list":["post-324546","post","type-post","status-publish","format-standard","has-post-thumbnail","hentry","category-recenze","tag-literarni-kavarna"],"acf":{"related_products":null},"_links":{"self":[{"href":"https:\/\/www.luxor.cz\/blog\/wp-json\/wp\/v2\/posts\/324546","targetHints":{"allow":["GET"]}}],"collection":[{"href":"https:\/\/www.luxor.cz\/blog\/wp-json\/wp\/v2\/posts"}],"about":[{"href":"https:\/\/www.luxor.cz\/blog\/wp-json\/wp\/v2\/types\/post"}],"author":[{"embeddable":true,"href":"https:\/\/www.luxor.cz\/blog\/wp-json\/wp\/v2\/users\/2"}],"replies":[{"embeddable":true,"href":"https:\/\/www.luxor.cz\/blog\/wp-json\/wp\/v2\/comments?post=324546"}],"version-history":[{"count":0,"href":"https:\/\/www.luxor.cz\/blog\/wp-json\/wp\/v2\/posts\/324546\/revisions"}],"wp:featuredmedia":[{"embeddable":true,"href":"https:\/\/www.luxor.cz\/blog\/wp-json\/wp\/v2\/media\/324547"}],"wp:attachment":[{"href":"https:\/\/www.luxor.cz\/blog\/wp-json\/wp\/v2\/media?parent=324546"}],"wp:term":[{"taxonomy":"category","embeddable":true,"href":"https:\/\/www.luxor.cz\/blog\/wp-json\/wp\/v2\/categories?post=324546"},{"taxonomy":"post_tag","embeddable":true,"href":"https:\/\/www.luxor.cz\/blog\/wp-json\/wp\/v2\/tags?post=324546"}],"curies":[{"name":"wp","href":"https:\/\/api.w.org\/{rel}","templated":true}]}}