{"id":324540,"date":"2024-07-09T10:00:02","date_gmt":"2024-07-09T08:00:02","guid":{"rendered":"https:\/\/www.luxor.cz\/blog\/nezarazene\/64141-poutave-finale-zverolekarky\/"},"modified":"2024-07-09T10:00:02","modified_gmt":"2024-07-09T08:00:02","slug":"64141-poutave-finale-zverolekarky","status":"publish","type":"post","link":"https:\/\/www.luxor.cz\/blog\/recenze\/64141-poutave-finale-zverolekarky\/","title":{"rendered":"Poutav\u00e9 fin\u00e1le Zv\u011brol\u00e9ka\u0159ky"},"content":{"rendered":"<div>\n<p class=\"Standard\">Z\u00e1v\u011bre\u010dn\u00e1 trilogie <strong>Zv\u011brol\u00e9ka\u0159ka \u2013 Odv\u00e1\u017en\u00e9 cesty<\/strong>, p\u0159in\u00e1\u0161\u00ed poutav\u00fd p\u0159\u00edb\u011bh o osudech dvoj\u010dat Daphne a Davida, zn\u00e1m\u00fdch jako DaDa, kte\u0159\u00ed n\u00e1sleduj\u00ed rodinnou tradici a v\u00e1\u0161e\u0148 pro zv\u00ed\u0159ata. Daphne, talentovan\u00e1 veterin\u00e1\u0159ka, se vyd\u00e1v\u00e1 na cestu do Ameriky se sv\u00fdm p\u0159\u00edtelem za v\u00fdzkumem \u0161impanz\u016f, ale po etick\u00fdch rozporech s p\u0159\u00edstupem k zv\u00ed\u0159at\u016fm se vyd\u00e1v\u00e1 na novou cestu \u2013 tentokr\u00e1t do Tanz\u00e1nie za vykop\u00e1vkami a pozd\u011bji do Konga za studiem bonob\u016f. David, na druh\u00e9 stran\u011b, uplat\u0148uje sv\u00e9 architektonick\u00e9 dovednosti ve sv\u011bt\u011b zoologick\u00fdch zahrad, na kter\u00e9 se specializuje. Jejich cesty jsou pln\u00e9 objev\u016f a dobrodru\u017estv\u00ed, kter\u00e9 je zavedou do r\u016fzn\u00fdch kout\u016f sv\u011bta.<\/p>\n<\/div>\n<div>\n<p class=\"Standard\"><span style=\"font-size: 11pt;\">Paraleln\u011b sledujeme osudy Grit De Groot, nadan\u00e9 pianistky a dcery Nellie, kter\u00e1 se po smrti sv\u00e9ho otce Philippa vyd\u00e1v\u00e1 na cestu za matkou na Nov\u00fd Z\u00e9land. Zde se setk\u00e1v\u00e1 s dcerou Helenou, kterou kdysi opustila ve prosp\u011bch sv\u00e9 kari\u00e9ry. Grit je zobrazena jako komplexn\u00ed postava, jej\u00ed\u017e sebest\u0159ednost a kari\u00e9rismus jsou konfrontov\u00e1ny s realitou mate\u0159stv\u00ed a rodinn\u00fdch vztah\u016f. P\u0159\u00edb\u011bh se dot\u00fdk\u00e1 t\u00e9mat odpu\u0161t\u011bn\u00ed, rodinn\u00fdch pout a osobn\u00edho r\u016fstu.<\/span><\/p>\n<\/div>\n<div>\n<p class=\"Standard\">Trilogie nab\u00edz\u00ed bohat\u00fd p\u0159\u00edb\u011bh pln\u00fd emoc\u00ed, konflikt\u016f a zvrat\u016f. Ka\u017ed\u00e1 z postav \u010del\u00ed sv\u00fdm vlastn\u00edm v\u00fdzv\u00e1m a osud jim neust\u00e1le klade p\u0159ek\u00e1\u017eky. Sledujeme osudy t\u011bchto t\u0159\u00ed odli\u0161n\u00fdch mlad\u00fdch \u017een, kter\u00e9 spojuje nejen rodinn\u00e1 vazba, ale i ne\u010dekan\u00e9 \u017eivotn\u00ed zvraty. Henny tou\u017e\u00ed po spojen\u00ed s biologickou matkou, kter\u00e1 v\u0161ak o takov\u00fd vztah nestoj\u00ed, a tak nach\u00e1z\u00ed \u00fat\u011bchu v p\u00e9\u010di o svou mlad\u0161\u00ed sestru Audrey. Grit zase \u010del\u00ed \u0159ad\u011b osobn\u00edch trag\u00e9di\u00ed: smrti otce, rozchodu s p\u0159\u00edtelem a nar\u016fstaj\u00edc\u00edm rodinn\u00fdm tlakem. Toto obdob\u00ed zkou\u0161ek a ztr\u00e1t j\u00ed vedou k p\u0159ehodnocen\u00ed sv\u00fdch \u017eivotn\u00edch priorit. Gritino rozhodnut\u00ed vydat se s dcerami na Kr\u00e9tu, m\u00edsto spojen\u00e9 s rodinnou histori\u00ed a v\u00e1lkou, m\u016f\u017ee b\u00fdt kl\u00ed\u010dov\u00e9 pro jejich budoucnost. Jejich p\u0159\u00edb\u011bhy jsou propleteny a ovliv\u0148uj\u00ed se navz\u00e1jem, co\u017e \u010dten\u00e1\u0159e nut\u00ed zamyslet se nad hodnotami rodiny a osobn\u00ed odpov\u011bdnost\u00ed. Kniha z\u00e1rove\u0148 klade ot\u00e1zku, zda je mo\u017en\u00e9 naj\u00edt spr\u00e1vnou cestu v \u017eivot\u011b, kdy\u017e se zd\u00e1, \u017ee v\u0161echny volby vedou k ne\u010dekan\u00fdm d\u016fsledk\u016fm. Tato trilogie je tak nejen dobrodru\u017estv\u00edm nap\u0159\u00ed\u010d kontinenty, ale i sebezpytuj\u00edc\u00ed cestou za pochopen\u00edm sebe sama a sv\u011bta kolem n\u00e1s.<\/p>\n<\/div>\n<div>\n<p class=\"Standard\">Autorka s p\u0159ehledem zapojila do d\u011bje i obl\u00edben\u00e9 postavy z p\u0159edchoz\u00edch dvou knih. Marii a Bernharda (rodi\u010de Daphne a Davida), stejn\u011b jako Nellie a jej\u00edho man\u017eela Waltera, p\u0159edstavuje jako kl\u00ed\u010dov\u00e9 postavy, kter\u00e9 obohacuj\u00ed p\u0159\u00edb\u011bh svou p\u0159\u00edtomnost\u00ed. April a Alex, kte\u0159\u00ed vystupuj\u00ed jako n\u00e1hradn\u00ed rodina Henny, hlavn\u00ed hrdinky, jsou sice m\u00e9n\u011b v\u00fdrazn\u00ed, ale i tak p\u0159in\u00e1\u0161ej\u00ed do p\u0159\u00edb\u011bhu nov\u00e9 perspektivy a hloubku. Jejich role, a\u010d okrajov\u00e9, jsou z\u00e1sadn\u00ed pro pochopen\u00ed motivac\u00ed a v\u00fdvoje hlavn\u00edch postav. T\u00edmto zp\u016fsobem autorka ukazuje, \u017ee i postavy, kter\u00e9 se objevuj\u00ed pouze sporadicky, mohou m\u00edt v p\u0159\u00edb\u011bhu nezastupitelnou roli a p\u0159isp\u011bt k jeho celkov\u00e9mu p\u016fvabu a komplexnosti.<\/p>\n<\/div>\n<div>\n<p class=\"Standard\">\u00a0<\/p>\n<\/div>\n<div>\n<p class=\"Standard\">\u00a0<\/p>\n<\/div>\n<div>\n<p class=\"Standard\">Simona Krchov\u00e1<\/p>\n<\/div>\n<p>Autor:\u00a0Simona Krchov\u00e1<\/p>\n","protected":false},"excerpt":{"rendered":"<p>P\u0159\u00edb\u011bh n\u00e1s zavede do exotick\u00fdch lokalit jako Austr\u00e1lie, Nov\u00fd Z\u00e9land, Amerika, Kongo a Kr\u00e9ta, kde se odehr\u00e1v\u00e1 fin\u00e1le tohoto siln\u00e9ho rodinn\u00e9ho p\u0159\u00edb\u011bhu.\u00a0<\/p>\n","protected":false},"author":2,"featured_media":324541,"comment_status":"open","ping_status":"open","sticky":false,"template":"","format":"standard","meta":{"_acf_changed":false,"_monsterinsights_skip_tracking":false,"_monsterinsights_sitenote_active":false,"_monsterinsights_sitenote_note":"","_monsterinsights_sitenote_category":0,"_EventAllDay":false,"_EventTimezone":"","_EventStartDate":"","_EventEndDate":"","_EventStartDateUTC":"","_EventEndDateUTC":"","_EventShowMap":false,"_EventShowMapLink":false,"_EventURL":"","_EventCost":"","_EventCostDescription":"","_EventCurrencySymbol":"","_EventCurrencyCode":"","_EventCurrencyPosition":"","_EventDateTimeSeparator":"","_EventTimeRangeSeparator":"","_EventOrganizerID":[],"_EventVenueID":[],"_OrganizerEmail":"","_OrganizerPhone":"","_OrganizerWebsite":"","_VenueAddress":"","_VenueCity":"","_VenueCountry":"","_VenueProvince":"","_VenueState":"","_VenueZip":"","_VenuePhone":"","_VenueURL":"","_VenueStateProvince":"","_VenueLat":"","_VenueLng":"","_VenueShowMap":false,"_VenueShowMapLink":false,"twitterCardType":"","cardImageID":0,"cardImage":"","cardTitle":"","cardDesc":"","cardImageAlt":"","cardPlayer":"","cardPlayerWidth":0,"cardPlayerHeight":0,"cardPlayerStream":"","cardPlayerCodec":"","footnotes":""},"categories":[7],"tags":[21832],"class_list":["post-324540","post","type-post","status-publish","format-standard","has-post-thumbnail","hentry","category-recenze","tag-literarni-kavarna"],"acf":{"related_products":null},"_links":{"self":[{"href":"https:\/\/www.luxor.cz\/blog\/wp-json\/wp\/v2\/posts\/324540","targetHints":{"allow":["GET"]}}],"collection":[{"href":"https:\/\/www.luxor.cz\/blog\/wp-json\/wp\/v2\/posts"}],"about":[{"href":"https:\/\/www.luxor.cz\/blog\/wp-json\/wp\/v2\/types\/post"}],"author":[{"embeddable":true,"href":"https:\/\/www.luxor.cz\/blog\/wp-json\/wp\/v2\/users\/2"}],"replies":[{"embeddable":true,"href":"https:\/\/www.luxor.cz\/blog\/wp-json\/wp\/v2\/comments?post=324540"}],"version-history":[{"count":0,"href":"https:\/\/www.luxor.cz\/blog\/wp-json\/wp\/v2\/posts\/324540\/revisions"}],"wp:featuredmedia":[{"embeddable":true,"href":"https:\/\/www.luxor.cz\/blog\/wp-json\/wp\/v2\/media\/324541"}],"wp:attachment":[{"href":"https:\/\/www.luxor.cz\/blog\/wp-json\/wp\/v2\/media?parent=324540"}],"wp:term":[{"taxonomy":"category","embeddable":true,"href":"https:\/\/www.luxor.cz\/blog\/wp-json\/wp\/v2\/categories?post=324540"},{"taxonomy":"post_tag","embeddable":true,"href":"https:\/\/www.luxor.cz\/blog\/wp-json\/wp\/v2\/tags?post=324540"}],"curies":[{"name":"wp","href":"https:\/\/api.w.org\/{rel}","templated":true}]}}