{"id":324536,"date":"2024-07-15T10:00:54","date_gmt":"2024-07-15T08:00:54","guid":{"rendered":"https:\/\/www.luxor.cz\/blog\/nezarazene\/64145-zlovestne-jaro\/"},"modified":"2024-07-15T10:00:54","modified_gmt":"2024-07-15T08:00:54","slug":"64145-zlovestne-jaro","status":"publish","type":"post","link":"https:\/\/www.luxor.cz\/blog\/recenze\/64145-zlovestne-jaro\/","title":{"rendered":"Zlov\u011bstn\u00e9 jaro"},"content":{"rendered":"<p style=\"font-weight: 400;\">Pom\u011brn\u011b kr\u00e1tk\u00e9, ale velice nap\u00ednav\u00e9 pov\u00eddky s\u00a0jarn\u00ed t\u00e9matikou jsou ide\u00e1ln\u00ed \u010detbou na toto obdob\u00ed roku. Oddechov\u00e9 \u010dten\u00ed, kde je v\u0161e, co od takov\u00e9 knihy o\u010dek\u00e1v\u00e1me. U n\u011bkter\u00fdch pov\u00eddek jsem vraha odhalila, u n\u011bkter\u00fdch jsem t\u00e1pala a\u017e do konce. Kniha je napsan\u00e1 p\u0159esn\u011b ve stylu autorky. Pov\u00eddky nejsou drastick\u00e9, jako to b\u00fdv\u00e1 u novodob\u00fdch thriller\u016f, je to jej\u00ed odleh\u010den\u00fd styl, o to v\u00edc m\u011b jej\u00ed detektivn\u00ed p\u0159\u00edpady bav\u00ed. Ka\u017ed\u00fd z\u00a0hlavn\u00edch hrdin\u016f m\u011b zaujal hlavn\u011b svou inteligenc\u00ed a dedukcemi, kter\u00e9 jsou naprosto dokonal\u00e9 a poka\u017ed\u00e9 spr\u00e1vn\u00e9.<\/p>\n<p style=\"font-weight: 400;\">\u00a0<\/p>\n<p style=\"font-weight: 400;\">Pokud jste fanou\u0161ky autorky Agathy Christie stejn\u011b jako j\u00e1, nem\u011bla by tato kniha chyb\u011bt ve va\u0161\u00ed knihovn\u011b. Je zaj\u00edmav\u00e1 a nap\u00ednav\u00e1 od za\u010d\u00e1tku do konce a opravdu m\u011b neskute\u010dn\u011b bav\u00ed hr\u00e1t si na detektiva. Setk\u00e1v\u00e1me se s\u00a0t\u011bmi snad nejzn\u00e1m\u011bj\u0161\u00edmi detektivy, jako m\u00e1<\/p>\n<p style=\"font-weight: 400;\">obl\u00edben\u00e1 sle\u010dna Marplov\u00e1 nebo dokonal\u00fd Hercule Poirot a spousta dal\u0161\u00edch.<\/p>\n<p style=\"font-weight: 400;\">\u00a0T\u00edm \u017ee jsou pov\u00eddky kr\u00e1tk\u00e9, tak se kniha \u010dte t\u00e9m\u011b\u0159 sama. Kr\u00e1sn\u011b v\u0161echny p\u0159\u00edb\u011bhy plynou. Za m\u011b osobn\u011b je to ide\u00e1ln\u00ed \u010dten\u00ed t\u0159eba na letn\u00ed dovolenou p\u0159i opalov\u00e1n\u00ed na pl\u00e1\u017ei. Nic n\u00e1ro\u010dn\u00e9ho, odpo\u010dinkov\u00e9 \u010dten\u00ed. Autorka Agatha Christie rozhodn\u011b nezklamala a pevn\u011b douf\u00e1m, \u017ee i nad\u00e1le budou vych\u00e1zet i po jej\u00ed smrti dal\u0161\u00ed jej\u00ed knihy, a\u0165 u\u017e detektivky tak m\u00e9 obl\u00edben\u00e9 pov\u00eddky, jako je pr\u00e1v\u011b tato kniha Zlov\u011bstn\u00e9 jaro-p\u0159\u00edpady zrozen\u00e9 v\u00a0\u010dase t\u00e1n\u00ed.<\/p>\n<p style=\"font-weight: 400;\">\u00a0Knihu hodnot\u00edm velice kladn\u011b. Zaslou\u017e\u00ed si rozhodn\u011b p\u011bt hv\u011bzdi\u010dek z\u00a0p\u011bti. Nejv\u00edce oce\u0148uji autor\u010din styl psan\u00ed, motivy zlo\u010dinu i jejich rozlu\u0161t\u011bn\u00ed a charaktery postav. Nechyb\u00ed v\u016fbec nic. Doporu\u010duji.<\/p>\n<p style=\"font-weight: 400;\">\u00a0<\/p>\n<p style=\"font-weight: 400;\">\u00a0<\/p>\n<p style=\"font-weight: 400;\">Andrea \u0160m\u00eddov\u00e1<\/p>\n<p>Autor:\u00a0Andrea \u0160m\u00eddov\u00e1<\/p>\n","protected":false},"excerpt":{"rendered":"<p>Kr\u00e1lovna pov\u00eddek a detektivn\u00edch p\u0159\u00edpad\u016f? Jednozna\u010dn\u011b Agatha Christie. Dal\u0161\u00ed z\u00a0jejich knih je skv\u011blou p\u0159ipom\u00ednkou t\u00e9to velk\u00e9 spisovatelky.<\/p>\n","protected":false},"author":2,"featured_media":324537,"comment_status":"open","ping_status":"open","sticky":false,"template":"","format":"standard","meta":{"_acf_changed":false,"_monsterinsights_skip_tracking":false,"_monsterinsights_sitenote_active":false,"_monsterinsights_sitenote_note":"","_monsterinsights_sitenote_category":0,"_EventAllDay":false,"_EventTimezone":"","_EventStartDate":"","_EventEndDate":"","_EventStartDateUTC":"","_EventEndDateUTC":"","_EventShowMap":false,"_EventShowMapLink":false,"_EventURL":"","_EventCost":"","_EventCostDescription":"","_EventCurrencySymbol":"","_EventCurrencyCode":"","_EventCurrencyPosition":"","_EventDateTimeSeparator":"","_EventTimeRangeSeparator":"","_EventOrganizerID":[],"_EventVenueID":[],"_OrganizerEmail":"","_OrganizerPhone":"","_OrganizerWebsite":"","_VenueAddress":"","_VenueCity":"","_VenueCountry":"","_VenueProvince":"","_VenueState":"","_VenueZip":"","_VenuePhone":"","_VenueURL":"","_VenueStateProvince":"","_VenueLat":"","_VenueLng":"","_VenueShowMap":false,"_VenueShowMapLink":false,"twitterCardType":"","cardImageID":0,"cardImage":"","cardTitle":"","cardDesc":"","cardImageAlt":"","cardPlayer":"","cardPlayerWidth":0,"cardPlayerHeight":0,"cardPlayerStream":"","cardPlayerCodec":"","footnotes":""},"categories":[7],"tags":[21832],"class_list":["post-324536","post","type-post","status-publish","format-standard","has-post-thumbnail","hentry","category-recenze","tag-literarni-kavarna"],"acf":{"related_products":null},"_links":{"self":[{"href":"https:\/\/www.luxor.cz\/blog\/wp-json\/wp\/v2\/posts\/324536","targetHints":{"allow":["GET"]}}],"collection":[{"href":"https:\/\/www.luxor.cz\/blog\/wp-json\/wp\/v2\/posts"}],"about":[{"href":"https:\/\/www.luxor.cz\/blog\/wp-json\/wp\/v2\/types\/post"}],"author":[{"embeddable":true,"href":"https:\/\/www.luxor.cz\/blog\/wp-json\/wp\/v2\/users\/2"}],"replies":[{"embeddable":true,"href":"https:\/\/www.luxor.cz\/blog\/wp-json\/wp\/v2\/comments?post=324536"}],"version-history":[{"count":0,"href":"https:\/\/www.luxor.cz\/blog\/wp-json\/wp\/v2\/posts\/324536\/revisions"}],"wp:featuredmedia":[{"embeddable":true,"href":"https:\/\/www.luxor.cz\/blog\/wp-json\/wp\/v2\/media\/324537"}],"wp:attachment":[{"href":"https:\/\/www.luxor.cz\/blog\/wp-json\/wp\/v2\/media?parent=324536"}],"wp:term":[{"taxonomy":"category","embeddable":true,"href":"https:\/\/www.luxor.cz\/blog\/wp-json\/wp\/v2\/categories?post=324536"},{"taxonomy":"post_tag","embeddable":true,"href":"https:\/\/www.luxor.cz\/blog\/wp-json\/wp\/v2\/tags?post=324536"}],"curies":[{"name":"wp","href":"https:\/\/api.w.org\/{rel}","templated":true}]}}