{"id":324534,"date":"2024-07-17T14:03:09","date_gmt":"2024-07-17T12:03:09","guid":{"rendered":"https:\/\/www.luxor.cz\/blog\/nezarazene\/64149-nikdy-nikdy-tak-tohle-byla-velmi-netypicka-colleen\/"},"modified":"2024-07-17T14:03:09","modified_gmt":"2024-07-17T12:03:09","slug":"64149-nikdy-nikdy-tak-tohle-byla-velmi-netypicka-colleen","status":"publish","type":"post","link":"https:\/\/www.luxor.cz\/blog\/recenze\/64149-nikdy-nikdy-tak-tohle-byla-velmi-netypicka-colleen\/","title":{"rendered":"Nikdy, nikdy: Tak tohle byla velmi netypick\u00e1 Colleen"},"content":{"rendered":"<p>Pod\u00edv\u00e1te se na sv\u00e9 p\u0159\u00e1tel\u00e9 a nepozn\u00e1v\u00e1te je. Jste v ciz\u00edm t\u011ble, kter\u00e9 se v\u00e1m bu\u010f zamlouv\u00e1 nebo ne. Nepamatujete si, kde bydl\u00edte, kdo jsou va\u0161i rodi\u010de. No zkr\u00e1tka zmatek a chaos. Nepochopen\u00ed.<\/p>\n<p>\u00a0<\/p>\n<p>P\u0159esn\u011b tohle se stalo hlavn\u00edm hrdin\u016fm knihy Nikdy, nikdy od autorky Colleen Hooverov\u00e9 a Tarryn Fisher. Cheryl a Silas z minuty na minutu nev\u00ed k\u00fdm jsou a jejich c\u00edlem je na to p\u0159ij\u00edt. Souvis\u00ed to snad s n\u011bjakou nemoc\u00ed? Nebo jejich minulost\u00ed?<\/p>\n<p>\u00a0<\/p>\n<p>Autorky n\u00e1m postupn\u011b v p\u0159\u00edb\u011bhu p\u0159edkl\u00e1daj\u00ed minulost obou hrdin\u016f a n\u00e1m se tak odkr\u00fdv\u00e1 fakt, \u017ee se hlavn\u00ed hrdinov\u00e9 znaj\u00ed, \u017ee se m\u011bli v\u00edce ne\u017e r\u00e1di a \u017ee jsou jejich rodiny aktu\u00e1ln\u011b znep\u0159\u00e1telen\u00e9. Co v\u0161echno se stalo v jejich osudech v\u00e1m zde neprozrad\u00edm.<\/p>\n<p>\u00a0<\/p>\n<p>\u00a0<\/p>\n<p>Za sebe mus\u00edm napsat, \u017ee pro mne byla tato kniha zklam\u00e1n\u00edm. Colleen m\u00e1m jako autorku pom\u011brn\u011b r\u00e1da a od Tarryn jsem doposud nic ne\u010detla, p\u0159esto jsem v\u0161ak od knihy m\u011bla velk\u00e1 o\u010dek\u00e1v\u00e1n\u00ed. Autorky p\u0159i\u0161ly s opravdu p\u0159\u00edjemn\u00fdm n\u00e1padem \u2013 ztracen\u00e1 pam\u011b\u0165 se mi jako z\u00e1pletka velmi zamlouvala. Ov\u0161em pravdou je, \u017ee jsem se v pr\u016fb\u011bhu \u010dten\u00ed nudila a samotn\u00e9 vy\u00fast\u011bn\u00ed p\u0159\u00edb\u011bhu mne tak\u00e9 zklamalo.<\/p>\n<p>\u00a0<\/p>\n<p>Promy\u0161lenost d\u011bje mi p\u0159i\u0161la tak\u00e9 pom\u011brn\u011b chud\u00e1 a i kdy\u017e hlavn\u00ed hrdinov\u00e9 pomalu p\u0159ich\u00e1zeli na to, k\u00fdm skute\u010dn\u011b jsou, tak celkov\u011b mi pojet\u00ed toho, jak se d\u011bj odehr\u00e1val, zkr\u00e1tka nesed\u011bl.<\/p>\n<p>\u00a0<\/p>\n<p>Popis osob a prost\u0159ed\u00ed byly je\u0161t\u011b celkem dobr\u00e9, ale na to, \u017ee se v knize prakticky nic moc neodehr\u00e1valo, mi to p\u0159i\u0161lo stejn\u011b n\u011bjak\u00e9 slab\u00e9 \u2013 takov\u00e9 zvl\u00e1\u0161tn\u011b usp\u011bchan\u00e9 a p\u0159itom l\u00edn\u00e9. \u010clov\u011bk \u010detl, \u010detl a najednou bum a byl konec. Mus\u00edm se v\u0161ak p\u0159iznat, \u017ee jsem byla skute\u010dn\u011b zv\u011bdav\u00e1, jak autorky vybrusl\u00ed ze situace, do kter\u00e9 Cheryl a Silase poslaly.<\/p>\n<p>\u00a0<\/p>\n<p>Vztah k hlavn\u00edm hrdin\u016fm jsem si nevytvo\u0159ila \u017e\u00e1dn\u00fd. Prost\u011b jsem si v poklidu \u010detla jejich p\u0159\u00edb\u011bh a \u017e\u00e1dn\u00e9 emoce jsem u toho nec\u00edtila, co\u017e se mi v\u011bt\u0161inou u p\u0159\u00edb\u011bh\u016f od samotn\u00e9 Colleen nest\u00e1v\u00e1.<\/p>\n<p>\u00a0<\/p>\n<p>No\u2026 \u010dekala jsem zkr\u00e1tka n\u011bco jin\u00e9ho, n\u011bco v\u00edc. V\u00edm, \u017ee n\u011bkte\u0159\u00ed \u010dten\u00e1\u0159i jsou z knihy nad\u0161en\u00ed a tvrd\u00ed, \u017ee v p\u0159\u00edb\u011bhu byla ohromn\u00e1 hloubka \u2013 j\u00e1 s nimi tento n\u00e1zor nesd\u00edl\u00edm. Za m\u011b byl tento p\u0159\u00edb\u011bh slab\u0161\u00edm kouskem. P\u0159esto se v\u0161ak u\u017e t\u011b\u0161\u00edm na dal\u0161\u00ed knihu od Colleen. V\u011b\u0159\u00edm, \u017ee mi tro\u0161ku naprav\u00ed chu\u0165.<\/p>\n<p>\u00a0<\/p>\n<p>\u00a0<\/p>\n<p>Autor:\u00a0Vyb\u00edr\u00e1me z m\u00e9di\u00ed: Datab\u00e1ze knih<\/p>\n","protected":false},"excerpt":{"rendered":"<p>Co byste d\u011blali, kdybyste ztratili pam\u011b\u0165? Kdybyste zkr\u00e1tka najednou z ni\u010deho nic nev\u011bd\u011bli kdo jste, k\u00fdm jste, co d\u011bl\u00e1te, jak vypad\u00e1te. Prost\u011b naprost\u00e1 ztr\u00e1ta vlastn\u00ed identity. Pod\u00edv\u00e1te se do zrcadla a nepozn\u00e1v\u00e1te se.<\/p>\n<p>\u00a0<\/p>\n","protected":false},"author":2,"featured_media":324535,"comment_status":"open","ping_status":"open","sticky":false,"template":"","format":"standard","meta":{"_acf_changed":false,"_monsterinsights_skip_tracking":false,"_monsterinsights_sitenote_active":false,"_monsterinsights_sitenote_note":"","_monsterinsights_sitenote_category":0,"_EventAllDay":false,"_EventTimezone":"","_EventStartDate":"","_EventEndDate":"","_EventStartDateUTC":"","_EventEndDateUTC":"","_EventShowMap":false,"_EventShowMapLink":false,"_EventURL":"","_EventCost":"","_EventCostDescription":"","_EventCurrencySymbol":"","_EventCurrencyCode":"","_EventCurrencyPosition":"","_EventDateTimeSeparator":"","_EventTimeRangeSeparator":"","_EventOrganizerID":[],"_EventVenueID":[],"_OrganizerEmail":"","_OrganizerPhone":"","_OrganizerWebsite":"","_VenueAddress":"","_VenueCity":"","_VenueCountry":"","_VenueProvince":"","_VenueState":"","_VenueZip":"","_VenuePhone":"","_VenueURL":"","_VenueStateProvince":"","_VenueLat":"","_VenueLng":"","_VenueShowMap":false,"_VenueShowMapLink":false,"twitterCardType":"","cardImageID":0,"cardImage":"","cardTitle":"","cardDesc":"","cardImageAlt":"","cardPlayer":"","cardPlayerWidth":0,"cardPlayerHeight":0,"cardPlayerStream":"","cardPlayerCodec":"","footnotes":""},"categories":[7],"tags":[21832],"class_list":["post-324534","post","type-post","status-publish","format-standard","has-post-thumbnail","hentry","category-recenze","tag-literarni-kavarna"],"acf":{"related_products":null},"_links":{"self":[{"href":"https:\/\/www.luxor.cz\/blog\/wp-json\/wp\/v2\/posts\/324534","targetHints":{"allow":["GET"]}}],"collection":[{"href":"https:\/\/www.luxor.cz\/blog\/wp-json\/wp\/v2\/posts"}],"about":[{"href":"https:\/\/www.luxor.cz\/blog\/wp-json\/wp\/v2\/types\/post"}],"author":[{"embeddable":true,"href":"https:\/\/www.luxor.cz\/blog\/wp-json\/wp\/v2\/users\/2"}],"replies":[{"embeddable":true,"href":"https:\/\/www.luxor.cz\/blog\/wp-json\/wp\/v2\/comments?post=324534"}],"version-history":[{"count":0,"href":"https:\/\/www.luxor.cz\/blog\/wp-json\/wp\/v2\/posts\/324534\/revisions"}],"wp:featuredmedia":[{"embeddable":true,"href":"https:\/\/www.luxor.cz\/blog\/wp-json\/wp\/v2\/media\/324535"}],"wp:attachment":[{"href":"https:\/\/www.luxor.cz\/blog\/wp-json\/wp\/v2\/media?parent=324534"}],"wp:term":[{"taxonomy":"category","embeddable":true,"href":"https:\/\/www.luxor.cz\/blog\/wp-json\/wp\/v2\/categories?post=324534"},{"taxonomy":"post_tag","embeddable":true,"href":"https:\/\/www.luxor.cz\/blog\/wp-json\/wp\/v2\/tags?post=324534"}],"curies":[{"name":"wp","href":"https:\/\/api.w.org\/{rel}","templated":true}]}}