{"id":324528,"date":"2024-07-23T10:50:08","date_gmt":"2024-07-23T08:50:08","guid":{"rendered":"https:\/\/www.luxor.cz\/blog\/nezarazene\/64150-kdyz-zena-pise-zene\/"},"modified":"2024-07-23T10:50:08","modified_gmt":"2024-07-23T08:50:08","slug":"64150-kdyz-zena-pise-zene","status":"publish","type":"post","link":"https:\/\/www.luxor.cz\/blog\/recenze\/64150-kdyz-zena-pise-zene\/","title":{"rendered":"Kdy\u017e \u017eena p\u00ed\u0161e \u017een\u011b"},"content":{"rendered":"<p><span style=\"vertical-align: inherit;\"><span style=\"vertical-align: inherit;\">Nahl\u00e9dnout do ciz\u00edch dopis\u016f je jako vyslechnout si intimn\u00ed zpov\u011b\u010f. Otev\u00edr\u00e1 se n\u00e1m okno do soukrom\u00ed druh\u00e9ho \u010dlov\u011bka, do jeho my\u0161lenek a cit\u016f. Kniha Kdy\u017e \u017eena p\u00ed\u0161e \u017een\u011b sk\u00fdt\u00e1 p\u0159\u00edle\u017eitost proniknout skrz \u010dtrn\u00e1ct dopis\u016f do du\u0161\u00ed \u010dtrn\u00e1cti v\u00fdjime\u010dn\u00fdch \u017een. Ka\u017ed\u00e1 z nich se odkryla v dopise, kter\u00fd v\u011bnoval jin\u00e9 \u017een\u011b \u010di \u017een\u00e1m, anebo sama sob\u011b.<\/span><\/span><\/p>\n<p>\u00a0<\/p>\n<p><span style=\"vertical-align: inherit;\"><span style=\"vertical-align: inherit;\">Kniha je rozd\u011blena do dvou \u010d\u00e1st\u00ed, kter\u00e9 se vz\u00e1jemn\u011b dopl\u0148uj\u00ed a prohlubuj\u00ed. V prvn\u00ed \u010d\u00e1sti se pono\u0159\u00edme do syrov\u00fdch a emotivn\u00edch dopis\u016f otev\u00edraj\u00edc\u00edch t\u00e9mata l\u00e1sky, ztr\u00e1ty, mate\u0159stv\u00ed, kari\u00e9ry a hled\u00e1n\u00ed sebe sama. Druh\u00e1 \u010d\u00e1st pak p\u0159in\u00e1\u0161\u00ed hlubok\u00e9 rozhovory autorek s ka\u017edou z respondentek. Rozhovory rozv\u00edjej\u00ed a dokresluj\u00ed jejich p\u0159\u00edb\u011bhy, a tak n\u00e1m toto nezvykl\u00e9 propojen\u00ed dopis\u016f s rozhovory umo\u017e\u0148uje z\u00edskat jedine\u010dn\u00fd pohled na tyto \u017eeny i na jejich \u017eivotn\u00ed zku\u0161enosti.<\/span><\/span><\/p>\n<p>\u00a0<\/p>\n<p><span style=\"vertical-align: inherit;\"><span style=\"vertical-align: inherit;\">Jak d\u016fle\u017eit\u00e1 je role sestry pro far\u00e1\u0159ku Martina Viktorii Kopeckou? Co znamen\u00e1 b\u00fdt dobr\u00e1 m\u00e1ma pro horolezkyni Kl\u00e1ru Kolouchovou? Jak dos\u00e1hla vnit\u0159n\u00edho klidu d\u00e1lkov\u00e1 plavkyn\u011b Abhejali Bernardov\u00e1? Jak se odevzd\u00e1v\u00e1m ve vztahu Pavl\u00edna Saudkov\u00e1?<\/span><\/span><\/p>\n<p>\u00a0<\/p>\n<p><span style=\"vertical-align: inherit;\"><span style=\"vertical-align: inherit;\">\u017deny-pisatelky se v knize neboj\u00ed sd\u00edlet sv\u00e9 nejnitern\u011bj\u0161\u00ed my\u0161lenky a pocity, i kdy\u017e se \u010dasto jedn\u00e1 o t\u011b\u017ek\u00e1 a bolestiv\u00e1 t\u00e9mata. Pr\u00e1v\u011b tato up\u0159\u00edmnost dod\u00e1v\u00e1 knize na autenti\u010dnosti a umo\u017e\u0148uje, aby slova a t\u00e9mata rezonovala se \u010dten\u00e1\u0159em. P\u0159\u00edb\u011bhy z jin\u00fdch prost\u0159ed\u00ed popisuj\u00ed r\u016fzn\u00e9 \u017eivotn\u00ed osudy oslovuj\u00ed \u0161irok\u00e9 spektrum \u010dten\u00e1\u0159\u016f a nab\u00edz\u00ed inspiraci i motivaci k p\u0159ekon\u00e1v\u00e1n\u00ed p\u0159ek\u00e1\u017eek a dosahov\u00e1n\u00ed sn\u016f.<\/span><\/span><\/p>\n<p>\u00a0<\/p>\n<p><span style=\"vertical-align: inherit;\"><span style=\"vertical-align: inherit;\">Kdy\u017e \u017eena p\u00ed\u0161e \u017een\u011b je oslavou \u017eensk\u00e9 s\u00edly a odolnosti. Ukazuje, \u017ee i ty nejt\u011b\u017e\u0161\u00ed \u017eivotn\u00ed v\u00fdzvy lze zvl\u00e1dnout, i to, jak nesm\u00edrn\u011b d\u016fle\u017eit\u00e9 je sd\u00edlen\u00ed zku\u0161enost\u00ed s ostatn\u00edmi. Knihu s nad\u0161en\u00edm doporu\u010duji \u010dten\u00e1\u0159\u016fm, kte\u0159\u00ed zaj\u00edmaj\u00ed o siln\u00e9 p\u0159\u00edb\u011bhy, i t\u011bm, kte\u0159\u00ed hledaj\u00ed inspiraci a motivaci k p\u0159ekon\u00e1n\u00ed p\u0159ek\u00e1\u017eek \u010di tou\u017e\u00ed l\u00e9pe rozum\u011bt \u017eensk\u00e9 du\u0161i.<\/span><\/span><\/p>\n<p>\u00a0<\/p>\n<p><span style=\"vertical-align: inherit;\"><span style=\"vertical-align: inherit;\">Sv\u00e1 nitra autork\u00e1m Jan\u011b Br\u00e1zdilov\u00e9 a Ivan\u011b Bart\u00e1kov\u00e9 otev\u00edraj\u00ed tyto \u017eeny:<\/span><\/span><\/p>\n<p><span style=\"vertical-align: inherit;\"><span style=\"vertical-align: inherit;\">Abhejali Bernardov\u00e1, Zlata Holu\u0161ov\u00e1, Kristina H\u00f6schlov\u00e1, Veronika Sovadina Ka\u0161\u00e1kov\u00e1, Klaudie Kmentov\u00e1, Kl\u00e1ra Kolouchov\u00e1, Martina Viktorie Kopeck\u00e1, Eva Le Peutrec, Krist\u00edna Nem\u010dkov\u00e1, Petra Nesva\u010dilov\u00e1, Pavl\u00edna Saudkov\u00e1, Andrea Sedl\u00e1\u010dkov\u00e1, Nora Vl\u00e1\u0161kov\u00e1 a Jitka Vod\u0148ansk\u00e1.<\/span><\/span><\/p>\n<p>\u00a0<\/p>\n<p>\u00a0<\/p>\n<p>Autor:\u00a0Kni\u017en\u00ed klub<\/p>\n","protected":false},"excerpt":{"rendered":"<p>Kdy\u017e \u017eena p\u00ed\u0161e \u017een\u011b<\/p>\n<p>Intimn\u00ed pohled do \u017eensk\u00e9ho nitra<\/p>\n<p>V unik\u00e1tn\u00ed kombinaci dopis\u016f a rozhovor\u016f<\/p>\n","protected":false},"author":2,"featured_media":324529,"comment_status":"open","ping_status":"open","sticky":false,"template":"","format":"standard","meta":{"_acf_changed":false,"_monsterinsights_skip_tracking":false,"_monsterinsights_sitenote_active":false,"_monsterinsights_sitenote_note":"","_monsterinsights_sitenote_category":0,"_EventAllDay":false,"_EventTimezone":"","_EventStartDate":"","_EventEndDate":"","_EventStartDateUTC":"","_EventEndDateUTC":"","_EventShowMap":false,"_EventShowMapLink":false,"_EventURL":"","_EventCost":"","_EventCostDescription":"","_EventCurrencySymbol":"","_EventCurrencyCode":"","_EventCurrencyPosition":"","_EventDateTimeSeparator":"","_EventTimeRangeSeparator":"","_EventOrganizerID":[],"_EventVenueID":[],"_OrganizerEmail":"","_OrganizerPhone":"","_OrganizerWebsite":"","_VenueAddress":"","_VenueCity":"","_VenueCountry":"","_VenueProvince":"","_VenueState":"","_VenueZip":"","_VenuePhone":"","_VenueURL":"","_VenueStateProvince":"","_VenueLat":"","_VenueLng":"","_VenueShowMap":false,"_VenueShowMapLink":false,"twitterCardType":"","cardImageID":0,"cardImage":"","cardTitle":"","cardDesc":"","cardImageAlt":"","cardPlayer":"","cardPlayerWidth":0,"cardPlayerHeight":0,"cardPlayerStream":"","cardPlayerCodec":"","footnotes":""},"categories":[7],"tags":[21832],"class_list":["post-324528","post","type-post","status-publish","format-standard","has-post-thumbnail","hentry","category-recenze","tag-literarni-kavarna"],"acf":{"related_products":null},"_links":{"self":[{"href":"https:\/\/www.luxor.cz\/blog\/wp-json\/wp\/v2\/posts\/324528","targetHints":{"allow":["GET"]}}],"collection":[{"href":"https:\/\/www.luxor.cz\/blog\/wp-json\/wp\/v2\/posts"}],"about":[{"href":"https:\/\/www.luxor.cz\/blog\/wp-json\/wp\/v2\/types\/post"}],"author":[{"embeddable":true,"href":"https:\/\/www.luxor.cz\/blog\/wp-json\/wp\/v2\/users\/2"}],"replies":[{"embeddable":true,"href":"https:\/\/www.luxor.cz\/blog\/wp-json\/wp\/v2\/comments?post=324528"}],"version-history":[{"count":0,"href":"https:\/\/www.luxor.cz\/blog\/wp-json\/wp\/v2\/posts\/324528\/revisions"}],"wp:featuredmedia":[{"embeddable":true,"href":"https:\/\/www.luxor.cz\/blog\/wp-json\/wp\/v2\/media\/324529"}],"wp:attachment":[{"href":"https:\/\/www.luxor.cz\/blog\/wp-json\/wp\/v2\/media?parent=324528"}],"wp:term":[{"taxonomy":"category","embeddable":true,"href":"https:\/\/www.luxor.cz\/blog\/wp-json\/wp\/v2\/categories?post=324528"},{"taxonomy":"post_tag","embeddable":true,"href":"https:\/\/www.luxor.cz\/blog\/wp-json\/wp\/v2\/tags?post=324528"}],"curies":[{"name":"wp","href":"https:\/\/api.w.org\/{rel}","templated":true}]}}