{"id":324524,"date":"2024-08-09T10:00:16","date_gmt":"2024-08-09T08:00:16","guid":{"rendered":"https:\/\/www.luxor.cz\/blog\/nezarazene\/64155-podivne-jizvy-vyryte-na-zenskem-a-muzskem-tele-odhali-desive-spiknuti\/"},"modified":"2024-08-09T10:00:16","modified_gmt":"2024-08-09T08:00:16","slug":"64155-podivne-jizvy-vyryte-na-zenskem-a-muzskem-tele-odhali-desive-spiknuti","status":"publish","type":"post","link":"https:\/\/www.luxor.cz\/blog\/recenze\/64155-podivne-jizvy-vyryte-na-zenskem-a-muzskem-tele-odhali-desive-spiknuti\/","title":{"rendered":"Podivn\u00e9 jizvy vyryt\u00e9 na \u017eensk\u00e9m a mu\u017esk\u00e9m t\u011ble odhal\u00ed d\u011bsiv\u00e9 spiknut\u00ed&#8230;"},"content":{"rendered":"<p style=\"font-weight: 400;\">Kniha Jizvy pln\u00e9 beznad\u011bje, o kter\u00e9 je \u0159e\u010d, vznikla \u00fadajn\u011b nepl\u00e1novan\u011b. D\u011bj p\u0159\u00edb\u011bhu byl vy\u0161krtnut z p\u016fvodn\u00ed knihy o Fabianovi. Tento n\u00e1pad vynesl \u010dten\u00e1\u0159\u016fm novou linii p\u0159\u00edb\u011bhu s novou hlavn\u00ed postavou a ne\u010dekan\u011b velk\u00fdm potenci\u00e1lem.<\/p>\n<p style=\"font-weight: 400;\">Tato nov\u00e1 kniha nen\u00ed tak \u00fapln\u011b sou\u010d\u00e1st\u00ed s\u00e9rie s Fabianem Riskem, prost\u0159ed\u00ed je v\u0161ak toto\u017en\u00e9 a postavy zn\u00e1m\u00e9. Pokud v\u0161ak s\u00e9rii s Fabianem zat\u00edm p\u0159e\u010dtenou nem\u00e1te, ale nechce se v\u00e1m zat\u00edm obs\u00e1hlej\u0161\u00ed s\u00e1gu za\u010d\u00ednat, tato kr\u00e1tk\u00e1 jednohubka je ide\u00e1ln\u00edm startem.\u00a0<\/p>\n<p style=\"font-weight: 400;\">Hlavn\u00ed linku p\u0159\u00edb\u011bhu odstartuje vra\u017eda slavn\u00e9 obl\u00edben\u00e9 influencerky. Na prvn\u00ed pohled se vy\u0161et\u0159ovatelce zd\u00e1, \u017ee tuto brut\u00e1ln\u00ed vra\u017edu m\u00e1 na sv\u011bdom\u00ed n\u011bjak\u00fd posedl\u00fd fanou\u0161ek. T\u00e9to teorii se v\u0161ak nad\u0159\u00edzen\u00e9mu v\u011b\u0159it nechce a d\u00e1 to Malin \u0159\u00e1dn\u011b najevo. T\u00edmto se spust\u00ed plej\u00e1da vz\u00e1jemn\u00e9ho nepochopen\u00ed, co\u017e cel\u00e9 vy\u0161et\u0159ov\u00e1n\u00ed prov\u00e1z\u00ed. Linka p\u0159\u00edb\u011bhu se v\u0161ak brzy st\u00e1\u010d\u00ed i jin\u00fdm sm\u011brem a do pop\u0159ed\u00ed se dost\u00e1v\u00e1 st\u00e1le neuzav\u0159en\u00fd pr\u016fb\u011bh vy\u0161et\u0159ov\u00e1n\u00ed obchodu s lidmi. Souvislosti prozat\u00edm v\u0161em unikaj\u00ed.<\/p>\n<p style=\"font-weight: 400;\">Z\u00e1pletka p\u0159\u00edb\u011bhu je zaj\u00edmav\u00e1 a vz\u00e1jemn\u00e9 konflikty mezi vy\u0161et\u0159ovateli dod\u00e1vaj\u00ed pr\u016fb\u011bhu \u0161\u0165\u00e1vu. Vy\u0161et\u0159ovatelka Malin za\u017e\u00edv\u00e1 nep\u0159\u00edjemn\u00e9 obdob\u00ed v osobn\u00edm i pracovn\u00edm \u017eivot\u011b a cel\u00e9 se to prom\u00edt\u00e1 v jej\u00edm mnohdy nelogick\u00e9m a sebest\u0159edn\u00e9m chov\u00e1n\u00ed.<\/p>\n<p style=\"font-weight: 400;\">Pro mne bylo obrovsk\u00fdm p\u0159ekvapen\u00edm, \u017ee se autor ani moc nesna\u017eil vykreslit hlavn\u00ed vy\u0161et\u0159ovatelku v sympatick\u00e9m sv\u011btle. V\u011bt\u0161inou \u010dten\u00e1\u0159e Malin \u0161tve a jej\u00edmu jedn\u00e1n\u00ed nerozum\u00ed. Po p\u0159e\u010dten\u00ed knihy si za\u010d\u00edn\u00e1m myslet, \u017ee to byl z\u00e1m\u011br, a \u017ee v pr\u016fb\u011bhu knihy si i ona projde jak\u00fdmsi v\u00fdvojem, kde nakonec p\u0159izn\u00e1 vlastn\u00ed chyby, co\u017e je pom\u011brn\u011b zaj\u00edmav\u00fd tah, kter\u00fd se moc \u010dasto v detektivk\u00e1ch podobn\u00e9ho typu nevyskytuje.<\/p>\n<p style=\"font-weight: 400;\">Kniha je pom\u011brn\u011b kr\u00e1tk\u00e1, d\u011bj svi\u017en\u00fd, p\u0159\u00edb\u011bh i postavy jsou zaj\u00edmav\u00e9. Autor je mistrem dialog\u016f, kter\u00fdch si v knize u\u017eijeme po\u017eehnan\u011b.\u00a0<\/p>\n<p style=\"font-weight: 400;\">Se\u010dteno a podtr\u017eeno, jedn\u00e1 se o \u010dtiv\u00fd za\u010d\u00e1tek nov\u00e9 s\u00e9rie a v\u011b\u0159\u00edm, \u017ee ta bude m\u00edt vzestupnou tendenci, tak jak je u autora zvykem.<\/p>\n<p style=\"font-weight: 400;\">\u00a0<\/p>\n<p style=\"font-weight: 400;\">\u00a0<\/p>\n<p style=\"font-weight: 400;\">Kate\u0159ina M\u00e1lkov\u00e1<\/p>\n<p>Autor:\u00a0Kate\u0159ina M\u00e1lkov\u00e1<\/p>\n","protected":false},"excerpt":{"rendered":"<p>Obl\u00edben\u00fd \u0161v\u00e9dsk\u00fd spisovatel Stefan Ahnhem si ji\u017e \u010dten\u00e1\u0159e z\u00edskal sv\u00fdmi detektivkami, ve kter\u00fdch je hlavn\u00edm vy\u0161et\u0159ovatelem \u0161v\u00e9dsk\u00fd detektiv Fabian Risk. V nov\u00e9 s\u00e9rii se dost\u00e1v\u00e1 do pop\u0159ed\u00ed Fabianova specifick\u00e1 b\u00fdval\u00e1 kolegyn\u011b Malin Rehnbergov\u00e1.<\/p>\n","protected":false},"author":2,"featured_media":324525,"comment_status":"open","ping_status":"open","sticky":false,"template":"","format":"standard","meta":{"_acf_changed":false,"_monsterinsights_skip_tracking":false,"_monsterinsights_sitenote_active":false,"_monsterinsights_sitenote_note":"","_monsterinsights_sitenote_category":0,"_EventAllDay":false,"_EventTimezone":"","_EventStartDate":"","_EventEndDate":"","_EventStartDateUTC":"","_EventEndDateUTC":"","_EventShowMap":false,"_EventShowMapLink":false,"_EventURL":"","_EventCost":"","_EventCostDescription":"","_EventCurrencySymbol":"","_EventCurrencyCode":"","_EventCurrencyPosition":"","_EventDateTimeSeparator":"","_EventTimeRangeSeparator":"","_EventOrganizerID":[],"_EventVenueID":[],"_OrganizerEmail":"","_OrganizerPhone":"","_OrganizerWebsite":"","_VenueAddress":"","_VenueCity":"","_VenueCountry":"","_VenueProvince":"","_VenueState":"","_VenueZip":"","_VenuePhone":"","_VenueURL":"","_VenueStateProvince":"","_VenueLat":"","_VenueLng":"","_VenueShowMap":false,"_VenueShowMapLink":false,"twitterCardType":"","cardImageID":0,"cardImage":"","cardTitle":"","cardDesc":"","cardImageAlt":"","cardPlayer":"","cardPlayerWidth":0,"cardPlayerHeight":0,"cardPlayerStream":"","cardPlayerCodec":"","footnotes":""},"categories":[7],"tags":[21832],"class_list":["post-324524","post","type-post","status-publish","format-standard","has-post-thumbnail","hentry","category-recenze","tag-literarni-kavarna"],"acf":{"related_products":null},"_links":{"self":[{"href":"https:\/\/www.luxor.cz\/blog\/wp-json\/wp\/v2\/posts\/324524","targetHints":{"allow":["GET"]}}],"collection":[{"href":"https:\/\/www.luxor.cz\/blog\/wp-json\/wp\/v2\/posts"}],"about":[{"href":"https:\/\/www.luxor.cz\/blog\/wp-json\/wp\/v2\/types\/post"}],"author":[{"embeddable":true,"href":"https:\/\/www.luxor.cz\/blog\/wp-json\/wp\/v2\/users\/2"}],"replies":[{"embeddable":true,"href":"https:\/\/www.luxor.cz\/blog\/wp-json\/wp\/v2\/comments?post=324524"}],"version-history":[{"count":0,"href":"https:\/\/www.luxor.cz\/blog\/wp-json\/wp\/v2\/posts\/324524\/revisions"}],"wp:featuredmedia":[{"embeddable":true,"href":"https:\/\/www.luxor.cz\/blog\/wp-json\/wp\/v2\/media\/324525"}],"wp:attachment":[{"href":"https:\/\/www.luxor.cz\/blog\/wp-json\/wp\/v2\/media?parent=324524"}],"wp:term":[{"taxonomy":"category","embeddable":true,"href":"https:\/\/www.luxor.cz\/blog\/wp-json\/wp\/v2\/categories?post=324524"},{"taxonomy":"post_tag","embeddable":true,"href":"https:\/\/www.luxor.cz\/blog\/wp-json\/wp\/v2\/tags?post=324524"}],"curies":[{"name":"wp","href":"https:\/\/api.w.org\/{rel}","templated":true}]}}