{"id":324520,"date":"2024-08-17T10:00:38","date_gmt":"2024-08-17T08:00:38","guid":{"rendered":"https:\/\/www.luxor.cz\/blog\/nezarazene\/64157-tri-dny-vaseho-zivota\/"},"modified":"2024-08-17T10:00:38","modified_gmt":"2024-08-17T08:00:38","slug":"64157-tri-dny-vaseho-zivota","status":"publish","type":"post","link":"https:\/\/www.luxor.cz\/blog\/recenze\/64157-tri-dny-vaseho-zivota\/","title":{"rendered":"T\u0159i dny va\u0161eho \u017eivota"},"content":{"rendered":"<p style=\"font-weight: 400;\">Seznamte se s\u00a0Robbiem, jeho sestrou Isabel a jej\u00ed rodinou. Poznejte jejich \u017eivoty, l\u00e1sky, probl\u00e9my i \u017eivotn\u00ed strasti. Je to komorn\u00ed p\u0159\u00edb\u011bh o vztaz\u00edch za \u010das\u016f b\u011b\u017en\u00fdch i t\u011bch covidov\u00fdch, kter\u00e9 poznamenaly na\u0161e osudy.<\/p>\n<p style=\"font-weight: 400;\">Toto byl pro m\u011b tak kr\u00e1sn\u00fd, i kdy\u017e smutn\u00fd, p\u0159\u00edb\u011bh. Celou rodinu jsem si okam\u017eit\u011b zamilovala. V\u0161ichni mi byli bl\u00edzc\u00ed, bylo mi s\u00a0nimi dob\u0159e a p\u0159ipadalo mi, \u017ee se s\u00a0nimi zn\u00e1m ji\u017e cel\u00e9 roky. Pro\u017e\u00edvala jsem tak jejich ka\u017edodenn\u00ed probl\u00e9my i nelehk\u00e1 rozhodnut\u00ed. Je to p\u0159\u00edb\u011bh nejen o rodin\u011b, d\u011btech, ale i o odpov\u011bdnosti a ztr\u00e1t\u00e1ch. Nav\u00edc je tu tolik emoc\u00ed! V\u00a0knize mi bylo smutno, c\u00edtila jsem jejich bolest i bezmoc. A naopak radost s\u00a0malou Violet.<\/p>\n<p style=\"font-weight: 400;\">Kniha n\u00e1s donut\u00ed zamyslet se nad na\u0161\u00edm \u017eivotem a nad vztahy s\u00a0na\u0161imi nejbli\u017e\u0161\u00edmi. Mo\u017en\u00e1 se v\u00a0p\u0159\u00edb\u011bhu najdete, mo\u017en\u00e1 v\u00e1s jen popostr\u010d\u00ed tou spr\u00e1vnou cestou.<\/p>\n<p style=\"font-weight: 400;\">Na knize je rozhodn\u011b zaj\u00edmav\u00e1 i ob\u00e1lka. Odeon se rozhodl pro spolupr\u00e1ci s\u00a0um\u011bleck\u00fdmi \u0161kolami a pro sv\u00e9 knihy ze Sv\u011btov\u00e9 knihovny oslovil za\u010d\u00ednaj\u00edc\u00ed um\u011blce \u2013 studenty. Je to krok k\u00a0propojen\u00ed literatury a vizu\u00e1ln\u00edho um\u011bn\u00ed a j\u00e1 tomu opravdu tlesk\u00e1m. Skv\u011bl\u00fd n\u00e1pad!<\/p>\n<p style=\"font-weight: 400;\">Od Michaela Cunninghama jsem \u010detla zat\u00edm jen Hodiny, ale po p\u0159e\u010dten\u00ed Dne jsem si jist\u00e1, \u017ee pot\u0159ebuji i dal\u0161\u00ed jeho knihy.<\/p>\n<p style=\"font-weight: 400;\">Otev\u0159ete va\u0161e dve\u0159e i srdce, a pozv\u011bte k\u00a0v\u00e1m na n\u00e1v\u0161t\u011bvu Isabel, Robbieho i Dana. A pozdravujte je ode m\u011b, u\u017e te\u010f se mi po nich st\u00fdsk\u00e1.<\/p>\n<p style=\"font-weight: 400;\">\u00a0<\/p>\n<p style=\"font-weight: 400;\">\u00a0<\/p>\n<p style=\"font-weight: 400;\">Eva Francov\u00e1<\/p>\n<p>Autor:\u00a0Eva Francov\u00e1<\/p>\n","protected":false},"excerpt":{"rendered":"<p>Jen prvn\u00ed v\u011bta v\u00a0knize mi sta\u010dila, aby mi bylo jasn\u00e9, \u017ee tento p\u0159\u00edb\u011bh se mi bude l\u00edbit, nebo\u0165 Michael Cunningham je pro m\u011b Pan spisovatel.<\/p>\n","protected":false},"author":2,"featured_media":324521,"comment_status":"open","ping_status":"open","sticky":false,"template":"","format":"standard","meta":{"_acf_changed":false,"_monsterinsights_skip_tracking":false,"_monsterinsights_sitenote_active":false,"_monsterinsights_sitenote_note":"","_monsterinsights_sitenote_category":0,"_EventAllDay":false,"_EventTimezone":"","_EventStartDate":"","_EventEndDate":"","_EventStartDateUTC":"","_EventEndDateUTC":"","_EventShowMap":false,"_EventShowMapLink":false,"_EventURL":"","_EventCost":"","_EventCostDescription":"","_EventCurrencySymbol":"","_EventCurrencyCode":"","_EventCurrencyPosition":"","_EventDateTimeSeparator":"","_EventTimeRangeSeparator":"","_EventOrganizerID":[],"_EventVenueID":[],"_OrganizerEmail":"","_OrganizerPhone":"","_OrganizerWebsite":"","_VenueAddress":"","_VenueCity":"","_VenueCountry":"","_VenueProvince":"","_VenueState":"","_VenueZip":"","_VenuePhone":"","_VenueURL":"","_VenueStateProvince":"","_VenueLat":"","_VenueLng":"","_VenueShowMap":false,"_VenueShowMapLink":false,"twitterCardType":"","cardImageID":0,"cardImage":"","cardTitle":"","cardDesc":"","cardImageAlt":"","cardPlayer":"","cardPlayerWidth":0,"cardPlayerHeight":0,"cardPlayerStream":"","cardPlayerCodec":"","footnotes":""},"categories":[7],"tags":[21832],"class_list":["post-324520","post","type-post","status-publish","format-standard","has-post-thumbnail","hentry","category-recenze","tag-literarni-kavarna"],"acf":{"related_products":null},"_links":{"self":[{"href":"https:\/\/www.luxor.cz\/blog\/wp-json\/wp\/v2\/posts\/324520","targetHints":{"allow":["GET"]}}],"collection":[{"href":"https:\/\/www.luxor.cz\/blog\/wp-json\/wp\/v2\/posts"}],"about":[{"href":"https:\/\/www.luxor.cz\/blog\/wp-json\/wp\/v2\/types\/post"}],"author":[{"embeddable":true,"href":"https:\/\/www.luxor.cz\/blog\/wp-json\/wp\/v2\/users\/2"}],"replies":[{"embeddable":true,"href":"https:\/\/www.luxor.cz\/blog\/wp-json\/wp\/v2\/comments?post=324520"}],"version-history":[{"count":0,"href":"https:\/\/www.luxor.cz\/blog\/wp-json\/wp\/v2\/posts\/324520\/revisions"}],"wp:featuredmedia":[{"embeddable":true,"href":"https:\/\/www.luxor.cz\/blog\/wp-json\/wp\/v2\/media\/324521"}],"wp:attachment":[{"href":"https:\/\/www.luxor.cz\/blog\/wp-json\/wp\/v2\/media?parent=324520"}],"wp:term":[{"taxonomy":"category","embeddable":true,"href":"https:\/\/www.luxor.cz\/blog\/wp-json\/wp\/v2\/categories?post=324520"},{"taxonomy":"post_tag","embeddable":true,"href":"https:\/\/www.luxor.cz\/blog\/wp-json\/wp\/v2\/tags?post=324520"}],"curies":[{"name":"wp","href":"https:\/\/api.w.org\/{rel}","templated":true}]}}