{"id":324518,"date":"2024-08-20T10:00:38","date_gmt":"2024-08-20T08:00:38","guid":{"rendered":"https:\/\/www.luxor.cz\/blog\/nezarazene\/64158-nektere-ciny-maji-kosmicke-nasledky\/"},"modified":"2024-08-20T10:00:38","modified_gmt":"2024-08-20T08:00:38","slug":"64158-nektere-ciny-maji-kosmicke-nasledky","status":"publish","type":"post","link":"https:\/\/www.luxor.cz\/blog\/recenze\/64158-nektere-ciny-maji-kosmicke-nasledky\/","title":{"rendered":"N\u011bkter\u00e9 \u010diny maj\u00ed kosmick\u00e9 n\u00e1sledky"},"content":{"rendered":"<p style=\"font-weight: 400;\">V jeho p\u016fvodn\u00ed realit\u011b je jeho rodina pr\u016fm\u011brn\u00e1, jak s\u00e1m \u0159\u00edk\u00e1, ne\u017eij\u00ed si \u0161patn\u011b. M\u00e1ma pracuje jako nutri\u010dn\u00ed poradkyn\u011b. Otec, s n\u00edm\u017e sd\u00edl\u00ed l\u00e1sku k fotbalu, ve velkoobchod\u011b s n\u00e1hradn\u00edmi d\u00edly. A m\u00e1 mlad\u0161\u00edho bratra, kter\u00e9ho nesn\u00e1\u0161\u00ed. Pak je tu jeho nejlep\u0161\u00ed kamar\u00e1d Leo, jeho sestra Angela, kamar\u00e1dka Katie (co chod\u00ed s blbcem a on nech\u00e1pe pro\u010d) a cel\u00fd fotbalov\u00fd t\u00fdm. T\u011bm v\u0161em Ash zm\u011bn\u00ed \u017eivot. A hlavn\u011b zm\u011bn\u00ed sebe, sv\u016fj pohled na sv\u011bt a na lidi kolem. Tedy, pokud ho ta schopnost d\u0159\u00edv nezabije\u2026<\/p>\n<p style=\"font-weight: 400;\">\u00dapln\u011b prvn\u00ed zm\u011bna nastane omylem. Barva dopravn\u00ed stopky se zm\u011bn\u00ed z \u010derven\u00e9 na modrou. A Ash za\u010d\u00edn\u00e1 uva\u017eovat nad t\u00edm, \u017ee mu mo\u017en\u00e1 p\u0159esko\u010dilo, kdy\u017e si v\u011bci pamatuje jinak. Jen\u017ee pak zm\u011bny pokra\u010duj\u00ed\u2026 A on se dostane do sv\u011bta, kde se mu v\u016fbec nel\u00edb\u00ed. Nen\u00ed spokojen\u00fd s t\u00edm, k\u00fdm se v t\u00e9hle realit\u011b stal. Ani se spole\u010dnost\u00ed jako takovou. A nem\u016f\u017ee uv\u011b\u0159it tomu, co v\u0161echno zp\u016fsobil lidem, kter\u00fdch mu z\u00e1le\u017e\u00ed. Na druhou stranu u\u017e nepoch\u00e1z\u00ed z pr\u016fm\u011brn\u011b chud\u00e9 rodiny. A bratr ho m\u00e1 r\u00e1d. Bude jednodu\u0161\u0161\u00ed z\u016fstat tady a sna\u017eit se napravit to zl\u00e9, nebo se vydat jinam?<\/p>\n<p style=\"font-weight: 400;\">Dok\u00e1zal by je\u0161t\u011b v\u016fbec naj\u00edt svou p\u016fvodn\u00ed realitu? Pro\u010d by se tam ale m\u011bl cht\u00edt v\u016fbec vracet, kdy\u017e m\u016f\u017ee vytvo\u0159it \u00fapln\u011b jin\u00fd sv\u011bt. Lep\u0161\u00ed sv\u011bt. Nebo ne? Kolikr\u00e1t m\u016f\u017eete svou snahu zvrtat, ne\u017e s v\u00e1mi vesm\u00edru samotn\u00e9mu dojde trp\u011blivost? A co se stane potom?<\/p>\n<p style=\"font-weight: 400;\">Tohle je p\u0159\u00edb\u011bh, kter\u00fd ukazuje na lidsk\u00e9 nedostatky. Rasovou nesn\u00e1\u0161enlivost, p\u0159ijet\u00ed v\u011bt\u0161inov\u00e9 spole\u010dnosti LGBT jedinc\u016f, dom\u00e1c\u00ed n\u00e1sil\u00ed, nebo t\u0159eba i vn\u00edm\u00e1n\u00ed postaven\u00ed \u017een a mu\u017e\u016f ve spole\u010dnosti. \u0158ekla bych, \u017ee zde nejde ani tak o p\u0159\u00edb\u011bh samotn\u00fd (nic proti Ashovi \u2013 cel\u00e9ho putov\u00e1n\u00ed vesm\u00edrem je zaj\u00edmav\u00e9 a origin\u00e1ln\u00ed) jako sp\u00ed\u0161 o to, co se sna\u017e\u00ed sd\u011blit. A t\u011bch my\u0161lenek je opravdu hodn\u011b\u2026 Bez ust\u00e1n\u00ed v\u00e1s to bude nutit k zamy\u0161len\u00ed. Nad lidmi. A nad \u017eivotem.<\/p>\n<p style=\"font-weight: 400;\">Ale zp\u011bt k p\u0159\u00edb\u011bhu\u2026 Co kdy\u017e bude Ash vesm\u00edr tvarovat tak dlouho, a\u017e zm\u011bn\u00ed s\u00e1m sebe? A k\u00fdm bude, dostane-li se na konec? Kdyby jedin\u00e1 cesta, jak ostatn\u00edm darovat lep\u0161\u00ed sv\u011bt, byla ob\u011btovat svou malou existenci, ud\u011blali byste to?<\/p>\n<p style=\"font-weight: 400;\">Pokud m\u00e1te r\u00e1di alternativn\u00ed reality, efekt mot\u00fdl\u00edch k\u0159\u00eddel a podobn\u00e9 sci-fi z\u00e1le\u017eitosti ur\u010dit\u011b si p\u0159\u00edb\u011bh u\u017eijete. Prom\u011bnliv\u00e9 reality zaru\u010d\u00ed, \u017ee absolutn\u011b netu\u0161\u00edte, jak to cel\u00e9 dopadne. Proto\u017ee vztahy mezi postavami se tu neust\u00e1le m\u011bn\u00ed a vyv\u00edj\u00ed. Tvo\u0159\u00ed to ojedin\u011blou d\u011bjovou linku. A vy kn\u00ed\u017eku neodlo\u017e\u00edte, dokud nezjist\u00edte, co skr\u00fdv\u00e1 posledn\u00ed str\u00e1nka.<\/p>\n<p style=\"font-weight: 400;\">\u00a0<\/p>\n<p style=\"font-weight: 400;\">\u00a0<\/p>\n<p style=\"font-weight: 400;\">Sacharin<\/p>\n<p>Autor:\u00a0Sacharin<\/p>\n","protected":false},"excerpt":{"rendered":"<p>V\u011b\u0159\u00edte v multivesm\u00edr? Cht\u011bli byste um\u011bt zm\u011bnit realitu? Ash to \u0161t\u011bst\u00ed m\u00e1. Stal se z n\u011bho st\u0159edobod vesm\u00edru. Jen kdyby sv\u00e9 schopnosti um\u011bl ovl\u00e1dat.<\/p>\n","protected":false},"author":2,"featured_media":324519,"comment_status":"open","ping_status":"open","sticky":false,"template":"","format":"standard","meta":{"_acf_changed":false,"_monsterinsights_skip_tracking":false,"_monsterinsights_sitenote_active":false,"_monsterinsights_sitenote_note":"","_monsterinsights_sitenote_category":0,"_EventAllDay":false,"_EventTimezone":"","_EventStartDate":"","_EventEndDate":"","_EventStartDateUTC":"","_EventEndDateUTC":"","_EventShowMap":false,"_EventShowMapLink":false,"_EventURL":"","_EventCost":"","_EventCostDescription":"","_EventCurrencySymbol":"","_EventCurrencyCode":"","_EventCurrencyPosition":"","_EventDateTimeSeparator":"","_EventTimeRangeSeparator":"","_EventOrganizerID":[],"_EventVenueID":[],"_OrganizerEmail":"","_OrganizerPhone":"","_OrganizerWebsite":"","_VenueAddress":"","_VenueCity":"","_VenueCountry":"","_VenueProvince":"","_VenueState":"","_VenueZip":"","_VenuePhone":"","_VenueURL":"","_VenueStateProvince":"","_VenueLat":"","_VenueLng":"","_VenueShowMap":false,"_VenueShowMapLink":false,"twitterCardType":"","cardImageID":0,"cardImage":"","cardTitle":"","cardDesc":"","cardImageAlt":"","cardPlayer":"","cardPlayerWidth":0,"cardPlayerHeight":0,"cardPlayerStream":"","cardPlayerCodec":"","footnotes":""},"categories":[7],"tags":[21832],"class_list":["post-324518","post","type-post","status-publish","format-standard","has-post-thumbnail","hentry","category-recenze","tag-literarni-kavarna"],"acf":{"related_products":null},"_links":{"self":[{"href":"https:\/\/www.luxor.cz\/blog\/wp-json\/wp\/v2\/posts\/324518","targetHints":{"allow":["GET"]}}],"collection":[{"href":"https:\/\/www.luxor.cz\/blog\/wp-json\/wp\/v2\/posts"}],"about":[{"href":"https:\/\/www.luxor.cz\/blog\/wp-json\/wp\/v2\/types\/post"}],"author":[{"embeddable":true,"href":"https:\/\/www.luxor.cz\/blog\/wp-json\/wp\/v2\/users\/2"}],"replies":[{"embeddable":true,"href":"https:\/\/www.luxor.cz\/blog\/wp-json\/wp\/v2\/comments?post=324518"}],"version-history":[{"count":0,"href":"https:\/\/www.luxor.cz\/blog\/wp-json\/wp\/v2\/posts\/324518\/revisions"}],"wp:featuredmedia":[{"embeddable":true,"href":"https:\/\/www.luxor.cz\/blog\/wp-json\/wp\/v2\/media\/324519"}],"wp:attachment":[{"href":"https:\/\/www.luxor.cz\/blog\/wp-json\/wp\/v2\/media?parent=324518"}],"wp:term":[{"taxonomy":"category","embeddable":true,"href":"https:\/\/www.luxor.cz\/blog\/wp-json\/wp\/v2\/categories?post=324518"},{"taxonomy":"post_tag","embeddable":true,"href":"https:\/\/www.luxor.cz\/blog\/wp-json\/wp\/v2\/tags?post=324518"}],"curies":[{"name":"wp","href":"https:\/\/api.w.org\/{rel}","templated":true}]}}